{"id":100453,"date":"2023-05-08T16:11:14","date_gmt":"2023-05-08T14:11:14","guid":{"rendered":"https:\/\/goingapp.pl\/more\/?p=100453"},"modified":"2023-07-31T15:19:20","modified_gmt":"2023-07-31T13:19:20","slug":"autorki-ya-rodzina-monet-targi-ksiazki","status":"publish","type":"post","link":"https:\/\/goingapp.pl\/more\/autorki-ya-rodzina-monet-targi-ksiazki\/","title":{"rendered":"Autorki najpopularniejszych powie\u015bci YA w maju przejmuj\u0105 Warszaw\u0119"},"content":{"rendered":"\n<h2 class=\"wp-block-heading\">6 idolek m\u0142odego pokolenia czytelnik\u00f3w, czyli autorek najpoczytniejszych polskich powie\u015bci m\u0142odzie\u017cowych, rozgo\u015bci si\u0119 w stolicy. W czasie Targ\u00f3w Ksi\u0105\u017cki Empiku od 17 do 30 maja b\u0119dzie mo\u017cna spotka\u0107 Weronik\u0119 Ann\u0119 Marczak, Katarzyn\u0119 Barli\u0144sk\u0105, Natali\u0119 Fromuth, Monik\u0119 Rutk\u0119, Mart\u0119 \u0141ab\u0119ck\u0105 oraz Monik\u0119 Marsza\u0142ek. <\/h2>\n\n\n\n<p>Nawet pobie\u017cne spojrzenie na listy bestseller\u00f3w nie zostawia w\u0105tpliwo\u015bci <strong>\u2013<\/strong> polskie autorki Young Adult s\u0105 totalnie na fali. Ich powie\u015bci schodz\u0105 z p\u00f3\u0142ek w ksi\u0119garniach szybciej ni\u017c jakiekolwiek inne ksi\u0105\u017cki. Odpowiadaj\u0105c na zainteresowanie ich tw\u00f3rczo\u015bci\u0105, Empik przygotowa\u0142  dla czytelnik\u00f3w i czytelniczek liczne niespodzianki. Jedn\u0105 z nich jest z pewno\u015bci\u0105 wydarzenie <strong>Young Power House<\/strong>. <\/p>\n\n\n\n<p>Katarzyna, Natalia, Monika, Marta oraz Monika b\u0119d\u0105 na Was czeka\u0107 26 maja w specjalnie zaaran\u017cowanej kamienicy w centrum Warszawy. Do \u015brodka wejdziecie w ma\u0142ych grupach pod opiek\u0105 przewodnik\u00f3w. Przemieszczaj\u0105c si\u0119 po zamkni\u0119tej przestrzeni, odkryjecie fragmenty, nawi\u0105zuj\u0105ce do tw\u00f3rczo\u015bci autorek. Z ka\u017cd\u0105 z nich sp\u0119dzicie te\u017c chwil\u0119 czasu, zdob\u0119dziecie autograf czy zrobicie wsp\u00f3lne zdj\u0119cie. Ca\u0142o\u015b\u0107 do\u015bwiadczenia potrwa oko\u0142o godziny. <\/p>\n\n\n\n<div style=\"height:20px\" aria-hidden=\"true\" class=\"wp-block-spacer\"><\/div>\n\n\n\n<h2 class=\"has-text-align-center has-background wp-block-heading\" style=\"background-color:#feff05\"><a href=\"https:\/\/goingapp.pl\/wydarzenie\/young-power-house\/maj-2023\" target=\"_blank\" rel=\"noreferrer noopener\">Bilety trafi\u0105 do sprzeda\u017cy 9 maja o godz. 13:00<\/a><\/h2>\n\n\n\n<div style=\"height:20px\" aria-hidden=\"true\" class=\"wp-block-spacer\"><\/div>\n\n\n\n<figure class=\"wp-block-image size-large is-resized\"><img loading=\"lazy\" decoding=\"async\" src=\"https:\/\/goingapp.pl\/more\/wp-content\/uploads\/2023\/05\/image_processing20230505-480348-1pt0ej7-819x1024.jpeg\" alt=\"pok\u00f3j monet\" class=\"wp-image-100466\" width=\"614\" height=\"768\" srcset=\"https:\/\/goingapp.pl\/more\/wp-content\/uploads\/2023\/05\/image_processing20230505-480348-1pt0ej7-819x1024.jpeg 819w, https:\/\/goingapp.pl\/more\/wp-content\/uploads\/2023\/05\/image_processing20230505-480348-1pt0ej7-240x300.jpeg 240w, https:\/\/goingapp.pl\/more\/wp-content\/uploads\/2023\/05\/image_processing20230505-480348-1pt0ej7-370x463.jpeg 370w, https:\/\/goingapp.pl\/more\/wp-content\/uploads\/2023\/05\/image_processing20230505-480348-1pt0ej7-185x231.jpeg 185w, https:\/\/goingapp.pl\/more\/wp-content\/uploads\/2023\/05\/image_processing20230505-480348-1pt0ej7-20x25.jpeg 20w, https:\/\/goingapp.pl\/more\/wp-content\/uploads\/2023\/05\/image_processing20230505-480348-1pt0ej7-400x500.jpeg 400w, https:\/\/goingapp.pl\/more\/wp-content\/uploads\/2023\/05\/image_processing20230505-480348-1pt0ej7-38x48.jpeg 38w\" sizes=\"(max-width: 614px) 100vw, 614px\" \/><figcaption>Weronika Anna Marczak, fot. mat. promocyjne<\/figcaption><\/figure>\n\n\n\n<div style=\"height:20px\" aria-hidden=\"true\" class=\"wp-block-spacer\"><\/div>\n\n\n\n<p>Weronik\u0119 Ann\u0119 Marczak spotkacie za to w pokoju Hailie Monet, czyli przestrzeni inspirowanej bohaterk\u0105 serii <em>Rodzina Monet<\/em>. Instalacja otworzy si\u0119 w Pasa\u017cu Wiecha w \u015brod\u0119 17 maja o godz. 16:00 i wtedy rozpocznie si\u0119 te\u017c pierwsza sesja autograf\u00f3w z autork\u0105. Je\u015bli nie uda si\u0119 Wam za pierwszym razem, macie drug\u0105 szans\u0119 w sobot\u0119 27 maja o godz. 12:00. Pok\u00f3j Monet b\u0119dzie czynny przez ca\u0142y czas trwania Targ\u00f3w, czyli do 30 maja. Na miejscu kupicie r\u00f3wnie\u017c ksi\u0105\u017cki, w tym (premierowo!) <em>Pere\u0142k\u0119. Rodzina Monet. Tom 3. Cz\u0119\u015b\u0107 1<\/em>.<\/p>\n\n\n\n<p>Targi Ksi\u0105\u017cki Empiku to cykliczne wydarzenie, zbieraj\u0105ce autor\u00f3w i autorki m.in. literatury pi\u0119knej, obyczajowej i m\u0142odzie\u017cowej. Spotkania odbywaj\u0105 si\u0119 on-line i stacjonarnie. Najbli\u017csza edycja rozpocznie si\u0119 17 maja i potrwa do 30 maja. <\/p>\n\n\n\n<div style=\"height:20px\" aria-hidden=\"true\" class=\"wp-block-spacer\"><\/div>\n\n\n\n<h3 class=\"has-text-align-center has-background wp-block-heading\" style=\"background-color:#feff05\"><a href=\"https:\/\/empik.com\/targi-ksiazki\" target=\"_blank\" rel=\"noreferrer noopener nofollow\">Tutaj pe\u0142ny program Targ\u00f3w Ksi\u0105\u017cki Empiku<\/a><\/h3>\n\n\n\n<p><\/p>\n","protected":false},"excerpt":{"rendered":"<p>6 idolek m\u0142odego pokolenia czytelnik\u00f3w, czyli autorek najpoczytniejszych polskich powie\u015bci m\u0142odzie\u017cowych, rozgo\u015bci si\u0119 w stolicy. W czasie Targ\u00f3w Ksi\u0105\u017cki Empiku od 17 do 30 maja b\u0119dzie mo\u017cna spotka\u0107 Weronik\u0119 Ann\u0119 Marczak, Katarzyn\u0119 Barli\u0144sk\u0105, Natali\u0119 Fromuth, Monik\u0119 Rutk\u0119, Mart\u0119 \u0141ab\u0119ck\u0105 oraz Monik\u0119 Marsza\u0142ek. Nawet pobie\u017cne spojrzenie na listy bestseller\u00f3w nie zostawia w\u0105tpliwo\u015bci \u2013 polskie autorki Young&hellip;<\/p>\n","protected":false},"author":5,"featured_media":100463,"comment_status":"closed","ping_status":"open","sticky":false,"template":"","format":"standard","meta":{"footnotes":"","_wpscppro_custom_social_share_image":0,"_facebook_share_type":"","_twitter_share_type":"","_linkedin_share_type":"","_pinterest_share_type":"","_linkedin_share_type_page":"","_instagram_share_type":"","_selected_social_profile":[]},"categories":[6677],"tags":[3248,3520,6153,6966],"thb-sponsors":[],"class_list":["post-100453","post","type-post","status-publish","format-standard","has-post-thumbnail","hentry","category-news-miasto","tag-ksiazki","tag-miasto","tag-targi-ksiazki-empiku","tag-young-adult","parent_cat_kultura"],"publishpress_future_action":{"enabled":false,"date":"2026-05-08 02:09:07","action":"change-status","newStatus":"draft","terms":[],"taxonomy":"category"},"publishpress_future_workflow_manual_trigger":{"enabledWorkflows":[]},"_links":{"self":[{"href":"https:\/\/goingapp.pl\/more\/wp-json\/wp\/v2\/posts\/100453"}],"collection":[{"href":"https:\/\/goingapp.pl\/more\/wp-json\/wp\/v2\/posts"}],"about":[{"href":"https:\/\/goingapp.pl\/more\/wp-json\/wp\/v2\/types\/post"}],"author":[{"embeddable":true,"href":"https:\/\/goingapp.pl\/more\/wp-json\/wp\/v2\/users\/5"}],"replies":[{"embeddable":true,"href":"https:\/\/goingapp.pl\/more\/wp-json\/wp\/v2\/comments?post=100453"}],"version-history":[{"count":18,"href":"https:\/\/goingapp.pl\/more\/wp-json\/wp\/v2\/posts\/100453\/revisions"}],"predecessor-version":[{"id":100476,"href":"https:\/\/goingapp.pl\/more\/wp-json\/wp\/v2\/posts\/100453\/revisions\/100476"}],"wp:featuredmedia":[{"embeddable":true,"href":"https:\/\/goingapp.pl\/more\/wp-json\/wp\/v2\/media\/100463"}],"wp:attachment":[{"href":"https:\/\/goingapp.pl\/more\/wp-json\/wp\/v2\/media?parent=100453"}],"wp:term":[{"taxonomy":"category","embeddable":true,"href":"https:\/\/goingapp.pl\/more\/wp-json\/wp\/v2\/categories?post=100453"},{"taxonomy":"post_tag","embeddable":true,"href":"https:\/\/goingapp.pl\/more\/wp-json\/wp\/v2\/tags?post=100453"},{"taxonomy":"thb-sponsors","embeddable":true,"href":"https:\/\/goingapp.pl\/more\/wp-json\/wp\/v2\/thb-sponsors?post=100453"}],"curies":[{"name":"wp","href":"https:\/\/api.w.org\/{rel}","templated":true}]}}