{"id":101752,"date":"2023-06-15T15:26:03","date_gmt":"2023-06-15T13:26:03","guid":{"rendered":"https:\/\/goingapp.pl\/more\/?p=101752"},"modified":"2023-07-31T18:16:41","modified_gmt":"2023-07-31T16:16:41","slug":"kacperczyk-trasa-konca-swiata-miasta-bilety","status":"publish","type":"post","link":"https:\/\/goingapp.pl\/more\/kacperczyk-trasa-konca-swiata-miasta-bilety\/","title":{"rendered":"Kacperczyk pojedzie w Polsk\u0119. Znamy przystanki jego trasy!"},"content":{"rendered":"\n<h2 class=\"wp-block-heading\">Kacperczyk szykuje si\u0119 do wydania trzeciego albumu, kt\u00f3ry b\u0119dzie zatytu\u0142owany Pokolenie Ko\u0144ca \u015awiata. Fani duetu b\u0119d\u0105 mogli zobaczy\u0107 braci na \u017cywo w kilku polskich miastach.<\/h2>\n\n\n\n<div style=\"height:20px\" aria-hidden=\"true\" class=\"wp-block-spacer\"><\/div>\n\n\n\n<h3 class=\"wp-block-heading\">Pracowity czas<\/h3>\n\n\n\n<p>Bracia <strong>Kacperczyk<\/strong> s\u0105 stale na wznosz\u0105cej, co nie powinno dziwi\u0107 nikogo, kto przygl\u0105da si\u0119 ich ruchom. Tegoroczn\u0105 ofensyw\u0119 wydawnicz\u0105 rozpocz\u0119li na pocz\u0105tku maja. Wtedy w sieci ukaza\u0142 si\u0119 singiel <em><a href=\"https:\/\/open.spotify.com\/album\/6FJ15JWy6crs3ZUg7S8W3E\" target=\"_blank\" rel=\"noreferrer noopener nofollow\">Moje Najlepsze Lata<\/a><\/em>, zwiastuj\u0105cy nadej\u015bcie kolejnego kr\u0105\u017cka lubelskich artyst\u00f3w. Chwil\u0119 p\u00f3\u017aniej s\u0142uchacze mogli zapozna\u0107 si\u0119 z <a href=\"https:\/\/www.youtube.com\/watch?v=EkjSpwQ8hvw\" target=\"_blank\" rel=\"noreferrer noopener nofollow\"><em>Pokoleniem Ko\u0144ca \u015awiata<\/em>,<\/a> tytu\u0142owym utworem z materia\u0142u (ca\u0142o\u015b\u0107 uka\u017ce si\u0119 23 czerwca), a z perspektywy ledwie paru tygodni mo\u017cna uzna\u0107, \u017ce by\u0142 to ledwie wst\u0119p do wi\u0119kszych dzia\u0142a\u0144.<\/p>\n\n\n\n<p>Podczas wyjazdu zwi\u0105zanego z <em><a href=\"https:\/\/www.youtube.com\/watch?v=zCoAAur2qYU&amp;pp=ygUPaG90ZWwgbWFmZmlqYSAz\" target=\"_blank\" rel=\"noreferrer noopener nofollow\">Hotelem Maffija 3<\/a><\/em>, duet pojawi\u0142 si\u0119 nie tylko w otwieraj\u0105cym tracku, lecz tak\u017ce stworzy\u0142 numery z nowo pozyskanym przez <strong>SBM Label Micha\u0142em Anio\u0142em<\/strong> (<em><a href=\"https:\/\/www.youtube.com\/watch?v=WbO5SPJoi7s\" target=\"_blank\" rel=\"noreferrer noopener nofollow\">Jeep Wrangler<\/a><\/em>), <strong>Soko\u0142em<\/strong> i <strong>\u017babsonem<\/strong> (<em><a href=\"https:\/\/www.youtube.com\/watch?v=JS2gZESrmaQ\" target=\"_blank\" rel=\"noreferrer noopener nofollow\">Pustka<\/a><\/em>), a tak\u017ce m.in. <strong>Jacusiem<\/strong>, <strong>Lankiem<\/strong> czy <strong>Fukajem<\/strong> (<em><a href=\"https:\/\/www.youtube.com\/watch?v=KHJM3ZRm3w0\" target=\"_blank\" rel=\"noreferrer noopener nofollow\">Zimne morze<\/a><\/em>). Ostatnia aktywno\u015b\u0107 wydawnicza to za\u015b wypuszczenie wzruszaj\u0105cego <em>Syna Okiennika<\/em>, czyli wyniku wsp\u00f3\u0142pracy z <strong>Arturem Rojkiem<\/strong>.<\/p>\n\n\n\n<div style=\"height:20px\" aria-hidden=\"true\" class=\"wp-block-spacer\"><\/div>\n\n\n\n<h3 class=\"has-text-align-center has-background wp-block-heading\" style=\"background-color:#feff05\"><a href=\"https:\/\/goingapp.pl\/polecamy\/kacperczyk-trasakoncaswiata\" target=\"_blank\" rel=\"noreferrer noopener\">Bilety na tras\u0119 duetu Kacperczyk znajdziecie w tym miejscu!<\/a><\/h3>\n\n\n\n<div style=\"height:20px\" aria-hidden=\"true\" class=\"wp-block-spacer\"><\/div>\n\n\n\n<h3 class=\"wp-block-heading\">Bracia w drodze<\/h3>\n\n\n\n<p><em>Trasa Ko\u0144ca \u015awiata<\/em> rozci\u0105gnie si\u0119 na trzy miesi\u0105ce. Rozpocznie si\u0119 28 pa\u017adziernika na warszawskim Torwarze i wiadomo ju\u017c, \u017ce podczas wydarzenia scen\u0119 zaszczyc\u0105 liczni go\u015bcie, kt\u00f3rych arty\u015bci jeszcze nie zdradzaj\u0105.<\/p>\n\n\n\n<p>29 pa\u017adziernika koncert zobacz\u0105 Katowice, po czym kierunek touru zostanie diametralnie zmieniony. 10 listopada <strong>Kacperczyk<\/strong> pojawi si\u0119 w Gda\u0144sku, a dzie\u0144 p\u00f3\u017aniej \u2013 w Poznaniu. Na ko\u0144c\u00f3wk\u0119 wspomnianego miesi\u0105ca zaplanowano Wroc\u0142aw (25.11.), za to ostatnie wydarzenie odb\u0119dzie si\u0119 w 16 grudnia w Krakowie. A gdzie w tym wszystkim rodzinne miasto tw\u00f3rc\u00f3w? Te\u017c chcieliby\u015bmy wiedzie\u0107!<\/p>\n\n\n\n<div style=\"height:20px\" aria-hidden=\"true\" class=\"wp-block-spacer\"><\/div>\n\n\n\n<figure class=\"wp-block-embed-youtube wp-block-embed is-type-video is-provider-youtube wp-embed-aspect-16-9 wp-has-aspect-ratio\"><div class=\"wp-block-embed__wrapper\">\n<iframe loading=\"lazy\"  id=\"_ytid_20916\"  width=\"1170\" height=\"658\"  data-origwidth=\"1170\" data-origheight=\"658\" src=\"https:\/\/www.youtube.com\/embed\/s0ML-fzNWyo?enablejsapi=1&#038;autoplay=0&#038;cc_load_policy=0&#038;cc_lang_pref=&#038;iv_load_policy=1&#038;loop=0&#038;modestbranding=0&#038;rel=1&#038;fs=1&#038;playsinline=0&#038;autohide=2&#038;theme=dark&#038;color=red&#038;controls=1&#038;\" class=\"__youtube_prefs__  epyt-is-override  no-lazyload\" title=\"YouTube player\"  allow=\"fullscreen; accelerometer; autoplay; clipboard-write; encrypted-media; gyroscope; picture-in-picture\" allowfullscreen data-no-lazy=\"1\" data-skipgform_ajax_framebjll=\"\"><\/iframe>\n<\/div><\/figure>\n","protected":false},"excerpt":{"rendered":"<p>Kacperczyk szykuje si\u0119 do wydania trzeciego albumu, kt\u00f3ry b\u0119dzie zatytu\u0142owany Pokolenie Ko\u0144ca \u015awiata. Fani duetu b\u0119d\u0105 mogli zobaczy\u0107 braci na \u017cywo w kilku polskich miastach. Pracowity czas Bracia Kacperczyk s\u0105 stale na wznosz\u0105cej, co nie powinno dziwi\u0107 nikogo, kto przygl\u0105da si\u0119 ich ruchom. Tegoroczn\u0105 ofensyw\u0119 wydawnicz\u0105 rozpocz\u0119li na pocz\u0105tku maja. Wtedy w sieci ukaza\u0142 si\u0119&hellip;<\/p>\n","protected":false},"author":5,"featured_media":101753,"comment_status":"closed","ping_status":"open","sticky":false,"template":"","format":"standard","meta":{"footnotes":"","_wpscppro_custom_social_share_image":0,"_facebook_share_type":"","_twitter_share_type":"","_linkedin_share_type":"","_pinterest_share_type":"","_linkedin_share_type_page":"","_instagram_share_type":"","_selected_social_profile":[]},"categories":[6680],"tags":[2810,3538,3273,2014,2888,1499,2811],"thb-sponsors":[],"class_list":["post-101752","post","type-post","status-publish","format-standard","has-post-thumbnail","hentry","category-news-muzyka","tag-kacperczyk","tag-koncerty","tag-more","tag-muzyka","tag-polski-rap","tag-rap","tag-sbm-label","parent_cat_muzyka"],"publishpress_future_action":{"enabled":false,"date":"2026-05-07 01:54:40","action":"change-status","newStatus":"draft","terms":[],"taxonomy":"category"},"publishpress_future_workflow_manual_trigger":{"enabledWorkflows":[]},"_links":{"self":[{"href":"https:\/\/goingapp.pl\/more\/wp-json\/wp\/v2\/posts\/101752"}],"collection":[{"href":"https:\/\/goingapp.pl\/more\/wp-json\/wp\/v2\/posts"}],"about":[{"href":"https:\/\/goingapp.pl\/more\/wp-json\/wp\/v2\/types\/post"}],"author":[{"embeddable":true,"href":"https:\/\/goingapp.pl\/more\/wp-json\/wp\/v2\/users\/5"}],"replies":[{"embeddable":true,"href":"https:\/\/goingapp.pl\/more\/wp-json\/wp\/v2\/comments?post=101752"}],"version-history":[{"count":1,"href":"https:\/\/goingapp.pl\/more\/wp-json\/wp\/v2\/posts\/101752\/revisions"}],"predecessor-version":[{"id":101755,"href":"https:\/\/goingapp.pl\/more\/wp-json\/wp\/v2\/posts\/101752\/revisions\/101755"}],"wp:featuredmedia":[{"embeddable":true,"href":"https:\/\/goingapp.pl\/more\/wp-json\/wp\/v2\/media\/101753"}],"wp:attachment":[{"href":"https:\/\/goingapp.pl\/more\/wp-json\/wp\/v2\/media?parent=101752"}],"wp:term":[{"taxonomy":"category","embeddable":true,"href":"https:\/\/goingapp.pl\/more\/wp-json\/wp\/v2\/categories?post=101752"},{"taxonomy":"post_tag","embeddable":true,"href":"https:\/\/goingapp.pl\/more\/wp-json\/wp\/v2\/tags?post=101752"},{"taxonomy":"thb-sponsors","embeddable":true,"href":"https:\/\/goingapp.pl\/more\/wp-json\/wp\/v2\/thb-sponsors?post=101752"}],"curies":[{"name":"wp","href":"https:\/\/api.w.org\/{rel}","templated":true}]}}