{"id":103336,"date":"2023-07-23T08:00:00","date_gmt":"2023-07-23T06:00:00","guid":{"rendered":"https:\/\/goingapp.pl\/more\/?p=103336"},"modified":"2024-09-11T17:09:55","modified_gmt":"2024-09-11T15:09:55","slug":"janusz-walczuk-converse-kulisy-wspolpracy","status":"publish","type":"post","link":"https:\/\/goingapp.pl\/more\/janusz-walczuk-converse-kulisy-wspolpracy\/","title":{"rendered":"Janusz Walczuk: \u201eLubi\u0119 styl i komunikacj\u0119 marki Converse\u201d [WYWIAD]"},"content":{"rendered":"\n<h2 class=\"wp-block-heading\">Janusz Walczuk zosta\u0142 ambasadorem marki Converse, a my porozmawiali\u015bmy z nim o kulisach tej szeroko zakrojonej wsp\u00f3\u0142pracy.<\/h2>\n\n\n\n<div style=\"height:20px\" aria-hidden=\"true\" class=\"wp-block-spacer\"><\/div>\n\n\n\n<h4 class=\"wp-block-heading\">Pami\u0119tasz moment, w kt\u00f3rym skontaktowa\u0142a si\u0119 z tob\u0105 marka Converse?<\/h4>\n\n\n\n<p><strong>Janusz Walczuk:<\/strong> Jasne, nie ukrywam, \u017ce mega si\u0119 zajara\u0142em, \u017ce taka marka jak Converse chce ze mn\u0105 wsp\u00f3\u0142pracowa\u0107. Lubi\u0119 Converse i to, w jaki spos\u00f3b si\u0119 komunikuje, jej styl.<\/p>\n\n\n\n<div style=\"height:20px\" aria-hidden=\"true\" class=\"wp-block-spacer\"><\/div>\n\n\n\n<h4 class=\"wp-block-heading\">Co pomy\u015bla\u0142e\u015b, gdy dosta\u0142e\u015b t\u0119 propozycj\u0119?<\/h4>\n\n\n\n<p><strong>Janusz Walczuk:<\/strong> Ju\u017c wtedy czu\u0142em, \u017ce razem zrobimy co\u015b dobrego. Jak dosz\u0142o do spotkania, okaza\u0142o si\u0119, \u017ce my\u015blimy bardzo podobnie o wsp\u00f3\u0142pracy ambasadorskiej. Te\u017c chc\u0105 robi\u0107 rzeczy ze mn\u0105, nie tylko wpisywa\u0107 moj\u0105 osob\u0119 w jaki\u015b sztywny brief \u2013 tylko ten brief uszyjemy wsp\u00f3lnie pod moje dzia\u0142ania artystyczne. Uwa\u017cam, \u017ce to jest mega wa\u017cne. Zawsze zwracam na to uwag\u0119 i nie pozwalam si\u0119 zamyka\u0107 w sztywne ramy. Jestem kreatywny i lubi\u0119 dzieli\u0107 si\u0119 moimi pomys\u0142ami, moj\u0105 wizj\u0105. Fajnie, gdy kto\u015b s\u0142ucha moich potrzeb i perspektywy, a potem widz\u0119, jak wcielamy j\u0105 w \u017cycie.<\/p>\n\n\n\n<div style=\"height:20px\" aria-hidden=\"true\" class=\"wp-block-spacer\"><\/div>\n\n\n\n<h4 class=\"wp-block-heading\">D\u0142ugo zastanawia\u0142e\u015b si\u0119, czy przyj\u0105\u0107 propozycj\u0119?<\/h4>\n\n\n\n<p><strong>Janusz Walczuk:<\/strong> Jak us\u0142ysza\u0142em, \u017ce mamy wsp\u00f3lnie tworzy\u0107 t\u0119 kampani\u0119 i kreowa\u0107 wsp\u00f3\u0142prac\u0119 zgodnie z moimi planami, a nie tylko robi\u0107 posty na social media, to od razu przyj\u0105\u0142em propozycj\u0119.<\/p>\n\n\n\n<div style=\"height:20px\" aria-hidden=\"true\" class=\"wp-block-spacer\"><\/div>\n\n\n\n<h4 class=\"wp-block-heading\">Czego jako artysta wymagasz od marki, by m\u00f3c nawi\u0105za\u0107 z ni\u0105 wsp\u00f3\u0142prac\u0119?<\/h4>\n\n\n\n<p><strong>Janusz Walczuk:<\/strong> Tak jak wspomnia\u0142em wcze\u015bniej, najwa\u017cniejsze jest dla mnie to, aby ta wsp\u00f3\u0142praca by\u0142a uszyta pode mnie. Abym m\u00f3g\u0142 dzia\u0142a\u0107 swobodnie, nie udaj\u0105c nikogo. Nie pokaza\u0142bym si\u0119 w butach, kt\u00f3re mi nie siedz\u0105 i nie b\u0119d\u0119 wystylizowany w co\u015b, co do mnie nie pasuje. Pieni\u0105dze nie s\u0105 w stanie zmieni\u0107 tego, kim jestem i co mi si\u0119 podoba. Mam swoje zdanie i ka\u017cda marka, kt\u00f3ra chce ze mn\u0105 podj\u0105\u0107 wsp\u00f3\u0142prac\u0119, musi si\u0119 z tym liczy\u0107. Jestem zdania, \u017ce jak ambasador danej marki jest zadowolony ze wsp\u00f3\u0142pracy i jara si\u0119 kampani\u0105, kt\u00f3r\u0105 robimy razem, to i marka bardzo na tym zyskuje. Wszystko, co nienaturalne, wida\u0107 na pierwszy rzut oka. Moi fani s\u0105 bardzo czujni.<\/p>\n\n\n\n<div style=\"height:20px\" aria-hidden=\"true\" class=\"wp-block-spacer\"><\/div>\n\n\n\n<h4 class=\"wp-block-heading\">Jak szeroko tematycznie i czasowo jest zakrojona ta wsp\u00f3\u0142praca?<\/h4>\n\n\n\n<p><strong>Janusz Walczuk:<\/strong> Z mark\u0105 Converse dzia\u0142amy przez rok i mam wielk\u0105 nadziej\u0119 na kontynuacj\u0119! Idziemy razem przez projekty specjalne takie jak Converse Pop-up, kt\u00f3ry teraz mo\u017cecie odwiedzi\u0107 nad Wis\u0142\u0105 z fajn\u0105 stref\u0105 chillu, koncerty czy festiwale. Converse&#8217;a mo\u017cecie oczywi\u015bcie zobaczy\u0107 te\u017c u mnie w mediach spo\u0142eczno\u015bciowych, bo z dum\u0105 b\u0119d\u0119 nosi\u0142 ich styl\u00f3wki. Dzia\u0142amy szeroko i to mi si\u0119 podoba. Informuj\u0119 na bie\u017c\u0105co o moich planach i super jest to, jak mnie w tym wspieraj\u0105.<\/p>\n\n\n\n<div style=\"height:20px\" aria-hidden=\"true\" class=\"wp-block-spacer\"><\/div>\n\n\n\n<h3 class=\"has-text-align-center has-background wp-block-heading\" style=\"background-color:#feff05\"><a href=\"https:\/\/www.converse.pl\/pop-up\" target=\"_blank\" rel=\"noreferrer noopener nofollow\">Poznajcie pop-up marki Converse<\/a><\/h3>\n\n\n\n<div style=\"height:20px\" aria-hidden=\"true\" class=\"wp-block-spacer\"><\/div>\n\n\n\n<h4 class=\"wp-block-heading\">Masz jakie\u015b szczeg\u00f3lne wspomnienia z mark\u0105?<\/h4>\n\n\n\n<p><strong>Janusz Walczuk:<\/strong> Converse&#8217;y by\u0142y ulubionymi butami mojej mamy, kt\u00f3rych nie mog\u0142a sobie kupi\u0107, jak by\u0142a m\u0142oda, a teraz ja jestem dumnym ambasadorem tej marki. To niesamowite.<\/p>\n\n\n\n<div style=\"height:20px\" aria-hidden=\"true\" class=\"wp-block-spacer\"><\/div>\n\n\n\n<h4 class=\"wp-block-heading\">Jakie warto\u015bci dzielisz z mark\u0105?<\/h4>\n\n\n\n<p><strong>Janusz Walczuk:<\/strong> Na pewno wolno\u015b\u0107, kreatywno\u015b\u0107 i przestrze\u0144, kt\u00f3ra jest wa\u017cnym elementem rozwijania swoich wizji. Do tego inkluzywno\u015b\u0107, otwarto\u015b\u0107 na spo\u0142eczno\u015b\u0107. Lubi\u0119 te\u017c wspiera\u0107 m\u0142odych ludzi tak jak Converse. Z ch\u0119ci\u0105 \u0142\u0105cz\u0119 si\u0119 z innymi artystami bez wzgl\u0119du na zasi\u0119gi i popularno\u015b\u0107.<\/p>\n\n\n\n<div style=\"height:20px\" aria-hidden=\"true\" class=\"wp-block-spacer\"><\/div>\n\n\n\n<h4 class=\"wp-block-heading\">Kt\u00f3ry model but\u00f3w jest twoim ulubionym?<\/h4>\n\n\n\n<p><strong>Janusz Walczuk:<\/strong> Moim ulubionym jest bez dw\u00f3ch zda\u0144 customowany model Chuck 70 AT-CX, kt\u00f3ry stworzyli\u015bmy razem z Converse. Kilkana\u015bcie limitowanych par posz\u0142o w \u015bwiat do moich najbli\u017cszych. Buty zosta\u0142y poddane customizacji i przedstawiaj\u0105 moje medaliony szcz\u0119\u015bcia: bi\u017cuteri\u0119 i ukochanego zwierzaka. Ca\u0142o\u015b\u0107 wysz\u0142a pro. Jaram si\u0119 tym projektem i chodz\u0119 z dum\u0105 w tych butach. Ciesz\u0119 si\u0119, \u017ce moi znajomi te\u017c si\u0119 zajarali tym projektem.<\/p>\n\n\n\n<div style=\"height:20px\" aria-hidden=\"true\" class=\"wp-block-spacer\"><\/div>\n\n\n\n<h4 class=\"wp-block-heading\">Czy twoje <em>pieskowe<\/em> buty wejd\u0105 kiedy\u015b do sprzeda\u017cy?<\/h4>\n\n\n\n<p><strong>Janusz Walczuk:<\/strong> Na razie nie ma chyba takich plan\u00f3w. To by\u0142a limitowana akcja dla moich bliskich. Ale kto wie \u2013 je\u015bli spodobaj\u0105 si\u0119 moim fanom, warto by\u0142oby to zrobi\u0107, bo te buty wysz\u0142y zajebi\u015bcie.<\/p>\n\n\n\n<div style=\"height:20px\" aria-hidden=\"true\" class=\"wp-block-spacer\"><\/div>\n\n\n\n<h4 class=\"wp-block-heading\">Jak my\u015blisz \u2013 co markom podoba si\u0119 w Tobie?<\/h4>\n\n\n\n<p><strong>Janusz Walczuk:<\/strong> My\u015bl\u0119, \u017ce to pytanie warto zada\u0107 Converse, ale wydaje mi si\u0119, \u017ce bycie sob\u0105. Nikogo nie udaj\u0119. Cz\u0119sto s\u0142ysz\u0119 to jako zalet\u0119 oraz to, \u017ce bardzo si\u0119 anga\u017cuje w projekty.<\/p>\n\n\n\n<div style=\"height:20px\" aria-hidden=\"true\" class=\"wp-block-spacer\"><\/div>\n\n\n\n<h4 class=\"wp-block-heading\">Jakie jest twoje najskrytsze collabowe marzenie zwi\u0105zane z mark\u0105 Converse?<\/h4>\n\n\n\n<p><strong>Janusz Walczuk:<\/strong> Lot w kosmos w Chuckach! I oczywi\u015bcie w\u0142asna kolekcja.<\/p>\n\n\n\n<div style=\"height:20px\" aria-hidden=\"true\" class=\"wp-block-spacer\"><\/div>\n\n\n\n<h4 class=\"wp-block-heading\">Jakie przes\u0142anie chcia\u0142by\u015b da\u0107 swoim m\u0142odszym s\u0142uchaczom za spraw\u0105 tej wsp\u00f3\u0142pracy?<\/h4>\n\n\n\n<p><strong>Janusz Walczuk:<\/strong> \u017beby si\u0119 ci\u0105gle rozwijali i poszukiwali swojej pasji bez wzgl\u0119du na to, co m\u00f3wi\u0105 wszyscy dooko\u0142a. Zajawka to naprawd\u0119 bardzo wa\u017cna rzecz w \u017cyciu, gdy robisz to, co kochasz. To uczucie jest nie do opisania. Kocham muzyk\u0119, koncerty i energi\u0119 ludzi, kt\u00f3rzy stoj\u0105 pod scen\u0105 i nawijaj\u0105 ca\u0142y m\u00f3j tekst. Dzi\u0119ki niej czuj\u0119 si\u0119 najlepiej na \u015bwiecie. Chcia\u0142bym, aby ka\u017cdy m\u00f3g\u0142 tego do\u015bwiadczy\u0107.\u00a0\u00a0<\/p>\n\n\n\n<div style=\"height:20px\" aria-hidden=\"true\" class=\"wp-block-spacer\"><\/div>\n\n\n\n<h5 class=\"wp-block-heading\">Publikacja powsta\u0142a we wsp\u00f3\u0142pracy z mark\u0105 Converse<\/h5>\n\n\n\n<p><\/p>\n","protected":false},"excerpt":{"rendered":"<p>Janusz Walczuk zosta\u0142 ambasadorem marki Converse, a my porozmawiali\u015bmy z nim o kulisach tej szeroko zakrojonej wsp\u00f3\u0142pracy. Pami\u0119tasz moment, w kt\u00f3rym skontaktowa\u0142a si\u0119 z tob\u0105 marka Converse? Janusz Walczuk: Jasne, nie ukrywam, \u017ce mega si\u0119 zajara\u0142em, \u017ce taka marka jak Converse chce ze mn\u0105 wsp\u00f3\u0142pracowa\u0107. Lubi\u0119 Converse i to, w jaki spos\u00f3b si\u0119 komunikuje, jej&hellip;<\/p>\n","protected":false},"author":5,"featured_media":103337,"comment_status":"closed","ping_status":"open","sticky":false,"template":"","format":"standard","meta":{"footnotes":"","_wpscppro_custom_social_share_image":0,"_facebook_share_type":"","_twitter_share_type":"","_linkedin_share_type":"","_pinterest_share_type":"","_linkedin_share_type_page":"","_instagram_share_type":"","_selected_social_profile":[]},"categories":[3238],"tags":[7037,4884,7529,2014,6123,6124,2888,1499,2474],"thb-sponsors":[],"class_list":["post-103336","post","type-post","status-publish","format-standard","has-post-thumbnail","hentry","category-muzyka","tag-converse","tag-artist-janusz-walczuk","tag-long-story","tag-muzyka","tag-polska-muzyka","tag-polska-muzyka-wywiad","tag-polski-rap","tag-rap","tag-wywiad","parent_cat_muzyka"],"publishpress_future_action":{"enabled":false,"date":"2026-05-07 05:09:10","action":"change-status","newStatus":"draft","terms":[],"taxonomy":"category"},"publishpress_future_workflow_manual_trigger":{"enabledWorkflows":[]},"_links":{"self":[{"href":"https:\/\/goingapp.pl\/more\/wp-json\/wp\/v2\/posts\/103336"}],"collection":[{"href":"https:\/\/goingapp.pl\/more\/wp-json\/wp\/v2\/posts"}],"about":[{"href":"https:\/\/goingapp.pl\/more\/wp-json\/wp\/v2\/types\/post"}],"author":[{"embeddable":true,"href":"https:\/\/goingapp.pl\/more\/wp-json\/wp\/v2\/users\/5"}],"replies":[{"embeddable":true,"href":"https:\/\/goingapp.pl\/more\/wp-json\/wp\/v2\/comments?post=103336"}],"version-history":[{"count":1,"href":"https:\/\/goingapp.pl\/more\/wp-json\/wp\/v2\/posts\/103336\/revisions"}],"predecessor-version":[{"id":103339,"href":"https:\/\/goingapp.pl\/more\/wp-json\/wp\/v2\/posts\/103336\/revisions\/103339"}],"wp:featuredmedia":[{"embeddable":true,"href":"https:\/\/goingapp.pl\/more\/wp-json\/wp\/v2\/media\/103337"}],"wp:attachment":[{"href":"https:\/\/goingapp.pl\/more\/wp-json\/wp\/v2\/media?parent=103336"}],"wp:term":[{"taxonomy":"category","embeddable":true,"href":"https:\/\/goingapp.pl\/more\/wp-json\/wp\/v2\/categories?post=103336"},{"taxonomy":"post_tag","embeddable":true,"href":"https:\/\/goingapp.pl\/more\/wp-json\/wp\/v2\/tags?post=103336"},{"taxonomy":"thb-sponsors","embeddable":true,"href":"https:\/\/goingapp.pl\/more\/wp-json\/wp\/v2\/thb-sponsors?post=103336"}],"curies":[{"name":"wp","href":"https:\/\/api.w.org\/{rel}","templated":true}]}}