{"id":104212,"date":"2023-08-13T08:00:00","date_gmt":"2023-08-13T06:00:00","guid":{"rendered":"https:\/\/goingapp.pl\/more\/?p=104212"},"modified":"2023-08-11T12:02:33","modified_gmt":"2023-08-11T10:02:33","slug":"festiwal-ambientalny-2023-wroclaw-bilety","status":"publish","type":"post","link":"https:\/\/goingapp.pl\/more\/festiwal-ambientalny-2023-wroclaw-bilety\/","title":{"rendered":"Spokoju w d\u017awi\u0119kach nigdy za wiele. Festiwal Ambientalny ju\u017c w listopadzie!"},"content":{"rendered":"\n<h2 class=\"wp-block-heading\">W dniach 18-19 listopada Wroc\u0142aw zn\u00f3w stanie si\u0119 ostoj\u0105 dla s\u0142uchaczy spragnionych koj\u0105cych, kontemplacyjnych brzmie\u0144. Przygl\u0105damy si\u0119 sz\u00f3stce wykonawc\u00f3w, kt\u00f3rzy o nie zadbaj\u0105. <\/h2>\n\n\n\n<p>Cho\u0107 to nie ca\u0142onocna impreza, najpierw b\u0119dzie <a href=\"https:\/\/goingapp.pl\/wydarzenie\/before-ambientalny-3\/pazdziernik-2023\" target=\"_blank\" rel=\"noreferrer noopener\">before<\/a>. <strong>7 pa\u017adziernika <\/strong>w <strong>Formatach<\/strong> zagraj\u0105 Heinali, Joachim Spieth i Jakub Kasperkiewicz. Niewiele ponad p\u00f3\u0142tora miesi\u0105ca p\u00f3\u017aniej przyjdzie pora na danie g\u0142\u00f3wne, kt\u00f3re wroc\u0142awianom b\u0119dzie zaserwowane ju\u017c po raz trzynasty. \u2013 <em>Nasz Festiwal czerpie inspiracje z muzyki, kt\u00f3rej nie wystarczy s\u0142ucha\u0107. Bardzo cz\u0119sto trzeba j\u0105 najpierw us\u0142ysze\u0107<\/em> \u2013 deklaruj\u0105 organizatorzy wydarzenia z ambientem w roli g\u0142\u00f3wnej. Kto tym razem rzuci odbiorcom takie wyzwanie i pozwoli im bez reszty zatraci\u0107 si\u0119 w d\u017awi\u0119kach? Sprawd\u017acie sami! <\/p>\n\n\n\n<div style=\"height:20px\" aria-hidden=\"true\" class=\"wp-block-spacer\"><\/div>\n\n\n\n<h3 class=\"has-text-align-center has-background wp-block-heading\" style=\"background-color:#feff12\"><a href=\"https:\/\/goingapp.pl\/wydarzenie\/xiii-miedzynarodowy-festiwal-ambientalny-dzien-i\/listopad-2023?ref=goingmore\" target=\"_blank\" rel=\"noreferrer noopener\">Ju\u017c teraz zam\u00f3wcie swoje wej\u015bci\u00f3wki na Festiwal Ambientalny w platformie Going. Bilety szybko znikaj\u0105!<\/a><\/h3>\n\n\n\n<div style=\"height:20px\" aria-hidden=\"true\" class=\"wp-block-spacer\"><\/div>\n\n\n\n<h3 class=\"wp-block-heading\">Festiwal Ambientalny: Hainbach <\/h3>\n\n\n\n<p>Cz\u0119\u015b\u0107 z was przypuszczalnie mo\u017ce kojarzy\u0107 go z dzia\u0142alno\u015bci vlogerskiej. Na YouTube uczy, jak pos\u0142ugiwa\u0107 si\u0119 syntezatorami modularnymi i kt\u00f3re efekty zrobi\u0105 na s\u0142uchaczach najwi\u0119ksze wra\u017cenie. Prezentuje r\u00f3wnie\u017c samodzielnie wykonane instrumenty, jak cho\u0107by rejestrator ta\u015bmy magnetycznej. Stefan Goetsch, szerszej publiczno\u015bci znany jako <strong>Hainbach<\/strong>, nie poprzestaje jednak tylko na dydaktyce. Niemiec wydaje p\u0142yty, komponuje soundtracki do gier wideo i dokument\u00f3w, a niekiedy zdarza mu si\u0119 te\u017c ud\u017awi\u0119kawia\u0107 instalacje artystyczne. W ka\u017cdej z tych aktywno\u015bci ho\u0142duje \u015bmia\u0142emu, ale uwa\u017cnemu eksperymentowaniu i przekraczaniu granic. <\/p>\n\n\n\n<div style=\"height:20px\" aria-hidden=\"true\" class=\"wp-block-spacer\"><\/div>\n\n\n\n<figure class=\"wp-block-embed-youtube wp-block-embed is-type-video is-provider-youtube wp-embed-aspect-16-9 wp-has-aspect-ratio\"><div class=\"wp-block-embed__wrapper\">\n<iframe loading=\"lazy\"  id=\"_ytid_17833\"  width=\"1170\" height=\"658\"  data-origwidth=\"1170\" data-origheight=\"658\" src=\"https:\/\/www.youtube.com\/embed\/6VCsInC9IM8?enablejsapi=1&#038;autoplay=0&#038;cc_load_policy=0&#038;cc_lang_pref=&#038;iv_load_policy=1&#038;loop=0&#038;modestbranding=0&#038;rel=1&#038;fs=1&#038;playsinline=0&#038;autohide=2&#038;theme=dark&#038;color=red&#038;controls=1&#038;\" class=\"__youtube_prefs__  epyt-is-override  no-lazyload\" title=\"YouTube player\"  allow=\"fullscreen; accelerometer; autoplay; clipboard-write; encrypted-media; gyroscope; picture-in-picture\" allowfullscreen data-no-lazy=\"1\" data-skipgform_ajax_framebjll=\"\"><\/iframe>\n<\/div><figcaption><sup>Hainbach \u2013 <em>Scatternoise <\/em><\/sup><\/figcaption><\/figure>\n\n\n\n<div style=\"height:20px\" aria-hidden=\"true\" class=\"wp-block-spacer\"><\/div>\n\n\n\n<h3 class=\"wp-block-heading\">Thomas K\u00f6ner <\/h3>\n\n\n\n<p>Cz\u0142owiek-instytucja, na scenie obecny ju\u017c od ponad trzydziestu lat. W tym czasie zas\u0142u\u017cy\u0142 na miano jednego z najp\u0142odniejszych i najzdolniejszych artyst\u00f3w audiowizualnych. Wraz z Andym Mellwigiem powo\u0142a\u0142 do \u017cycia duet Porter Ricks, kt\u00f3rego album <em>Biokinetics <\/em>szybko wpisa\u0142 si\u0119 w kanon dub techno. Samemu tworzy\u0142 p\u0142yty inspirowane eskapistycznymi, arktycznymi krajobrazami (<em>Nunatak Gongamur, Permafrost<\/em>), \u015bcie\u017cki d\u017awi\u0119kowe niemych film\u00f3w (<em>Metropolis, Faust, Nosferatu. Symfonia grozy<\/em>) oraz brzmieniow\u0105 ilustracj\u0119 manifestu futuryst\u00f3w. Pracuje samodzielnie i w porozumieniu z galeriami sztuki oraz festiwalami. Obecno\u015b\u0107 obowi\u0105zkowa! <\/p>\n\n\n\n<div style=\"height:20px\" aria-hidden=\"true\" class=\"wp-block-spacer\"><\/div>\n\n\n\n<figure class=\"wp-block-embed-youtube wp-block-embed is-type-video is-provider-youtube wp-embed-aspect-16-9 wp-has-aspect-ratio\"><div class=\"wp-block-embed__wrapper\">\n<iframe loading=\"lazy\"  id=\"_ytid_52743\"  width=\"1170\" height=\"658\"  data-origwidth=\"1170\" data-origheight=\"658\" src=\"https:\/\/www.youtube.com\/embed\/RFK0qr1UKyU?enablejsapi=1&#038;autoplay=0&#038;cc_load_policy=0&#038;cc_lang_pref=&#038;iv_load_policy=1&#038;loop=0&#038;modestbranding=0&#038;rel=1&#038;fs=1&#038;playsinline=0&#038;autohide=2&#038;theme=dark&#038;color=red&#038;controls=1&#038;\" class=\"__youtube_prefs__  epyt-is-override  no-lazyload\" title=\"YouTube player\"  allow=\"fullscreen; accelerometer; autoplay; clipboard-write; encrypted-media; gyroscope; picture-in-picture\" allowfullscreen data-no-lazy=\"1\" data-skipgform_ajax_framebjll=\"\"><\/iframe>\n<\/div><figcaption><sup>Thomas K\u00f6ner \u2013 <em>Daikan<\/em><\/sup><\/figcaption><\/figure>\n\n\n\n<div style=\"height:20px\" aria-hidden=\"true\" class=\"wp-block-spacer\"><\/div>\n\n\n\n<h3 class=\"wp-block-heading\">Festiwal Ambientalny: Martyna Basta <\/h3>\n\n\n\n<p>Pocz\u0105tkowo kszta\u0142ci\u0142a si\u0119 na gitarzystk\u0119. W wieku 18 lat stwierdzi\u0142a jednak, \u017ce d\u0105\u017cenie do instrumentalnej doskona\u0142o\u015bci ogranicza j\u0105 tw\u00f3rczo. Kurczowe chwytanie si\u0119 partytur zamieni\u0142a w\u00f3wczas na introspektywne eksperymenty&#8230; i wysz\u0142o jej to na dobre. Dzi\u015b wyst\u0119puje na coraz wi\u0119kszych scenach, nagrywa miksy dla EOS Radio czy kultowego NTS, a jej najnowsz\u0105 p\u0142yt\u0119 <em>Slowly Forgetting, Barely Remembering <\/em><a href=\"https:\/\/pitchfork.com\/reviews\/albums\/martyna-basta-slowly-forgetting-barely-remembering\/\" target=\"_blank\" rel=\"noreferrer noopener nofollow\">recenzowa\u0142<\/a> sam <em>Pitchfork<\/em>. <strong>Martyna Basta<\/strong>, kompozytorka \u0142\u0105cz\u0105ca delikatny ambient z efemerycznym wokalem, konsekwentnie pnie si\u0119 do g\u00f3ry. Ju\u017c teraz idzie jej znakomicie, a to dopiero preludium mi\u0119dzynarodowej kariery. <\/p>\n\n\n\n<div style=\"height:20px\" aria-hidden=\"true\" class=\"wp-block-spacer\"><\/div>\n\n\n\n<figure class=\"wp-block-embed-youtube wp-block-embed is-type-video is-provider-youtube wp-embed-aspect-16-9 wp-has-aspect-ratio\"><div class=\"wp-block-embed__wrapper\">\n<iframe loading=\"lazy\"  id=\"_ytid_69334\"  width=\"1170\" height=\"658\"  data-origwidth=\"1170\" data-origheight=\"658\" src=\"https:\/\/www.youtube.com\/embed\/TXC9noC4Z9I?enablejsapi=1&#038;autoplay=0&#038;cc_load_policy=0&#038;cc_lang_pref=&#038;iv_load_policy=1&#038;loop=0&#038;modestbranding=0&#038;rel=1&#038;fs=1&#038;playsinline=0&#038;autohide=2&#038;theme=dark&#038;color=red&#038;controls=1&#038;\" class=\"__youtube_prefs__  epyt-is-override  no-lazyload\" title=\"YouTube player\"  allow=\"fullscreen; accelerometer; autoplay; clipboard-write; encrypted-media; gyroscope; picture-in-picture\" allowfullscreen data-no-lazy=\"1\" data-skipgform_ajax_framebjll=\"\"><\/iframe>\n<\/div><figcaption><sup>Martyna Basta &#8211;<em> Slowly Forgetting, Barely Remembering<\/em><\/sup><\/figcaption><\/figure>\n\n\n\n<div style=\"height:20px\" aria-hidden=\"true\" class=\"wp-block-spacer\"><\/div>\n\n\n\n<h3 class=\"wp-block-heading\">F\u00e9licia Atkinson <\/h3>\n\n\n\n<p>Na co dzie\u0144 mieszka w Normandii: urokliwym rejonie w p\u00f3\u0142nocno-zachodniej Francji. Niezwyk\u0142e krajobrazy i z\u0142o\u017cona historia krainy nieustannie zapewniaj\u0105 jej inspiracj\u0119 do tworzenia. U F\u00e9licii Atkinson organiczne, przesi\u0105kni\u0119te tym antura\u017cem pejza\u017ce d\u017awi\u0119kowe nie stoj\u0105 w pojedynk\u0119. Na wielu p\u0142ytach \u2013 z czego ostatnia, <em>Image Language<\/em>, ujrza\u0142a&nbsp;\u015bwiat\u0142o dzienne w ubieg\u0142ym roku \u2013 uzupe\u0142niaj\u0105 je melorecytacyjne, ASMR-owe wr\u0119cz wstawki. Interdyscyplinarna artystka opowiada za ich po\u015brednictwem o tym, czego do\u015bwiadczyli inni. Jako narratorka \u2013 a nie bohaterka \u2013 pr\u00f3buje uchwyci\u0107 esencj\u0119 zas\u0142yszanych wspomnie\u0144, kt\u00f3re normalnie zosta\u0142yby puszczone w niepami\u0119\u0107. <\/p>\n\n\n\n<div style=\"height:20px\" aria-hidden=\"true\" class=\"wp-block-spacer\"><\/div>\n\n\n\n<figure class=\"wp-block-embed-youtube wp-block-embed is-type-video is-provider-youtube wp-embed-aspect-16-9 wp-has-aspect-ratio\"><div class=\"wp-block-embed__wrapper\">\n<iframe loading=\"lazy\"  id=\"_ytid_85043\"  width=\"1170\" height=\"658\"  data-origwidth=\"1170\" data-origheight=\"658\" src=\"https:\/\/www.youtube.com\/embed\/a31JaPK2leA?enablejsapi=1&#038;autoplay=0&#038;cc_load_policy=0&#038;cc_lang_pref=&#038;iv_load_policy=1&#038;loop=0&#038;modestbranding=0&#038;rel=1&#038;fs=1&#038;playsinline=0&#038;autohide=2&#038;theme=dark&#038;color=red&#038;controls=1&#038;\" class=\"__youtube_prefs__  epyt-is-override  no-lazyload\" title=\"YouTube player\"  allow=\"fullscreen; accelerometer; autoplay; clipboard-write; encrypted-media; gyroscope; picture-in-picture\" allowfullscreen data-no-lazy=\"1\" data-skipgform_ajax_framebjll=\"\"><\/iframe>\n<\/div><figcaption><sup>F\u00e9licia Atkinson &#8211;<em> Hand In Hand<\/em>&nbsp;(ca\u0142y album) <\/sup><\/figcaption><\/figure>\n\n\n\n<div style=\"height:20px\" aria-hidden=\"true\" class=\"wp-block-spacer\"><\/div>\n\n\n\n<h3 class=\"wp-block-heading\">Festiwal Ambientalny: Chihei Hatakeyama <\/h3>\n\n\n\n<p>\u2013 <em>Jestem skromny, ale jednocze\u015bnie lubi\u0119 si\u0119 wyr\u00f3\u017cnia\u0107<\/em> \u2013 <a href=\"https:\/\/www.gearboxrecords.com\/post\/an-interview-with-chihei-hatakeyama\" target=\"_blank\" rel=\"noreferrer noopener nofollow\">wyzna\u0142<\/a> producent w kwestionariuszu u\u0142o\u017conym przez wytw\u00f3rni\u0119 Gearbox Records. W jego stwierdzeniu trudno wychwyci\u0107 nut\u0119 fa\u0142szu. Tokijczyk rzeczywi\u015bcie nie koncertuje zbyt cz\u0119sto. R\u00f3wnie rzadko udziela si\u0119 w mediach spo\u0142eczno\u015bciowych, chocia\u017c ma si\u0119 czym pochwali\u0107. Za\u0142o\u017cyciel labelu White Paddy Mountain na przestrzeni niespe\u0142na dw\u00f3ch dekad wyda\u0142 blisko 70 album\u00f3w. Tak imponuj\u0105c\u0105 dyskografi\u0105 udowodni\u0142, \u017ce ambient jest niezwykle pojemn\u0105 szufladk\u0105 gatunkow\u0105. W jego wydaniu kryje zar\u00f3wno akustyczne instrumenty (gitar\u0119, wibrafon, pianino), jak i strz\u0119pki nagra\u0144 terenowych czy elektroniczne wtr\u0119ty. <\/p>\n\n\n\n<div style=\"height:20px\" aria-hidden=\"true\" class=\"wp-block-spacer\"><\/div>\n\n\n\n<figure class=\"wp-block-embed-youtube wp-block-embed is-type-video is-provider-youtube wp-embed-aspect-16-9 wp-has-aspect-ratio\"><div class=\"wp-block-embed__wrapper\">\n<iframe loading=\"lazy\"  id=\"_ytid_76926\"  width=\"1170\" height=\"658\"  data-origwidth=\"1170\" data-origheight=\"658\" src=\"https:\/\/www.youtube.com\/embed\/vqnpPVy4fjc?enablejsapi=1&#038;autoplay=0&#038;cc_load_policy=0&#038;cc_lang_pref=&#038;iv_load_policy=1&#038;loop=0&#038;modestbranding=0&#038;rel=1&#038;fs=1&#038;playsinline=0&#038;autohide=2&#038;theme=dark&#038;color=red&#038;controls=1&#038;\" class=\"__youtube_prefs__  epyt-is-override  no-lazyload\" title=\"YouTube player\"  allow=\"fullscreen; accelerometer; autoplay; clipboard-write; encrypted-media; gyroscope; picture-in-picture\" allowfullscreen data-no-lazy=\"1\" data-skipgform_ajax_framebjll=\"\"><\/iframe>\n<\/div><figcaption><sup>Chihei Hatakeyama &#8211; <em>Forgotten Hill<\/em><\/sup><\/figcaption><\/figure>\n\n\n\n<div style=\"height:20px\" aria-hidden=\"true\" class=\"wp-block-spacer\"><\/div>\n\n\n\n<h3 class=\"wp-block-heading\">Hinode Tapes<\/h3>\n\n\n\n<p>S\u0142owo <em>hinode <\/em>w j\u0119zyku japo\u0144skim oznacza po prostu \u201ewsch\u00f3d s\u0142o\u0144ca\u201d. Nazwa tria pasuje jak ula\u0142 do nastrojowego charakteru ich tw\u00f3rczo\u015bci. Brzmienia zawarte na debiutanckiej p\u0142ycie formacji by\u0142yby idealnym akompaniamentem do obserwowania pierwszych promieni wy\u0142aniaj\u0105cych si\u0119 zza chmur. Zderzenie ambientu, free jazzu i post-rocka pozostaje anga\u017cuj\u0105ce, ale nie na tyle mocno, \u017ceby przy nim swobodnie nie odetchn\u0105\u0107. A je\u015bli po koncercie <strong>Hinode Tapes <\/strong>pozostanie Wam niedosyt, pami\u0119tajcie, \u017ce cz\u0142onkowie zespo\u0142u \u2013 Piotr Ch\u0119cki, Piotr Kali\u0144ski i Jacek Pro\u015bci\u0144ski \u2013 na co dzie\u0144 tworz\u0105 te\u017c inne projekty. Nene Heroine albo Nanook of the North. <\/p>\n\n\n\n<div style=\"height:20px\" aria-hidden=\"true\" class=\"wp-block-spacer\"><\/div>\n\n\n\n<figure class=\"wp-block-embed-youtube wp-block-embed is-type-video is-provider-youtube wp-embed-aspect-16-9 wp-has-aspect-ratio\"><div class=\"wp-block-embed__wrapper\">\n<iframe loading=\"lazy\"  id=\"_ytid_94069\"  width=\"1170\" height=\"658\"  data-origwidth=\"1170\" data-origheight=\"658\" src=\"https:\/\/www.youtube.com\/embed\/yVe9g3G6BTs?enablejsapi=1&#038;autoplay=0&#038;cc_load_policy=0&#038;cc_lang_pref=&#038;iv_load_policy=1&#038;loop=0&#038;modestbranding=0&#038;rel=1&#038;fs=1&#038;playsinline=0&#038;autohide=2&#038;theme=dark&#038;color=red&#038;controls=1&#038;\" class=\"__youtube_prefs__  epyt-is-override  no-lazyload\" title=\"YouTube player\"  allow=\"fullscreen; accelerometer; autoplay; clipboard-write; encrypted-media; gyroscope; picture-in-picture\" allowfullscreen data-no-lazy=\"1\" data-skipgform_ajax_framebjll=\"\"><\/iframe>\n<\/div><figcaption><sup>Tak duet Hinode Tapes zaprezentowa\u0142 si\u0119 w cyklu koncert\u00f3w organizowanych przez gda\u0144ski sklep p\u0142ytowy Sonar<\/sup><\/figcaption><\/figure>\n\n\n\n<p><\/p>\n","protected":false},"excerpt":{"rendered":"<p>W dniach 18-19 listopada Wroc\u0142aw zn\u00f3w stanie si\u0119 ostoj\u0105 dla s\u0142uchaczy spragnionych koj\u0105cych, kontemplacyjnych brzmie\u0144. Przygl\u0105damy si\u0119 sz\u00f3stce wykonawc\u00f3w, kt\u00f3rzy o nie zadbaj\u0105. Cho\u0107 to nie ca\u0142onocna impreza, najpierw b\u0119dzie before. 7 pa\u017adziernika w Formatach zagraj\u0105 Heinali, Joachim Spieth i Jakub Kasperkiewicz. Niewiele ponad p\u00f3\u0142tora miesi\u0105ca p\u00f3\u017aniej przyjdzie pora na danie g\u0142\u00f3wne, kt\u00f3re wroc\u0142awianom b\u0119dzie&hellip;<\/p>\n","protected":false},"author":63,"featured_media":104213,"comment_status":"closed","ping_status":"open","sticky":false,"template":"","format":"standard","meta":{"footnotes":"","_wpscppro_custom_social_share_image":0,"_facebook_share_type":"","_twitter_share_type":"","_linkedin_share_type":"","_pinterest_share_type":"","_linkedin_share_type_page":"","_instagram_share_type":"","_selected_social_profile":[]},"categories":[6680],"tags":[3374,1502,2014,74],"thb-sponsors":[],"class_list":["post-104212","post","type-post","status-publish","format-standard","has-post-thumbnail","hentry","category-news-muzyka","tag-ambient","tag-festiwal","tag-muzyka","tag-wroclaw","parent_cat_muzyka"],"publishpress_future_action":{"enabled":false,"date":"2026-05-07 09:04:40","action":"change-status","newStatus":"draft","terms":[],"taxonomy":"category"},"publishpress_future_workflow_manual_trigger":{"enabledWorkflows":[]},"_links":{"self":[{"href":"https:\/\/goingapp.pl\/more\/wp-json\/wp\/v2\/posts\/104212"}],"collection":[{"href":"https:\/\/goingapp.pl\/more\/wp-json\/wp\/v2\/posts"}],"about":[{"href":"https:\/\/goingapp.pl\/more\/wp-json\/wp\/v2\/types\/post"}],"author":[{"embeddable":true,"href":"https:\/\/goingapp.pl\/more\/wp-json\/wp\/v2\/users\/63"}],"replies":[{"embeddable":true,"href":"https:\/\/goingapp.pl\/more\/wp-json\/wp\/v2\/comments?post=104212"}],"version-history":[{"count":5,"href":"https:\/\/goingapp.pl\/more\/wp-json\/wp\/v2\/posts\/104212\/revisions"}],"predecessor-version":[{"id":104252,"href":"https:\/\/goingapp.pl\/more\/wp-json\/wp\/v2\/posts\/104212\/revisions\/104252"}],"wp:featuredmedia":[{"embeddable":true,"href":"https:\/\/goingapp.pl\/more\/wp-json\/wp\/v2\/media\/104213"}],"wp:attachment":[{"href":"https:\/\/goingapp.pl\/more\/wp-json\/wp\/v2\/media?parent=104212"}],"wp:term":[{"taxonomy":"category","embeddable":true,"href":"https:\/\/goingapp.pl\/more\/wp-json\/wp\/v2\/categories?post=104212"},{"taxonomy":"post_tag","embeddable":true,"href":"https:\/\/goingapp.pl\/more\/wp-json\/wp\/v2\/tags?post=104212"},{"taxonomy":"thb-sponsors","embeddable":true,"href":"https:\/\/goingapp.pl\/more\/wp-json\/wp\/v2\/thb-sponsors?post=104212"}],"curies":[{"name":"wp","href":"https:\/\/api.w.org\/{rel}","templated":true}]}}