{"id":111424,"date":"2024-01-18T12:34:19","date_gmt":"2024-01-18T11:34:19","guid":{"rendered":"https:\/\/goingapp.pl\/more\/?p=111424"},"modified":"2024-01-18T12:34:21","modified_gmt":"2024-01-18T11:34:21","slug":"tede-zwraca-sie-do-warner-music-polska-wujek-samo-zlo-ma-problem","status":"publish","type":"post","link":"https:\/\/goingapp.pl\/more\/tede-zwraca-sie-do-warner-music-polska-wujek-samo-zlo-ma-problem\/","title":{"rendered":"Tede zwraca si\u0119 do Warner Music Polska \u2013 Wujek Samo Z\u0142o ma problem"},"content":{"rendered":"\n<h2 class=\"wp-block-heading\"><strong>Du\u017co dzieje si\u0119 w filmikach, jakie na Instagramie publikuje Tede \u2013 jest w nich roastowany Wujek Samo Z\u0142o. Przy okazji legendarny raper apeluje do wytw\u00f3rni pracuj\u0105cej nad reedycj\u0105 p\u0142yty WSZ i CNE.<\/strong><\/h2>\n\n\n\n<div style=\"height:20px\" aria-hidden=\"true\" class=\"wp-block-spacer\"><\/div>\n\n\n\n<h3 class=\"wp-block-heading\">Tede vs Wujek Samo Z\u0142o: g\u0142o\u015bna fucha w telewizji<\/h3>\n\n\n\n<p>Jest drama. <strong>Tede<\/strong> i <strong>Wujek Samo Z\u0142o<\/strong> s\u0105 ostatnio w stanie giga spiny. O co posz\u0142o? Historia jest d\u0142uga, bo si\u0119ga kilku lat wstecz i dotyczy wsp\u00f3\u0142pracy WSZ z TVP. Raper cz\u0119sto wypowiada\u0142 si\u0119 w programach publicystycznych na tematy polityczne i spo\u0142eczne, m.in. dotycz\u0105ce wojny Rosji z Ukrain\u0105 czy 500+. Czasami spe\u0142nia\u0142 si\u0119 te\u017c jako reporter stacji, przeprowadzaj\u0105c rozmowy z przechodniami.<\/p>\n\n\n\n<p>W grudniu o antenowych wyst\u0119pach wypowiedzia\u0142 si\u0119 Tede. Jak twierdzi, nie ma z WSZ \u017cadnego kontaktu od d\u0142ugiego czasu, niekoniecznie z powodu nowej \u015bcie\u017cki kariery, ale zwi\u0105zanego z ni\u0105 k\u0142amstwa. \u2013 <em>Ogl\u0105dam TVP Info prawie codziennie przez ostatnie trzy lata. Jednym z komentator\u00f3w u Micha\u0142a Rachonia w czwartki by\u0142 Wujek Samo Z\u0142o, z kt\u00f3rym nie odzywam si\u0119 od trzech lat<\/em> \u2013 napisa\u0142 na Twitterze\/X. \u2013 <em>A wiecie, dlaczego si\u0119 nie odzywam? Poniewa\u017c Wujek Samo Z\u0142o, zapytany przeze mnie publicznie, dlaczego to robi, odpowiedzia\u0142, \u017ce z pobudek czystego serca i za darmo<\/em> \u2013 doda\u0142.<\/p>\n\n\n\n<p>Okaza\u0142o si\u0119, \u017ce WSZ wcale nie robi\u0142 tego za darmo. Krzysztof Brejza z Koalicji Obywatelskiej przedstawi\u0142 dane, z kt\u00f3rych wynika, \u017ce telewizyjni komentatorzy mieli dostawa\u0107 za swoje wypowiedzi wynagrodzenie. Momentami hojne, bo stawki waha\u0142y si\u0119 od 500 z\u0142otych za jednorazowy wyst\u0119p do nawet rekordowych 300 tysi\u0119cy z\u0142otych za ca\u0142y okres trwania umowy.<\/p>\n\n\n\n<div style=\"height:20px\" aria-hidden=\"true\" class=\"wp-block-spacer\"><\/div>\n\n\n\n<h3 class=\"has-text-align-center has-background wp-block-heading\" style=\"background-color:#feff05\"><a href=\"https:\/\/goingapp.pl\/more\/tede-i-peja-wciaz-na-wojennej-sciezce-ten-pierwszy-znow-zaatakowal\/\" target=\"_blank\" rel=\"noreferrer noopener\">Tede i Peja wci\u0105\u017c na wojennej \u015bcie\u017cce. Ten pierwszy zn\u00f3w zaatakowa\u0142<\/a><\/h3>\n\n\n\n<div style=\"height:20px\" aria-hidden=\"true\" class=\"wp-block-spacer\"><\/div>\n\n\n\n<h3 class=\"wp-block-heading\"><em>Prasowa prostytutka TVP<\/em><\/h3>\n\n\n\n<p>Taki obr\u00f3t spraw oczywi\u015bcie nie m\u00f3g\u0142 uj\u015b\u0107 uwadze Tedego. Od \u015brody jego profil na Instagramie tonie w filmikach na temat WSZ. \u2013 <em>Dzi\u015b nasza walka przynios\u0142a wymierne rezultaty. Wiele os\u00f3b wysy\u0142a mi od rana raporty, kt\u00f3re dotycz\u0105 pracownik\u00f3w TVP Info. Moja zas\u0142uga jest taka, \u017ce rzuci\u0142em temat Wujka Samo Z\u0142o. I pewnie, gdyby Wujek w 2017 roku by mnie nie ok\u0142ama\u0142, to nie by\u0142oby ca\u0142ej tej sprawy, bo nikt przecie\u017c nie wiedzia\u0142by, kim jest Maciej Gnatowski, kt\u00f3rego pose\u0142 Szczerba wyczyta\u0142 dzisiaj z sejmowej m\u00f3wnicy na li\u015bcie prasowych prostytutek TVP Info<\/em> \u2013 komentuje, publikuj\u0105c przy okazji par\u0119 mem\u00f3w.<\/p>\n\n\n\n<p>W stories Jaca zwr\u00f3ci\u0142 uwag\u0119 na jeszcze jedn\u0105 rzecz. Przypomnia\u0142 o p\u0142ycie, jak\u0105 Wujek Samo Z\u0142o i <strong>Cz\u0142owiek Nowej Ery<\/strong> wypu\u015bcili w 2002 roku.<em> Te-Rap-Ja<\/em> by\u0142a ich debiutem, w kt\u00f3rym Tede r\u00f3wnie\u017c bra\u0142 udzia\u0142, produkuj\u0105c jeden z track\u00f3w. Od jakiego\u015b czasu w planach jest reedycja albumu \u2013 ok\u0142adka jest gotowa, ale na szczeg\u00f3\u0142y ma przyj\u015b\u0107 jeszcze czas. Szef wytw\u00f3rni Wielkie Jo\u0142 twierdzi jednak, \u017ce czasu wcale nie ma i jest to ostatni dobry moment, aby go wyda\u0107.<\/p>\n\n\n\n<p>\u2013 <em>Jest to wiadomo\u015b\u0107 dla Warner Music Polska. Wiem, \u017ce pa\u0144stwo pracuj\u0105 nad reedycj\u0105 p\u0142yty WSZ &amp; CNE, kt\u00f3ra jest przek\u0142adana ju\u017c od roku. Chcia\u0142bym zasugerowa\u0107, \u017ce to ostatnia chwila, kiedy mo\u017cna t\u0119 reedycj\u0119 wyda\u0107, bo potem to chyba ju\u017c traci jakikolwiek sens. Nawet oznacz\u0119 Warner Music. Wiem, \u017ce pa\u0144stwo na pewno mnie bardzo lubi\u0105<\/em> \u2013 m\u00f3wi. Czy apel zadzia\u0142a? Zobaczymy.<\/p>\n","protected":false},"excerpt":{"rendered":"<p>Du\u017co dzieje si\u0119 w filmikach, jakie na Instagramie publikuje Tede \u2013 jest w nich roastowany Wujek Samo Z\u0142o. Przy okazji legendarny raper apeluje do wytw\u00f3rni pracuj\u0105cej nad reedycj\u0105 p\u0142yty WSZ i CNE. Tede vs Wujek Samo Z\u0142o: g\u0142o\u015bna fucha w telewizji Jest drama. Tede i Wujek Samo Z\u0142o s\u0105 ostatnio w stanie giga spiny. O&hellip;<\/p>\n","protected":false},"author":67,"featured_media":98876,"comment_status":"closed","ping_status":"open","sticky":false,"template":"","format":"standard","meta":{"footnotes":"","_wpscppro_custom_social_share_image":0,"_facebook_share_type":"","_twitter_share_type":"","_linkedin_share_type":"","_pinterest_share_type":"","_linkedin_share_type_page":"","_instagram_share_type":"","_selected_social_profile":[]},"categories":[6680],"tags":[2014,1499,1240,7636],"thb-sponsors":[],"class_list":["post-111424","post","type-post","status-publish","format-standard","has-post-thumbnail","hentry","category-news-muzyka","tag-muzyka","tag-rap","tag-artist-tede","tag-wujek-samo-zlo","parent_cat_muzyka"],"publishpress_future_action":{"enabled":false,"date":"2026-05-07 03:18:42","action":"change-status","newStatus":"draft","terms":[],"taxonomy":"category"},"publishpress_future_workflow_manual_trigger":{"enabledWorkflows":[]},"_links":{"self":[{"href":"https:\/\/goingapp.pl\/more\/wp-json\/wp\/v2\/posts\/111424"}],"collection":[{"href":"https:\/\/goingapp.pl\/more\/wp-json\/wp\/v2\/posts"}],"about":[{"href":"https:\/\/goingapp.pl\/more\/wp-json\/wp\/v2\/types\/post"}],"author":[{"embeddable":true,"href":"https:\/\/goingapp.pl\/more\/wp-json\/wp\/v2\/users\/67"}],"replies":[{"embeddable":true,"href":"https:\/\/goingapp.pl\/more\/wp-json\/wp\/v2\/comments?post=111424"}],"version-history":[{"count":2,"href":"https:\/\/goingapp.pl\/more\/wp-json\/wp\/v2\/posts\/111424\/revisions"}],"predecessor-version":[{"id":111429,"href":"https:\/\/goingapp.pl\/more\/wp-json\/wp\/v2\/posts\/111424\/revisions\/111429"}],"wp:featuredmedia":[{"embeddable":true,"href":"https:\/\/goingapp.pl\/more\/wp-json\/wp\/v2\/media\/98876"}],"wp:attachment":[{"href":"https:\/\/goingapp.pl\/more\/wp-json\/wp\/v2\/media?parent=111424"}],"wp:term":[{"taxonomy":"category","embeddable":true,"href":"https:\/\/goingapp.pl\/more\/wp-json\/wp\/v2\/categories?post=111424"},{"taxonomy":"post_tag","embeddable":true,"href":"https:\/\/goingapp.pl\/more\/wp-json\/wp\/v2\/tags?post=111424"},{"taxonomy":"thb-sponsors","embeddable":true,"href":"https:\/\/goingapp.pl\/more\/wp-json\/wp\/v2\/thb-sponsors?post=111424"}],"curies":[{"name":"wp","href":"https:\/\/api.w.org\/{rel}","templated":true}]}}