{"id":122195,"date":"2024-07-12T08:00:00","date_gmt":"2024-07-12T06:00:00","guid":{"rendered":"https:\/\/goingapp.pl\/more\/?p=122195"},"modified":"2024-09-11T16:54:10","modified_gmt":"2024-09-11T14:54:10","slug":"sobel-kuban-nowe-plyty-2024","status":"publish","type":"post","link":"https:\/\/goingapp.pl\/more\/sobel-kuban-nowe-plyty-2024\/","title":{"rendered":"Kolczasty \u0142ab\u0119d\u017a i przyroda w kinie. Sobel i Kuban zapowiedzieli p\u0142yty"},"content":{"rendered":"\n<h2 class=\"wp-block-heading\">Lato sprzyja kreatywno\u015bci raper\u00f3w? W miniony weekend otrzymali\u015bmy zapowiedzi projekt\u00f3w dw\u00f3ch czo\u0142owych artyst\u00f3w polskiej sceny hip-hopowej.<\/h2>\n\n\n\n<p>W przypadku pierwszego artysty wiemy znacznie wi\u0119cej. <strong>Sobel<\/strong> rozpocz\u0105\u0142 ju\u017c swoj\u0105 d\u0142ugo wyczekiwan\u0105 tras\u0119 <em><a href=\"https:\/\/goingapp.pl\/polecamy\/sobel\" target=\"_blank\" rel=\"noreferrer noopener\">MUSZ\u0118 TO WYKRZYCZE\u0106<\/a><\/em>. Na pierwszym z dw\u00f3ch festiwalowych wyst\u0119p\u00f3w pad\u0142a data premiery zapowiadanego wcze\u015bniej albumu <em>W ZWI\u0104ZKU Z MUZYK\u0104<\/em>. Nowo\u015bci od artysty mo\u017cemy spodziewa\u0107 si\u0119 ju\u017c 22 sierpnia. Preorder wystartuje wkr\u00f3tce.&nbsp;<\/p>\n\n\n\n<div style=\"height:20px\" aria-hidden=\"true\" class=\"wp-block-spacer\"><\/div>\n\n\n\n<figure class=\"wp-block-embed-youtube wp-block-embed is-type-video is-provider-youtube wp-embed-aspect-16-9 wp-has-aspect-ratio\"><div class=\"wp-block-embed__wrapper\">\n<iframe loading=\"lazy\"  id=\"_ytid_63006\"  width=\"1170\" height=\"658\"  data-origwidth=\"1170\" data-origheight=\"658\" src=\"https:\/\/www.youtube.com\/embed\/3QR4731leZ8?enablejsapi=1&#038;autoplay=0&#038;cc_load_policy=0&#038;cc_lang_pref=&#038;iv_load_policy=1&#038;loop=0&#038;modestbranding=0&#038;rel=1&#038;fs=1&#038;playsinline=0&#038;autohide=2&#038;theme=dark&#038;color=red&#038;controls=1&#038;\" class=\"__youtube_prefs__  epyt-is-override  no-lazyload\" title=\"YouTube player\"  allow=\"fullscreen; accelerometer; autoplay; clipboard-write; encrypted-media; gyroscope; picture-in-picture\" allowfullscreen data-no-lazy=\"1\" data-skipgform_ajax_framebjll=\"\"><\/iframe>\n<\/div><figcaption><sub>Sobel \u2013<em> Sierra Papa<\/em><\/sub><\/figcaption><\/figure>\n\n\n\n<div style=\"height:20px\" aria-hidden=\"true\" class=\"wp-block-spacer\"><\/div>\n\n\n\n<h3 class=\"wp-block-heading\">Ch\u00f3r, pianino i \u0142ab\u0119d\u017a <\/h3>\n\n\n\n<p>Szymon wyda\u0142 w tym roku dwa single \u2013 <em>Sierra Papa<\/em> i <em>Niech Boli<\/em>. Pod koniec 2023 roku mogli\u015bmy go r\u00f3wnie\u017c us\u0142ysze\u0107 w duecie z Okim na maxi-singlu <em>Sextape \/ MTW<\/em>. Wydawnicza regularno\u015b\u0107 idzie w parze z rozwijaniem warsztatu na \u017cywo. Sobel po kilku szeroko dyskutowanych wyst\u0119pach w ko\u0144cu zacz\u0105\u0142 prezentowa\u0107 form\u0119, kt\u00f3rej niejeden muzyk mo\u017ce mu pozazdro\u015bci\u0107. Jego najbli\u017csze koncerty zapowiadaj\u0105 si\u0119 jako niesamowite, artystyczne show. Ju\u017c przy ostatnich wyst\u0119pach u jego boku us\u0142yszeli\u015bmy ch\u00f3r, wydarzenie prowadzi\u0142 zza dj-ki Deemz, na scenie pojawi\u0142a si\u0119 wyj\u0105tkowa scenografia, a sam raper opr\u00f3cz \u015bpiewania gra\u0142 na pianinie. Towarzyszy\u0142 mu r\u00f3wnie\u017c nieoczywisty rekwizyt: kolczasty \u0142ab\u0119d\u017a. <\/p>\n\n\n\n<div style=\"height:20px\" aria-hidden=\"true\" class=\"wp-block-spacer\"><\/div>\n\n\n\n<figure class=\"wp-block-embed-tiktok wp-block-embed is-type-video is-provider-tiktok\"><div class=\"wp-block-embed__wrapper\">\n<blockquote class=\"tiktok-embed\" cite=\"https:\/\/www.tiktok.com\/@xmellisonant\/video\/7388039058620042529\" data-video-id=\"7388039058620042529\" data-embed-from=\"oembed\" style=\"max-width:605px; min-width:325px;\"> <section> <a target=\"_blank\" title=\"@xmellisonant\" href=\"https:\/\/www.tiktok.com\/@xmellisonant?refer=embed\" rel=\"noopener\">@xmellisonant<\/a> <p>i\u2019m done \ud83d\ude2d <a title=\"opener\" target=\"_blank\" href=\"https:\/\/www.tiktok.com\/tag\/opener?refer=embed\" rel=\"noopener\">#opener<\/a> <a title=\"opener2024\" target=\"_blank\" href=\"https:\/\/www.tiktok.com\/tag\/opener2024?refer=embed\" rel=\"noopener\">#opener2024<\/a> <a title=\"openerfestival\" target=\"_blank\" href=\"https:\/\/www.tiktok.com\/tag\/openerfestival?refer=embed\" rel=\"noopener\">#openerfestival<\/a> <a title=\"openerfestival2024\" target=\"_blank\" href=\"https:\/\/www.tiktok.com\/tag\/openerfestival2024?refer=embed\" rel=\"noopener\">#openerfestival2024<\/a> <a title=\"sobel\" target=\"_blank\" href=\"https:\/\/www.tiktok.com\/tag\/sobel?refer=embed\" rel=\"noopener\">#sobel<\/a> <a title=\"szymonsobel\" target=\"_blank\" href=\"https:\/\/www.tiktok.com\/tag\/szymonsobel?refer=embed\" rel=\"noopener\">#szymonsobel<\/a> <a title=\"muszetowykrzyczec\" target=\"_blank\" href=\"https:\/\/www.tiktok.com\/tag\/muszetowykrzyczec?refer=embed\" rel=\"noopener\">#muszetowykrzyczec<\/a> <a title=\"mtwtour\" target=\"_blank\" href=\"https:\/\/www.tiktok.com\/tag\/mtwtour?refer=embed\" rel=\"noopener\">#mtwtour<\/a> <a title=\"muszetowykrzyczectour\" target=\"_blank\" href=\"https:\/\/www.tiktok.com\/tag\/muszetowykrzyczectour?refer=embed\" rel=\"noopener\">#muszetowykrzyczectour<\/a> <a title=\"sobelkoncert\" target=\"_blank\" href=\"https:\/\/www.tiktok.com\/tag\/sobelkoncert?refer=embed\" rel=\"noopener\">#sobelkoncert<\/a> @Sobel  <\/p> <a target=\"_blank\" title=\"\u266c d\u017awi\u0119k oryginalny - xmellisonant\" href=\"https:\/\/www.tiktok.com\/music\/d\u017awi\u0119k-oryginalny-7388039186886642464?refer=embed\" rel=\"noopener\">\u266c d\u017awi\u0119k oryginalny &#8211; xmellisonant<\/a> <\/section> <\/blockquote> <script async src=\"https:\/\/www.tiktok.com\/embed.js\"><\/script>\n<\/div><figcaption><sup>Sobel by\u0142 jedn\u0105 z gwiazd tegorocznego Open&#8217;era<\/sup><\/figcaption><\/figure>\n\n\n\n<div style=\"height:20px\" aria-hidden=\"true\" class=\"wp-block-spacer\"><\/div>\n\n\n\n<h3 class=\"wp-block-heading\">Kuban szuka prawdy w kinie <\/h3>\n\n\n\n<p>Raper z Opoczna postawi\u0142 za to na bardziej enigmatyczn\u0105 form\u0119 promocji. W trakcie reklam w kinie jeden ze s\u0142uchaczy wy\u0142apa\u0142 materia\u0142, w kt\u00f3rym zupe\u0142nie odmieniony muzyk zachwyca si\u0119 otaczaj\u0105c\u0105 go przyrod\u0105. Filmik ko\u0144czy\u0142 kadr ze s\u0142owem <em>fu\u02c8\u0261\u0251\u02d0zi<\/em>. Wyra\u017cenie we w\u0142oskim slangu oznacza co\u015b fa\u0142szywego, nieautentycznego. Pod tym nietypowym okre\u015bleniem mo\u017cemy przeczyta\u0107, \u017ce mimo wszystko definicja to tylko etykieta.<\/p>\n\n\n\n<p>Czy\u017cby artysta usi\u0142owa\u0142 dotrze\u0107\u00a0do istoty tego, czym jest prawda? Tego nie wiemy, ale na pewno zdradzi\u0142 swoje plany wydawnicze. Sta\u0142o si\u0119 tak za spraw\u0105 wypuszczenia singla <em>na bomb\u0119<\/em>, kt\u00f3ry wyprodukowa\u0142 <strong>favst<\/strong>, a tak\u017ce rozpocz\u0119ciu preorderu jesiennego albumu <a href=\"https:\/\/dobziludzie.com\/product\/fugazi-cd-deluxe\/\" target=\"_blank\" rel=\"noreferrer noopener nofollow\">w tym miejscu<\/a>. <\/p>\n\n\n\n<div style=\"height:20px\" aria-hidden=\"true\" class=\"wp-block-spacer\"><\/div>\n\n\n\n<figure class=\"wp-block-embed-youtube wp-block-embed is-type-video is-provider-youtube wp-embed-aspect-16-9 wp-has-aspect-ratio\"><div class=\"wp-block-embed__wrapper\">\n<iframe loading=\"lazy\"  id=\"_ytid_87333\"  width=\"1170\" height=\"658\"  data-origwidth=\"1170\" data-origheight=\"658\" src=\"https:\/\/www.youtube.com\/embed\/E-PScMHSc3A?enablejsapi=1&#038;autoplay=0&#038;cc_load_policy=0&#038;cc_lang_pref=&#038;iv_load_policy=1&#038;loop=0&#038;modestbranding=0&#038;rel=1&#038;fs=1&#038;playsinline=0&#038;autohide=2&#038;theme=dark&#038;color=red&#038;controls=1&#038;\" class=\"__youtube_prefs__  epyt-is-override  no-lazyload\" title=\"YouTube player\"  allow=\"fullscreen; accelerometer; autoplay; clipboard-write; encrypted-media; gyroscope; picture-in-picture\" allowfullscreen data-no-lazy=\"1\" data-skipgform_ajax_framebjll=\"\"><\/iframe>\n<\/div><\/figure>\n\n\n\n<div style=\"height:20px\" aria-hidden=\"true\" class=\"wp-block-spacer\"><\/div>\n\n\n\n<h3 class=\"wp-block-heading\">Nowo\u015bci na horyzoncie <\/h3>\n\n\n\n<p>Przypomnijmy, \u017ce Kuban ponad rok temu wr\u00f3ci\u0142 po d\u0142ugiej przerwie ze <em>spokojem.<\/em> Jego dwa ostatnie albumy dzieli\u0142o a\u017c sze\u015b\u0107 lat przerwy. Tak\u017ce przy premierze poprzedniego kr\u0105\u017cka postawi\u0142 na interesuj\u0105cy spos\u00f3b przypomnienia o sobie. Pojawi\u0142 si\u0119 on bowiem w tle jednego z program\u00f3w \u015bniadaniowych jako d\u017awi\u0119kowiec. Taki epizod mia\u0142 by\u0107 kontynuacj\u0105 <a href=\"https:\/\/www.youtube.com\/watch?v=P7ApbSmudas\" target=\"_blank\" rel=\"noreferrer noopener nofollow\">\u017cartu, kt\u00f3ry zapocz\u0105tkowa\u0142 \u017babson<\/a>. Gdy raper zosta\u0142 zapytany o przysz\u0142o\u015b\u0107 kariery muzycznej swojego kolegi z podw\u00f3rka, odpowiedzia\u0142, \u017ce Kuban \u017cyje i&#8230; pracuje w telewizji.\u00a0<\/p>\n\n\n\n<div style=\"height:20px\" aria-hidden=\"true\" class=\"wp-block-spacer\"><\/div>\n\n\n\n<h3 class=\"has-text-align-center has-background wp-block-heading\" style=\"background-color:#feff12\"><a href=\"https:\/\/goingapp.pl\/wydarzenie\/mazury-hip-hop-festiwal-2024\/lipiec-2024\" target=\"_blank\" rel=\"noreferrer noopener\">A mo\u017ce Mazury Hip Hop Festival? Ju\u017c teraz zdob\u0105d\u017a swoj\u0105 wej\u015bci\u00f3wk\u0119!<\/a><\/h3>\n\n\n\n<div style=\"height:20px\" aria-hidden=\"true\" class=\"wp-block-spacer\"><\/div>\n\n\n\n<p>To nie koniec poszlak. Oki przy premierze <em>ERY47 <\/em>zdradzi\u0142, \u017ce ich numer <em>JE\u015aLI CHCIA\u0141BY\u015a TO MO\u017bESZ WPA\u015a\u0106<\/em> nie jest jedynym wsp\u00f3lnym kawa\u0142kiem, kt\u00f3rego mo\u017cemy spodziewa\u0107 si\u0119 od raper\u00f3w. Gdy po\u0142\u0105czymy wszystkie kropki, oka\u017ce si\u0119, \u017ce  zmiana profilowego na kana\u0142ach Kubana w platformach streamingowych najprawdopodobniej oznacza nowy album. Wi\u0119cej szczeg\u00f3\u0142\u00f3w nie podano jeszcze do wiadomo\u015bci, ale pierwszy singiel to prawdopodobnie kwestia kilku tygodni, a mo\u017ce nawet dni.&nbsp;Czekamy jak na koniec reklam przed seansem kinowym. <\/p>\n\n\n\n<div style=\"height:20px\" aria-hidden=\"true\" class=\"wp-block-spacer\"><\/div>\n\n\n\n<figure class=\"wp-block-embed-youtube wp-block-embed is-type-video is-provider-youtube wp-embed-aspect-4-3 wp-has-aspect-ratio\"><div class=\"wp-block-embed__wrapper\">\n<iframe loading=\"lazy\"  id=\"_ytid_36302\"  width=\"1170\" height=\"658\"  data-origwidth=\"1170\" data-origheight=\"658\" src=\"https:\/\/www.youtube.com\/embed\/yGuMUKUj9qw?enablejsapi=1&#038;autoplay=0&#038;cc_load_policy=0&#038;cc_lang_pref=&#038;iv_load_policy=1&#038;loop=0&#038;modestbranding=0&#038;rel=1&#038;fs=1&#038;playsinline=0&#038;autohide=2&#038;theme=dark&#038;color=red&#038;controls=1&#038;\" class=\"__youtube_prefs__  epyt-is-override  no-lazyload\" title=\"YouTube player\"  allow=\"fullscreen; accelerometer; autoplay; clipboard-write; encrypted-media; gyroscope; picture-in-picture\" allowfullscreen data-no-lazy=\"1\" data-skipgform_ajax_framebjll=\"\"><\/iframe>\n<\/div><figcaption><sup>OKI feat. Kuban \u2013 <em>Je\u015bli chcia\u0142by\u015b, to mo\u017cesz wpa\u015b\u0107&nbsp;<\/em><\/sup><\/figcaption><\/figure>\n\n\n\n<p><\/p>\n","protected":false},"excerpt":{"rendered":"<p>Lato sprzyja kreatywno\u015bci raper\u00f3w? W miniony weekend otrzymali\u015bmy zapowiedzi projekt\u00f3w dw\u00f3ch czo\u0142owych artyst\u00f3w polskiej sceny hip-hopowej. W przypadku pierwszego artysty wiemy znacznie wi\u0119cej. Sobel rozpocz\u0105\u0142 ju\u017c swoj\u0105 d\u0142ugo wyczekiwan\u0105 tras\u0119 MUSZ\u0118 TO WYKRZYCZE\u0106. Na pierwszym z dw\u00f3ch festiwalowych wyst\u0119p\u00f3w pad\u0142a data premiery zapowiadanego wcze\u015bniej albumu W ZWI\u0104ZKU Z MUZYK\u0104. Nowo\u015bci od artysty mo\u017cemy spodziewa\u0107 si\u0119&hellip;<\/p>\n","protected":false},"author":78,"featured_media":122196,"comment_status":"closed","ping_status":"closed","sticky":false,"template":"","format":"standard","meta":{"footnotes":"","_wpscppro_custom_social_share_image":0,"_facebook_share_type":"default","_twitter_share_type":"default","_linkedin_share_type":"default","_pinterest_share_type":"default","_linkedin_share_type_page":"","_instagram_share_type":"default","_selected_social_profile":[]},"categories":[6680],"tags":[3293,3443,3394,1499,3733],"thb-sponsors":[],"class_list":["post-122195","post","type-post","status-publish","format-standard","has-post-thumbnail","hentry","category-news-muzyka","tag-hip-hop","tag-kuban","tag-news","tag-rap","tag-artist-sobel","parent_cat_muzyka"],"publishpress_future_action":{"enabled":false,"date":"2026-05-07 15:36:34","action":"change-status","newStatus":"draft","terms":[],"taxonomy":"category"},"publishpress_future_workflow_manual_trigger":{"enabledWorkflows":[]},"_links":{"self":[{"href":"https:\/\/goingapp.pl\/more\/wp-json\/wp\/v2\/posts\/122195"}],"collection":[{"href":"https:\/\/goingapp.pl\/more\/wp-json\/wp\/v2\/posts"}],"about":[{"href":"https:\/\/goingapp.pl\/more\/wp-json\/wp\/v2\/types\/post"}],"author":[{"embeddable":true,"href":"https:\/\/goingapp.pl\/more\/wp-json\/wp\/v2\/users\/78"}],"replies":[{"embeddable":true,"href":"https:\/\/goingapp.pl\/more\/wp-json\/wp\/v2\/comments?post=122195"}],"version-history":[{"count":7,"href":"https:\/\/goingapp.pl\/more\/wp-json\/wp\/v2\/posts\/122195\/revisions"}],"predecessor-version":[{"id":122288,"href":"https:\/\/goingapp.pl\/more\/wp-json\/wp\/v2\/posts\/122195\/revisions\/122288"}],"wp:featuredmedia":[{"embeddable":true,"href":"https:\/\/goingapp.pl\/more\/wp-json\/wp\/v2\/media\/122196"}],"wp:attachment":[{"href":"https:\/\/goingapp.pl\/more\/wp-json\/wp\/v2\/media?parent=122195"}],"wp:term":[{"taxonomy":"category","embeddable":true,"href":"https:\/\/goingapp.pl\/more\/wp-json\/wp\/v2\/categories?post=122195"},{"taxonomy":"post_tag","embeddable":true,"href":"https:\/\/goingapp.pl\/more\/wp-json\/wp\/v2\/tags?post=122195"},{"taxonomy":"thb-sponsors","embeddable":true,"href":"https:\/\/goingapp.pl\/more\/wp-json\/wp\/v2\/thb-sponsors?post=122195"}],"curies":[{"name":"wp","href":"https:\/\/api.w.org\/{rel}","templated":true}]}}