{"id":125736,"date":"2024-09-19T08:00:00","date_gmt":"2024-09-19T06:00:00","guid":{"rendered":"https:\/\/goingapp.pl\/more\/?p=125736"},"modified":"2024-09-20T09:17:40","modified_gmt":"2024-09-20T07:17:40","slug":"damian-kocur-pod-wulkanem-oscary","status":"publish","type":"post","link":"https:\/\/goingapp.pl\/more\/damian-kocur-pod-wulkanem-oscary\/","title":{"rendered":"Mamy kandydata do Oscara. O nagrod\u0119 powalczy Damian Kocur z filmem \u201ePod wulkanem\u201d"},"content":{"rendered":"\n<h2 class=\"wp-block-heading\">Produkcja <em>Pod wulkanem<\/em> (Damian Kocur) b\u0119dzie reprezentowa\u0107 Polsk\u0119 w walce o Oscara. Wyb\u00f3r komisji zaskoczy\u0142 naprawd\u0119 sporo os\u00f3b.<\/h2>\n\n\n\n<div style=\"height:20px\" aria-hidden=\"true\" class=\"wp-block-spacer\"><\/div>\n\n\n\n<h3 class=\"wp-block-heading\">Coraz wi\u0119cej kraj\u00f3w odkrywa karty<\/h3>\n\n\n\n<p><strong>Oscary 2025<\/strong> coraz bli\u017cej, a my poznajemy kolejnych kandydat\u00f3w do zdobycia presti\u017cowej statuetki za Najlepszy Pe\u0142nometra\u017cowy Film Mi\u0119dzynarodowy. Swoimi typami podzieli\u0142a si\u0119 niedawno Dania, kt\u00f3ra wybra\u0142a dramat kryminalny <em>The Girl with the Needle<\/em>, opowiadaj\u0105cy o m\u0142odej robotnicy fabrycznej, walcz\u0105cej o przetrwanie w Kopenhadze po I wojnie \u015bwiatowej. Wiemy te\u017c, jaka produkcja b\u0119dzie reprezentowa\u0142a Francj\u0119 \u2013 ta postawi\u0142a na thriller <em>Emilia Perez<\/em>, w kt\u00f3rym wp\u0142ywowa prawniczka nagle stanie si\u0119 narkotykow\u0105 baronow\u0105. Hiszpania natomiast wybra\u0142a <em>Saturn Return<\/em>, czyli histori\u0119 niezale\u017cnego zespo\u0142u muzycznego, chc\u0105cego zmieni\u0107 bieg muzyki w kraju.<\/p>\n\n\n\n<p>A co z Polsk\u0105? Wyb\u00f3r pad\u0142 na film <em><strong>Pod wulkanem<\/strong><\/em>, kt\u00f3ry stworzy\u0142 <strong>Damian Kocur<\/strong>. Wywo\u0142a\u0142o to spore poruszenie. Ma\u0142o kto bowiem ten film widzia\u0142, gdy\u017c nie mia\u0142 on jeszcze swojej kinowej premiery.<\/p>\n\n\n\n<div style=\"height:20px\" aria-hidden=\"true\" class=\"wp-block-spacer\"><\/div>\n\n\n\n<h3 class=\"has-text-align-center has-background wp-block-heading\" style=\"background-color:#feff05\"><a href=\"https:\/\/goingapp.pl\/more\/james-bond-damien-chazelle-film\/\" target=\"_blank\" rel=\"noreferrer noopener\">Czy Damien Chazelle sportretuje Jamesa Bonda? Jest taka szansa<\/a><\/h3>\n\n\n\n<div style=\"height:20px\" aria-hidden=\"true\" class=\"wp-block-spacer\"><\/div>\n\n\n\n<h3 class=\"wp-block-heading\">Damian Kocur i jego <em>Pod wulkanem<\/em>: dramat ukrai\u0144skiej rodziny<\/h3>\n\n\n\n<p>Re\u017cyser ma na koncie sporo kr\u00f3tkometra\u017c\u00f3wek, w tym komedi\u0119<em> 1410<\/em> z 2018 roku, opowiadaj\u0105c\u0105 o zmaganiach rycerza i jego giermka w drodze na Grunwald oraz<em> Dalej jest dzie\u0144<\/em> z 2020 roku, przybli\u017caj\u0105c\u0105 \u017cycie pracuj\u0105cego na promie Paw\u0142a, postanawiaj\u0105cego pom\u00f3c nielegalnemu imigrantowi. Sw\u00f3j g\u0142o\u015bny pe\u0142nometra\u017cowy debiut Kocur zaliczy\u0142 w 2022 roku, gdy na rynku pojawi\u0142a si\u0119 produkcja <em>Chleb i S\u00f3l<\/em>. Opowie\u015b\u0107 o piani\u015bcie stykaj\u0105cym si\u0119 z \u017cyciem na prowincji obfituj\u0105cym w ksenofobi\u0119 i wrogo\u015b\u0107 sta\u0142a si\u0119 hitem na zagranicznych festiwalach.<\/p>\n\n\n\n<p>Nominowany do Oscara <em>Pod wulkanem<\/em> jest niema\u0142\u0105 tajemnic\u0105 dla widz\u00f3w. Film nie mia\u0142 jeszcze okazji zago\u015bci\u0107 w kinach, ale jego \u015bwiatowa premiera ju\u017c si\u0119 odby\u0142a. Mia\u0142a bowiem miejsce 7 wrze\u015bnia na Toronto International Film Festival. W produkcji przenosimy si\u0119 na s\u0142oneczn\u0105 Teneryf\u0119. Tam podczas wakacji ukrai\u0144ska rodzina Kovalenk\u00f3w dowiaduje si\u0119 o wybuchu wojny, ale nie mo\u017ce wr\u00f3ci\u0107 z powodu odwo\u0142anego lotu. Sytuacja b\u0119dzie mia\u0142a wp\u0142yw na relacje rodzinne.<\/p>\n\n\n\n<p>Scenariusz do <em>Pod wulkanem<\/em> napisali Damian Kocur i Marta Konarzewska, a w g\u0142\u00f3wne role wcielili si\u0119 Sofia Berezovska, Roman Lutskyi, Anastasiya Karpenko i Fedir Pugachov. Polscy widzowie zobacz\u0105 nowo\u015b\u0107 podczas inauguracji <em>49. <\/em>Festiwalu Polskich Film\u00f3w Fabularnych w Gdyni.<\/p>\n\n\n\n<div style=\"height:20px\" aria-hidden=\"true\" class=\"wp-block-spacer\"><\/div>\n\n\n\n<figure class=\"wp-block-embed-youtube wp-block-embed is-type-video is-provider-youtube wp-embed-aspect-16-9 wp-has-aspect-ratio\"><div class=\"wp-block-embed__wrapper\">\n<iframe loading=\"lazy\"  id=\"_ytid_72668\"  width=\"1170\" height=\"658\"  data-origwidth=\"1170\" data-origheight=\"658\" src=\"https:\/\/www.youtube.com\/embed\/Qr7lmDoZFsk?enablejsapi=1&#038;autoplay=0&#038;cc_load_policy=0&#038;cc_lang_pref=&#038;iv_load_policy=1&#038;loop=0&#038;modestbranding=0&#038;rel=1&#038;fs=1&#038;playsinline=0&#038;autohide=2&#038;theme=dark&#038;color=red&#038;controls=1&#038;\" class=\"__youtube_prefs__  epyt-is-override  no-lazyload\" title=\"YouTube player\"  allow=\"fullscreen; accelerometer; autoplay; clipboard-write; encrypted-media; gyroscope; picture-in-picture\" allowfullscreen data-no-lazy=\"1\" data-skipgform_ajax_framebjll=\"\"><\/iframe>\n<\/div><\/figure>\n","protected":false},"excerpt":{"rendered":"<p>Produkcja Pod wulkanem (Damian Kocur) b\u0119dzie reprezentowa\u0107 Polsk\u0119 w walce o Oscara. Wyb\u00f3r komisji zaskoczy\u0142 naprawd\u0119 sporo os\u00f3b. Coraz wi\u0119cej kraj\u00f3w odkrywa karty Oscary 2025 coraz bli\u017cej, a my poznajemy kolejnych kandydat\u00f3w do zdobycia presti\u017cowej statuetki za Najlepszy Pe\u0142nometra\u017cowy Film Mi\u0119dzynarodowy. Swoimi typami podzieli\u0142a si\u0119 niedawno Dania, kt\u00f3ra wybra\u0142a dramat kryminalny The Girl with the&hellip;<\/p>\n","protected":false},"author":67,"featured_media":125737,"comment_status":"closed","ping_status":"closed","sticky":false,"template":"","format":"standard","meta":{"footnotes":"","_wpscppro_custom_social_share_image":0,"_facebook_share_type":"default","_twitter_share_type":"default","_linkedin_share_type":"default","_pinterest_share_type":"default","_linkedin_share_type_page":"","_instagram_share_type":"default","_selected_social_profile":[]},"categories":[6677],"tags":[3271,3432,3394,5069],"thb-sponsors":[],"class_list":["post-125736","post","type-post","status-publish","format-standard","has-post-thumbnail","hentry","category-news-miasto","tag-filmy","tag-kultura","tag-news","tag-oscary","parent_cat_kultura"],"publishpress_future_action":{"enabled":false,"date":"2026-05-07 05:25:42","action":"change-status","newStatus":"draft","terms":[],"taxonomy":"category"},"publishpress_future_workflow_manual_trigger":{"enabledWorkflows":[]},"_links":{"self":[{"href":"https:\/\/goingapp.pl\/more\/wp-json\/wp\/v2\/posts\/125736"}],"collection":[{"href":"https:\/\/goingapp.pl\/more\/wp-json\/wp\/v2\/posts"}],"about":[{"href":"https:\/\/goingapp.pl\/more\/wp-json\/wp\/v2\/types\/post"}],"author":[{"embeddable":true,"href":"https:\/\/goingapp.pl\/more\/wp-json\/wp\/v2\/users\/67"}],"replies":[{"embeddable":true,"href":"https:\/\/goingapp.pl\/more\/wp-json\/wp\/v2\/comments?post=125736"}],"version-history":[{"count":1,"href":"https:\/\/goingapp.pl\/more\/wp-json\/wp\/v2\/posts\/125736\/revisions"}],"predecessor-version":[{"id":125739,"href":"https:\/\/goingapp.pl\/more\/wp-json\/wp\/v2\/posts\/125736\/revisions\/125739"}],"wp:featuredmedia":[{"embeddable":true,"href":"https:\/\/goingapp.pl\/more\/wp-json\/wp\/v2\/media\/125737"}],"wp:attachment":[{"href":"https:\/\/goingapp.pl\/more\/wp-json\/wp\/v2\/media?parent=125736"}],"wp:term":[{"taxonomy":"category","embeddable":true,"href":"https:\/\/goingapp.pl\/more\/wp-json\/wp\/v2\/categories?post=125736"},{"taxonomy":"post_tag","embeddable":true,"href":"https:\/\/goingapp.pl\/more\/wp-json\/wp\/v2\/tags?post=125736"},{"taxonomy":"thb-sponsors","embeddable":true,"href":"https:\/\/goingapp.pl\/more\/wp-json\/wp\/v2\/thb-sponsors?post=125736"}],"curies":[{"name":"wp","href":"https:\/\/api.w.org\/{rel}","templated":true}]}}