{"id":129815,"date":"2025-01-08T13:20:43","date_gmt":"2025-01-08T12:20:43","guid":{"rendered":"https:\/\/goingapp.pl\/more\/?p=129815"},"modified":"2025-01-09T09:06:53","modified_gmt":"2025-01-09T08:06:53","slug":"slowo-roku-2024-koalicja-wyniki-uw","status":"publish","type":"post","link":"https:\/\/goingapp.pl\/more\/slowo-roku-2024-koalicja-wyniki-uw\/","title":{"rendered":"S\u0142owo Roku 2024 ju\u017c znane. J\u0119zykoznawcy postawili na \u201ekoalicj\u0119\u201d"},"content":{"rendered":"\n<h2 class=\"wp-block-heading\">Swojego faworyta wskazali tak\u017ce internauci. W otwartym g\u0142osowaniu zorganizowanym przez Instytut J\u0119zyka Polskiego UW i Fundacj\u0119 J\u0119zyka Polskiego zwyci\u0119\u017cy\u0142a <em>sztuczna inteligencja<\/em>. <\/h2>\n\n\n\n<p>Redakcja Collins English Dictionary nas\u0142ucha\u0142a si\u0119 Charli XCX i uzna\u0142a, \u017ce wyrazem ostatnich dwunastu miesi\u0119cy by\u0142o <em><strong>brat<\/strong>. <\/em>Dictionary.com postawi\u0142o na <em><strong>demure<\/strong><\/em>: postaw\u0119 \u0142\u0105cz\u0105c\u0105 ze sob\u0105 pow\u015bci\u0105gliwo\u015b\u0107 i elegancj\u0119. Merriam-Webster wytypowa\u0142o <em><strong>polaryzacj\u0119<\/strong><\/em>, Oxford University Press za\u015b <em><strong>brain rot<\/strong><\/em>. Na polskim poletku najwi\u0119cej emocji wywo\u0142a\u0142 za\u015b plebiscyt na M\u0142odzie\u017cowe S\u0142owo Roku. W g\u0142osowaniu internaut\u00f3w pierwsze miejsce zaj\u0119\u0142a <strong><em>sigma<\/em><\/strong>, czyli okre\u015blenie ch\u0142odnego, zdystansowanego i pewnego siebie m\u0119\u017cczyzny. Tu\u017c za ni\u0105 uplasowa\u0142y si\u0119 <em><strong>azbest <\/strong><\/em>i <em><strong>czem\u00f3.<\/strong><\/em><\/p>\n\n\n\n<div style=\"height:20px\" aria-hidden=\"true\" class=\"wp-block-spacer\"><\/div>\n\n\n\n<iframe style=\"border-radius:12px\" src=\"https:\/\/open.spotify.com\/embed\/album\/2lIZef4lzdvZkiiCzvPKj7?utm_source=generator\" width=\"100%\" height=\"152\" frameBorder=\"0\" allowfullscreen=\"\" allow=\"autoplay; clipboard-write; encrypted-media; fullscreen; picture-in-picture\" loading=\"lazy\"><\/iframe>\n\n\n\n<div style=\"height:20px\" aria-hidden=\"true\" class=\"wp-block-spacer\"><\/div>\n\n\n\n<p>Rzut oka na zestawienia s\u0142\u00f3w roku pozwala prze\u015bledzi\u0107, jak na przestrzeni lat zmienia\u0142 si\u0119 j\u0119zyk. W poszukiwaniu opis\u00f3w postaw, sytuacji czy emocji coraz cz\u0119\u015bciej si\u0119gamy po akronimy i anglicyzmy. \u0179r\u00f3d\u0142em inspiracji s\u0105 dla nas zar\u00f3wno popularne teksty kultury, jak i slang z social medi\u00f3w. \u017bywo reagujemy tak\u017ce na zmieniaj\u0105c\u0105 si\u0119 sytuacj\u0119 polityczno-spo\u0142eczn\u0105. Z tego ostatniego powodu laureatem innego lingwistycznego konkursu okaza\u0142a si\u0119 <em><strong>koalicja<\/strong><\/em>. <\/p>\n\n\n\n<div style=\"height:20px\" aria-hidden=\"true\" class=\"wp-block-spacer\"><\/div>\n\n\n\n<h3 class=\"wp-block-heading has-text-align-center has-background\" style=\"background-color:#feff12\"><a href=\"https:\/\/goingapp.pl\/more\/trigger-warningi-empik-go-2025\/\" target=\"_blank\" rel=\"noreferrer noopener\">Czytanie dla ka\u017cdego i bez pu\u0142apek. Dlaczego <em>dost\u0119pno\u015b\u0107 <\/em>w 2025 roku jest s\u0142owem-kluczem?<\/a><\/h3>\n\n\n\n<div style=\"height:20px\" aria-hidden=\"true\" class=\"wp-block-spacer\"><\/div>\n\n\n\n<h3 class=\"wp-block-heading\">S\u0142owo Roku 2024: z m\u00f3wnicy sejmowej na podium<\/h3>\n\n\n\n<p>O jakim plebiscycie mowa? Wczoraj podczas oficjalnej konferencji prasowej zaprezentowano <strong>S\u0142owo Roku 2024. <\/strong>To wsp\u00f3lna inicjatywa Fundacji J\u0119zyka Polskiego i Instytutu J\u0119zyka Polskiego UW. Wyboru zwyci\u0119zcy w tym przypadku dokonuje kapitu\u0142a sk\u0142adaj\u0105ca si\u0119 z dziennikarzy i j\u0119zykoznawc\u00f3w. Na <em>koalicj\u0119 <\/em>postawili z prostego powodu \u2013 tu\u017c po wyborach parlamentarnych wyraz odmieniano przez wszystkie przypadki. Najpierw, jeszcze przed p\u00f3j\u015bciem Polak\u00f3w do urn, m\u00f3wiono o Koalicji Obywatelskiej. Nast\u0119pnie w\u0142adz\u0119 ustawodawcz\u0105 przej\u0119\u0142a koalicja rz\u0105dz\u0105ca. <\/p>\n\n\n\n<p>Prof. Barbara Sobczak, j\u0119zykoznawczyni z UAM, wylicza tak\u017ce dwa wyra\u017cenia o charakterze perswazyjnym. <em><a href=\"https:\/\/www.gov.pl\/web\/premier\/koalicja-15padziernika-program\" target=\"_blank\" rel=\"noreferrer noopener nofollow\">Koalicja 15 pa\u017adziernika<\/a> <\/em>ma podkre\u015bla\u0107 wag\u0119 zwyci\u0119stwa rz\u0105du Donalda Tuska. Opozycja okre\u015bla za\u015b to samo porozumienie mianem <em>koalicji 13 grudnia<\/em>. Nawi\u0105zuje nim do dnia, w kt\u00f3rym ponad 40 lat temu wprowadzono nad Wis\u0142\u0105 stan wojenny. <\/p>\n\n\n\n<div style=\"height:20px\" aria-hidden=\"true\" class=\"wp-block-spacer\"><\/div>\n\n\n\n<figure class=\"wp-block-embed is-type-video is-provider-youtube wp-block-embed-youtube wp-embed-aspect-16-9 wp-has-aspect-ratio\"><div class=\"wp-block-embed__wrapper\">\n<div class=\"flex-video widescreen youtube\" data-plyr-embed-id=\"GjQeaHKVeQg\" data-plyr-provider=\"youtube\"><iframe loading=\"lazy\" title=\"Og\u0142oszenie wynik\u00f3w plebiscytu na s\u0142owo roku 2024\" width=\"1170\" height=\"658\" src=\"https:\/\/www.youtube.com\/embed\/GjQeaHKVeQg?feature=oembed\" frameborder=\"0\" allow=\"accelerometer; autoplay; clipboard-write; encrypted-media; gyroscope; picture-in-picture; web-share\" referrerpolicy=\"strict-origin-when-cross-origin\" allowfullscreen><\/iframe><\/div>\n<\/div><figcaption class=\"wp-element-caption\"><sup>Og\u0142oszenie wynik\u00f3w plebiscytu na S\u0142owo Roku 2024<\/sup><\/figcaption><\/figure>\n\n\n\n<div style=\"height:20px\" aria-hidden=\"true\" class=\"wp-block-spacer\"><\/div>\n\n\n\n<h3 class=\"wp-block-heading\">Starsi i m\u0142odsi w czo\u0142\u00f3wce <\/h3>\n\n\n\n<p>Drugie miejsce w zestawieniu zaj\u0119\u0142o inne s\u0142owo ze \u015bwiata polityki. Chodzi o <em><strong>komisj<\/strong><\/em><strong><em>e <\/em><\/strong>(najcz\u0119\u015bciej okre\u015blane przymiotnikiem <em>\u015bledcze<\/em>), kt\u00f3re s\u0142u\u017c\u0105 wyja\u015bnianiu rozmaitych nieprawid\u0142owo\u015bci i nadu\u017cy\u0107. Na najni\u017cszym stopniu podium uplasowa\u0142y si\u0119 z kolei <strong><em>zetki<\/em><\/strong> i to r\u00f3wnie\u017c nie powinno dziwi\u0107. Temat <a href=\"https:\/\/goingapp.pl\/more\/pokolenie-beta-od-kiedy-cechy\/\" target=\"_blank\" rel=\"noreferrer noopener\">pokole\u0144<\/a>, dziel\u0105cych je r\u00f3\u017cnic oraz podobie\u0144stw mi\u0119dzy nimi jest bardzo lubiany w mediach. Cz\u0119sto t\u0142umaczy napi\u0119cia pojawiaj\u0105ce si\u0119 na rynku pracy lub w rodzinie. <\/p>\n\n\n\n<div style=\"height:20px\" aria-hidden=\"true\" class=\"wp-block-spacer\"><\/div>\n\n\n\n<figure class=\"wp-block-embed is-type-video is-provider-youtube wp-block-embed-youtube wp-embed-aspect-16-9 wp-has-aspect-ratio\"><div class=\"wp-block-embed__wrapper\">\n<iframe loading=\"lazy\"  id=\"_ytid_72791\"  width=\"1170\" height=\"658\"  data-origwidth=\"1170\" data-origheight=\"658\" src=\"https:\/\/www.youtube.com\/embed\/nFaEPe6T_m4?enablejsapi=1&#038;autoplay=0&#038;cc_load_policy=0&#038;cc_lang_pref=&#038;iv_load_policy=1&#038;loop=0&#038;modestbranding=0&#038;rel=1&#038;fs=1&#038;playsinline=0&#038;autohide=2&#038;theme=dark&#038;color=red&#038;controls=1&#038;\" class=\"__youtube_prefs__  epyt-is-override  no-lazyload\" title=\"YouTube player\"  allow=\"fullscreen; accelerometer; autoplay; clipboard-write; encrypted-media; gyroscope; picture-in-picture\" allowfullscreen data-no-lazy=\"1\" data-skipgform_ajax_framebjll=\"\"><\/iframe>\n<\/div><figcaption class=\"wp-element-caption\"><sup>How Generation Z Will Change The World According To Experts | TIME<\/sup><\/figcaption><\/figure>\n\n\n\n<div style=\"height:20px\" aria-hidden=\"true\" class=\"wp-block-spacer\"><\/div>\n\n\n\n<h3 class=\"wp-block-heading\">Sie\u0107 zdecydowa\u0142a inaczej <\/h3>\n\n\n\n<p>S\u0142owo Roku 2024 r\u00f3wnolegle wytypowali tak\u017ce internauci, oddaj\u0105c \u0142\u0105cznie ponad 1600 g\u0142os\u00f3w. Pierwsze miejsce przyznali <em><strong>sztucznej inteligencj<\/strong><\/em><strong><em>i<\/em>, <\/strong>kt\u00f3ra wdziera si\u0119 do r\u00f3\u017cnych sfer \u017cycia spo\u0142ecznego. Wysoko w stawce znalaz\u0142y si\u0119 tak\u017ce <em><strong>sto\u0142\u00f3wki <\/strong><\/em>i <em><strong>babciowe<\/strong><\/em>. Drugie ze s\u0142\u00f3w odnosi si\u0119 do \u015bwiadcze\u0144 przyznawanych w ramach programu <em>Aktywny Rodzic<\/em>. Ich celem jest sprawienie, by \u015bwie\u017co upieczeni ojcowie i matki nie musia\u0142y zupe\u0142nie rezygnowa\u0107 z \u017cycia zawodowego. <\/p>\n\n\n\n<p>W poprzednich latach S\u0142owami Roku zosta\u0142y m.in. <em>wybory<\/em>, <em>wojna<\/em>, <em>szczepienie<\/em> oraz <em>koronawirus<\/em>. <\/p>\n","protected":false},"excerpt":{"rendered":"<p>Swojego faworyta wskazali tak\u017ce internauci. W otwartym g\u0142osowaniu zorganizowanym przez Instytut J\u0119zyka Polskiego UW i Fundacj\u0119 J\u0119zyka Polskiego zwyci\u0119\u017cy\u0142a sztuczna inteligencja. Redakcja Collins English Dictionary nas\u0142ucha\u0142a si\u0119 Charli XCX i uzna\u0142a, \u017ce wyrazem ostatnich dwunastu miesi\u0119cy by\u0142o brat. Dictionary.com postawi\u0142o na demure: postaw\u0119 \u0142\u0105cz\u0105c\u0105 ze sob\u0105 pow\u015bci\u0105gliwo\u015b\u0107 i elegancj\u0119. Merriam-Webster wytypowa\u0142o polaryzacj\u0119, Oxford University Press&hellip;<\/p>\n","protected":false},"author":63,"featured_media":129818,"comment_status":"closed","ping_status":"closed","sticky":false,"template":"","format":"standard","meta":{"footnotes":"","_wpscppro_custom_social_share_image":0,"_facebook_share_type":"default","_twitter_share_type":"default","_linkedin_share_type":"default","_pinterest_share_type":"default","_linkedin_share_type_page":"","_instagram_share_type":"default","_selected_social_profile":[]},"categories":[7889],"tags":[7586,3273,3394,5226,4868],"thb-sponsors":[],"class_list":["post-129815","post","type-post","status-publish","format-standard","has-post-thumbnail","hentry","category-lifestyle","tag-jezyk","tag-more","tag-news","tag-polityka","tag-spoleczenstwo","parent_cat_lifestyle"],"publishpress_future_action":{"enabled":false,"date":"2026-05-08 21:56:24","action":"change-status","newStatus":"draft","terms":[],"taxonomy":"category"},"publishpress_future_workflow_manual_trigger":{"enabledWorkflows":[]},"_links":{"self":[{"href":"https:\/\/goingapp.pl\/more\/wp-json\/wp\/v2\/posts\/129815"}],"collection":[{"href":"https:\/\/goingapp.pl\/more\/wp-json\/wp\/v2\/posts"}],"about":[{"href":"https:\/\/goingapp.pl\/more\/wp-json\/wp\/v2\/types\/post"}],"author":[{"embeddable":true,"href":"https:\/\/goingapp.pl\/more\/wp-json\/wp\/v2\/users\/63"}],"replies":[{"embeddable":true,"href":"https:\/\/goingapp.pl\/more\/wp-json\/wp\/v2\/comments?post=129815"}],"version-history":[{"count":6,"href":"https:\/\/goingapp.pl\/more\/wp-json\/wp\/v2\/posts\/129815\/revisions"}],"predecessor-version":[{"id":129844,"href":"https:\/\/goingapp.pl\/more\/wp-json\/wp\/v2\/posts\/129815\/revisions\/129844"}],"wp:featuredmedia":[{"embeddable":true,"href":"https:\/\/goingapp.pl\/more\/wp-json\/wp\/v2\/media\/129818"}],"wp:attachment":[{"href":"https:\/\/goingapp.pl\/more\/wp-json\/wp\/v2\/media?parent=129815"}],"wp:term":[{"taxonomy":"category","embeddable":true,"href":"https:\/\/goingapp.pl\/more\/wp-json\/wp\/v2\/categories?post=129815"},{"taxonomy":"post_tag","embeddable":true,"href":"https:\/\/goingapp.pl\/more\/wp-json\/wp\/v2\/tags?post=129815"},{"taxonomy":"thb-sponsors","embeddable":true,"href":"https:\/\/goingapp.pl\/more\/wp-json\/wp\/v2\/thb-sponsors?post=129815"}],"curies":[{"name":"wp","href":"https:\/\/api.w.org\/{rel}","templated":true}]}}