{"id":130913,"date":"2025-02-07T16:11:55","date_gmt":"2025-02-07T15:11:55","guid":{"rendered":"https:\/\/goingapp.pl\/more\/?p=130913"},"modified":"2025-02-07T16:11:58","modified_gmt":"2025-02-07T15:11:58","slug":"fryderyki-2025-kiedy-tvp-transmisja","status":"publish","type":"post","link":"https:\/\/goingapp.pl\/more\/fryderyki-2025-kiedy-tvp-transmisja\/","title":{"rendered":"Powr\u00f3t do TVP i a\u017c trzy gale. Co ju\u017c wiemy o tegorocznych Fryderykach?"},"content":{"rendered":"\n<h2 class=\"wp-block-heading\">Ka\u017cde z wydarze\u0144 celebruj\u0105cych nagrody Zwi\u0105zku Producent\u00f3w Audio-Video odb\u0119dzie si\u0119 w innym mie\u015bcie. B\u0119d\u0105 po\u015bwi\u0119cone muzyce klasycznej, jazzowej i popularnej. <\/h2>\n\n\n\n<div style=\"height:20px\" aria-hidden=\"true\" class=\"wp-block-spacer\"><\/div>\n\n\n\n<p>Ostatnio miano artystki i artysty roku nadano Hani Rani i Lechowi Janerce. Najlepszym zespo\u0142em okaza\u0142o si\u0119 trio <a href=\"https:\/\/goingapp.pl\/more\/lona-konieczny-krupa-projekt-taxi-wywiad\/\" target=\"_blank\" rel=\"noreferrer noopener\">\u0141ona x Konieczny x Krupa<\/a>, fonograficznym debiutem za\u015b <em>Tu by\u0142a <\/em><a href=\"https:\/\/goingapp.pl\/more\/daria-ze-slaska-wywiad-2024\/\" target=\"_blank\" rel=\"noreferrer noopener\">Darii ze \u015al\u0105ska<\/a>. Statuetki trafi\u0142y tak\u017ce m.in. w r\u0119ce Pauliny Przybysz, Zimy Stulecia, Katarzyny Groniec i Mroza. Kto podzieli ich los i oka\u017ce si\u0119 nast\u0119pnym zdobywc\u0105 <strong>Fryderyk\u00f3w<\/strong>? To pozostaje jeszcze du\u017c\u0105 tajemnic\u0105, bo organizator plebiscytu, <a href=\"https:\/\/zpav.pl\/\" target=\"_blank\" rel=\"noreferrer noopener nofollow\">Zwi\u0105zek Producent\u00f3w Audio-Video<\/a>, nie poda\u0142 nawet do wiadomo\u015bci listy nominowanych. Inne szczeg\u00f3\u0142y konkursu, kt\u00f3ry w tym roku obchodzi 30. urodziny, s\u0105 za to stopniowo ods\u0142aniane. Postanowili\u015bmy zebra\u0107 je do kupy.<\/p>\n\n\n\n<div style=\"height:20px\" aria-hidden=\"true\" class=\"wp-block-spacer\"><\/div>\n\n\n\n<figure class=\"wp-block-embed is-type-video is-provider-youtube wp-block-embed-youtube wp-embed-aspect-16-9 wp-has-aspect-ratio\"><div class=\"wp-block-embed__wrapper\">\n<iframe loading=\"lazy\"  id=\"_ytid_61727\"  width=\"1170\" height=\"658\"  data-origwidth=\"1170\" data-origheight=\"658\" src=\"https:\/\/www.youtube.com\/embed\/CnbyICDMaZQ?enablejsapi=1&#038;autoplay=0&#038;cc_load_policy=0&#038;cc_lang_pref=&#038;iv_load_policy=1&#038;loop=0&#038;modestbranding=0&#038;rel=1&#038;fs=1&#038;playsinline=0&#038;autohide=2&#038;theme=dark&#038;color=red&#038;controls=1&#038;\" class=\"__youtube_prefs__  epyt-is-override  no-lazyload\" title=\"YouTube player\"  allow=\"fullscreen; accelerometer; autoplay; clipboard-write; encrypted-media; gyroscope; picture-in-picture\" allowfullscreen data-no-lazy=\"1\" data-skipgform_ajax_framebjll=\"\"><\/iframe>\n<\/div><figcaption class=\"wp-element-caption\"><sup>Podczas gali rozdania Fryderyk\u00f3w 2024 wsp\u00f3lny utw\u00f3r wykonali Ralph Kaminski i Mery Spolsky<\/sup><\/figcaption><\/figure>\n\n\n\n<div style=\"height:20px\" aria-hidden=\"true\" class=\"wp-block-spacer\"><\/div>\n\n\n\n<h3 class=\"wp-block-heading\">Fryderyki 2025: nowy (stary) nadawca<\/h3>\n\n\n\n<p>W poprzednich latach uroczyst\u0105 gal\u0119 transmitowa\u0142 TVN. Teraz wraca do telewizji publicznej, co w listopadzie przypiecz\u0119towano oficjalnym listem intencyjnym. \u2013 <em>Muzyka jest istotn\u0105 cz\u0119\u015bci\u0105 kultury, a kultura jest dla nas jednym z kluczowych element\u00f3w realizacji misji publicznej.&nbsp;<\/em>(&#8230;) <em>Zrobimy wszystko, by ta nagroda l\u015bni\u0142a pe\u0142nym blaskiem, a sama gala ponownie sta\u0142a si\u0119 \u015bwi\u0119tem w muzycznym kalendarzu<\/em>  \u2013 zadeklarowa\u0142 Tomasz Sygut, dyrektor generalny TVP. <\/p>\n\n\n\n<div style=\"height:20px\" aria-hidden=\"true\" class=\"wp-block-spacer\"><\/div>\n\n\n\n<figure class=\"wp-block-image size-large is-resized\"><img loading=\"lazy\" decoding=\"async\" width=\"1024\" height=\"683\" src=\"https:\/\/goingapp.pl\/more\/wp-content\/uploads\/2025\/02\/Fryderyki-wracaja-do-TVP-1024x683.jpg\" alt=\"Fryderyki 2025\" class=\"wp-image-130920\" style=\"width:670px;height:auto\" srcset=\"https:\/\/goingapp.pl\/more\/wp-content\/uploads\/2025\/02\/Fryderyki-wracaja-do-TVP-1024x683.jpg 1024w, https:\/\/goingapp.pl\/more\/wp-content\/uploads\/2025\/02\/Fryderyki-wracaja-do-TVP-300x200.jpg 300w, https:\/\/goingapp.pl\/more\/wp-content\/uploads\/2025\/02\/Fryderyki-wracaja-do-TVP-768x512.jpg 768w, https:\/\/goingapp.pl\/more\/wp-content\/uploads\/2025\/02\/Fryderyki-wracaja-do-TVP-370x247.jpg 370w, https:\/\/goingapp.pl\/more\/wp-content\/uploads\/2025\/02\/Fryderyki-wracaja-do-TVP-800x533.jpg 800w, https:\/\/goingapp.pl\/more\/wp-content\/uploads\/2025\/02\/Fryderyki-wracaja-do-TVP-20x13.jpg 20w, https:\/\/goingapp.pl\/more\/wp-content\/uploads\/2025\/02\/Fryderyki-wracaja-do-TVP-740x493.jpg 740w, https:\/\/goingapp.pl\/more\/wp-content\/uploads\/2025\/02\/Fryderyki-wracaja-do-TVP-72x48.jpg 72w\" sizes=\"(max-width: 1024px) 100vw, 1024px\" \/><figcaption class=\"wp-element-caption\"><sup>Fryderyki 2025: Transmisj\u0119 przypiecz\u0119towano listem intencyjnym, kt\u00f3ry podpisali Maciej Kutak (po lewej; przewodnicz\u0105cy zarz\u0105du ZPAV) i Tomasz Sygut (po prawej; dyrektor generalny TVP) \/ fot. materia\u0142y prasowe<\/sup><\/figcaption><\/figure>\n\n\n\n<div style=\"height:20px\" aria-hidden=\"true\" class=\"wp-block-spacer\"><\/div>\n\n\n\n<h3 class=\"wp-block-heading\">Trzy wymiary emocji<\/h3>\n\n\n\n<p>W telewizji zobaczymy na \u017cywo Gal\u0119 Muzyki Rozrywkowej oraz retransmisje Gali Muzyki Klasycznej (wcze\u015bniej Powa\u017cnej) i Jazzowej. Odb\u0119d\u0105 si\u0119 w przeci\u0105gu trzech wiosennych tygodni. <\/p>\n\n\n\n<p><strong>23 marca <\/strong>w warszawskim <strong>POLIN Muzeum Historii \u017byd\u00f3w Polskich<\/strong> rozbrzmi jazz. Pierwsz\u0105 og\u0142oszon\u0105 gwiazd\u0105 tego wieczoru jest pianista Leszek Mo\u017cd\u017cer, kt\u00f3ry wyst\u0105pi z formacj\u0105 Atom String Quartet. Tydzie\u0144 p\u00f3\u017aniej, <strong>30 marca, <\/strong>najlepsi z najlepszych na polu muzyki klasycznej spotkaj\u0105 si\u0119 w katowickim <strong>NOSPR-ze. <\/strong>Us\u0142yszymy tam m.in. sopranistk\u0119 Gabriel\u0119 Legun i klasyczno-jazzowego skrzypka Mateusza Smoczy\u0144skiego. Fina\u0142 estradowego tryptyku odb\u0119dzie si\u0119 <strong>5 kwietnia <\/strong>w krakowskiej <strong>TAURON Arenie<\/strong>. Zagraj\u0105 w\u00f3wczas Sobel, Ka\u015bka Sochacka oraz Krzysztof Zalewski. Wi\u0119cej og\u0142osze\u0144 w nieodleg\u0142ej przysz\u0142o\u015bci. <\/p>\n\n\n\n<div style=\"height:20px\" aria-hidden=\"true\" class=\"wp-block-spacer\"><\/div>\n\n\n\n<h3 class=\"wp-block-heading has-text-align-center has-background\" style=\"background-color:#feff12\"><a href=\"https:\/\/goingapp.pl\/more\/justyna-steczkowska-gaja-eurowizja\/\" target=\"_blank\" rel=\"noreferrer noopener\">Justyna Steczkowska wybiera si\u0119 na Eurowizj\u0119 z <em>Gaj\u0105<\/em>. Pos\u0142uchaj, jak brzmi jej konkursowa propozycja!<\/a><\/h3>\n\n\n\n<div style=\"height:20px\" aria-hidden=\"true\" class=\"wp-block-spacer\"><\/div>\n\n\n\n<h3 class=\"wp-block-heading\">Wi\u0119cej singli i krzy\u017c\u00f3wki gatunkowe <\/h3>\n\n\n\n<p>Zmiany nie obejmuj\u0105 jedynie samej wisienki na torcie, czyli fina\u0142owych gal. Modyfikacji uleg\u0142 tak\u017ce sam regulamin przyznawania nagr\u00f3d. Wprowadzono trzy <strong>kategorie gatunkowe dla singli<\/strong>: Pop, Pop Alternatywny oraz Hip Hop. Przy zg\u0142oszeniach piosenek obowi\u0105zuje pr\u00f3g kwalifikacyjny. Je\u015bli utw\u00f3r nie uzyska\u0142 min. 50 tysi\u0119cy stream\u00f3w\/ods\u0142on, nie zostanie wzi\u0119ty pod uwag\u0119. Materia\u0142y jazzman\u00f3w powalcz\u0105 o nowe miano <strong>Albumu Roku Jazz Eksperymentalny\/Muzyka Improwizowana<\/strong>. Tym wykonuj\u0105cym muzyk\u0119 powa\u017cn\u0105 przedstawiono za\u015b kategori\u0119 <strong>Album Roku Klasyka Crossover<\/strong>. Jak sama nazwa wskazuje, ma uhonorowa\u0107 tych artyst\u00f3w, kt\u00f3rym niestraszne odwa\u017cne po\u0142\u0105czenia gatunkowe. <\/p>\n\n\n\n<p>Wygl\u0105da na to, \u017ce Fryderyki 2025 wchodz\u0105 w czwart\u0105 dekad\u0119 istnienia z nowym obliczem. Dopiero nominacje poka\u017c\u0105, czy ducha zmian poczuli tak\u017ce sami cz\u0142onkowie Akademii Fonograficznej, cz\u0119sto oskar\u017cani o zbyt du\u017c\u0105 zachowawczo\u015b\u0107 i przewidywalno\u015b\u0107. <\/p>\n","protected":false},"excerpt":{"rendered":"<p>Ka\u017cde z wydarze\u0144 celebruj\u0105cych nagrody Zwi\u0105zku Producent\u00f3w Audio-Video odb\u0119dzie si\u0119 w innym mie\u015bcie. B\u0119d\u0105 po\u015bwi\u0119cone muzyce klasycznej, jazzowej i popularnej. Ostatnio miano artystki i artysty roku nadano Hani Rani i Lechowi Janerce. Najlepszym zespo\u0142em okaza\u0142o si\u0119 trio \u0141ona x Konieczny x Krupa, fonograficznym debiutem za\u015b Tu by\u0142a Darii ze \u015al\u0105ska. Statuetki trafi\u0142y tak\u017ce m.in. w&hellip;<\/p>\n","protected":false},"author":63,"featured_media":130917,"comment_status":"closed","ping_status":"closed","sticky":false,"template":"","format":"standard","meta":{"footnotes":"","_wpscppro_custom_social_share_image":0,"_facebook_share_type":"default","_twitter_share_type":"default","_linkedin_share_type":"default","_pinterest_share_type":"default","_linkedin_share_type_page":"","_instagram_share_type":"default","_selected_social_profile":[]},"categories":[3238],"tags":[1217,7134,3394,3649],"thb-sponsors":[],"class_list":["post-130913","post","type-post","status-publish","format-standard","has-post-thumbnail","hentry","category-muzyka","tag-jazz","tag-muzyka-powazna","tag-news","tag-pop","parent_cat_muzyka"],"publishpress_future_action":{"enabled":false,"date":"2026-05-08 23:35:30","action":"change-status","newStatus":"draft","terms":[],"taxonomy":"category"},"publishpress_future_workflow_manual_trigger":{"enabledWorkflows":[]},"_links":{"self":[{"href":"https:\/\/goingapp.pl\/more\/wp-json\/wp\/v2\/posts\/130913"}],"collection":[{"href":"https:\/\/goingapp.pl\/more\/wp-json\/wp\/v2\/posts"}],"about":[{"href":"https:\/\/goingapp.pl\/more\/wp-json\/wp\/v2\/types\/post"}],"author":[{"embeddable":true,"href":"https:\/\/goingapp.pl\/more\/wp-json\/wp\/v2\/users\/63"}],"replies":[{"embeddable":true,"href":"https:\/\/goingapp.pl\/more\/wp-json\/wp\/v2\/comments?post=130913"}],"version-history":[{"count":4,"href":"https:\/\/goingapp.pl\/more\/wp-json\/wp\/v2\/posts\/130913\/revisions"}],"predecessor-version":[{"id":130925,"href":"https:\/\/goingapp.pl\/more\/wp-json\/wp\/v2\/posts\/130913\/revisions\/130925"}],"wp:featuredmedia":[{"embeddable":true,"href":"https:\/\/goingapp.pl\/more\/wp-json\/wp\/v2\/media\/130917"}],"wp:attachment":[{"href":"https:\/\/goingapp.pl\/more\/wp-json\/wp\/v2\/media?parent=130913"}],"wp:term":[{"taxonomy":"category","embeddable":true,"href":"https:\/\/goingapp.pl\/more\/wp-json\/wp\/v2\/categories?post=130913"},{"taxonomy":"post_tag","embeddable":true,"href":"https:\/\/goingapp.pl\/more\/wp-json\/wp\/v2\/tags?post=130913"},{"taxonomy":"thb-sponsors","embeddable":true,"href":"https:\/\/goingapp.pl\/more\/wp-json\/wp\/v2\/thb-sponsors?post=130913"}],"curies":[{"name":"wp","href":"https:\/\/api.w.org\/{rel}","templated":true}]}}