{"id":131543,"date":"2025-02-28T12:09:24","date_gmt":"2025-02-28T11:09:24","guid":{"rendered":"https:\/\/goingapp.pl\/more\/?p=131543"},"modified":"2025-07-18T15:09:12","modified_gmt":"2025-07-18T13:09:12","slug":"polskie-premiery-rapowe-marzec-2025","status":"publish","type":"post","link":"https:\/\/goingapp.pl\/more\/polskie-premiery-rapowe-marzec-2025\/","title":{"rendered":"Marzec pod znakiem mainstreamowego rapu. Oto polskie premiery rapowe, na kt\u00f3re warto czeka\u0107"},"content":{"rendered":"\n<h2 class=\"wp-block-heading\">Polskie premiery rapowe, kt\u00f3re zosta\u0142y zapowiedziane na marzec, to g\u0142\u00f3wnie materia\u0142y z najwy\u017cszych rejestr\u00f3w mainstreamu. B\u0119dzie walka na listach sprzeda\u017cy!<\/h2>\n\n\n\n<div style=\"height:20px\" aria-hidden=\"true\" class=\"wp-block-spacer\"><\/div>\n\n\n\n<h3 class=\"wp-block-heading has-text-align-center has-background\" style=\"background-color:#feff05\"><a href=\"https:\/\/goingapp.pl\/szukaj?query=rap\" target=\"_blank\" rel=\"noreferrer noopener\">Bilety na najlepsze koncerty rapowe znajdziecie tutaj!<\/a><\/h3>\n\n\n\n<div style=\"height:20px\" aria-hidden=\"true\" class=\"wp-block-spacer\"><\/div>\n\n\n\n<h3 class=\"wp-block-heading\">HVNCWOTY \u2013 <em>Do Trzech Razy Sztuka<\/em><\/h3>\n\n\n\n<p>Premiera: 14 marca<\/p>\n\n\n\n<p>\u2013 <em>To prawdziwy hip-hop, a nie jaka\u015b tiktokerska andrzejoza<\/em> \u2013 napisa\u0142 w mediach spo\u0142eczno\u015bciowych Barto Katt, czyli raperska po\u0142\u00f3wka duetu. Tak w\u0142a\u015bnie wyt\u0142umaczy\u0142 obsuw\u0119 w wydaniu p\u0142yty. Tandem, kt\u00f3rego drug\u0105 cz\u0119\u015bci\u0105 (t\u0105 producenck\u0105) jest Soulpete, wci\u0105\u017c nie ustaje w staraniach, by pokaza\u0107, \u017ce mo\u017cna dzia\u0142a\u0107 nieco na uboczu, a jednocze\u015bnie przesuwa\u0107 ramy rapowej liryki i brzmienia. Jak na razie poznali\u015bmy dwa single z nadchodz\u0105cego wydawnictwa \u2013 <em>iPhone 7<\/em> oraz <em>Vege Meat Junk Szama<\/em>. Nadal trudno nam powiedzie\u0107, kt\u00f3ry uwa\u017camy za bardziej kreatywny.<\/p>\n\n\n\n<div style=\"height:20px\" aria-hidden=\"true\" class=\"wp-block-spacer\"><\/div>\n\n\n\n<figure class=\"wp-block-embed is-type-video is-provider-youtube wp-block-embed-youtube wp-embed-aspect-4-3 wp-has-aspect-ratio\"><div class=\"wp-block-embed__wrapper\">\n<iframe loading=\"lazy\"  id=\"_ytid_58480\"  width=\"1170\" height=\"658\"  data-origwidth=\"1170\" data-origheight=\"658\" src=\"https:\/\/www.youtube.com\/embed\/oR9PvC0ms2c?enablejsapi=1&#038;autoplay=0&#038;cc_load_policy=0&#038;cc_lang_pref=&#038;iv_load_policy=1&#038;loop=0&#038;modestbranding=0&#038;rel=1&#038;fs=1&#038;playsinline=0&#038;autohide=2&#038;theme=dark&#038;color=red&#038;controls=1&#038;\" class=\"__youtube_prefs__  epyt-is-override  no-lazyload\" title=\"YouTube player\"  allow=\"fullscreen; accelerometer; autoplay; clipboard-write; encrypted-media; gyroscope; picture-in-picture\" allowfullscreen data-no-lazy=\"1\" data-skipgform_ajax_framebjll=\"\"><\/iframe>\n<\/div><\/figure>\n\n\n\n<div style=\"height:20px\" aria-hidden=\"true\" class=\"wp-block-spacer\"><\/div>\n\n\n\n<h3 class=\"wp-block-heading\">Kuba Knap \u2013 <em>Grawitango<\/em><\/h3>\n\n\n\n<p>Premiera: 15 marca<\/p>\n\n\n\n<p>O ile HVNCWOTY znajduj\u0105 si\u0119 metaforycznie na wspomnianym ju\u017c uboczu, o tyle Kuba Knap jest na nim dos\u0142ownie. Niegdy\u015b jeden z najpopularniejszych m\u0142odych raper\u00f3w w Polsce postanowi\u0142 zmieni\u0107 swoje \u017cycie, co sk\u0142oni\u0142o go do poszukania szcz\u0119\u015bcia i spokoju poza g\u0142\u00f3wnym nurtem wydarze\u0144. B\u0119d\u0105c bli\u017cej natury, realizuje si\u0119 nie tylko w kolektywie WCK, ale r\u00f3wnie\u017c w solowej dzia\u0142alno\u015bci. Ma\u0142o jest w rodzimym rapie tw\u00f3rc\u00f3w, kt\u00f3rzy tak dobrze operowaliby tematami przeznaczonymi dla dojrzalszych odbiorc\u00f3w, a przy tym nie brzmieli jak arty\u015bci skazani na niepowodzenie u m\u0142odych.<\/p>\n\n\n\n<div style=\"height:20px\" aria-hidden=\"true\" class=\"wp-block-spacer\"><\/div>\n\n\n\n<figure class=\"wp-block-embed is-type-video is-provider-youtube wp-block-embed-youtube wp-embed-aspect-16-9 wp-has-aspect-ratio\"><div class=\"wp-block-embed__wrapper\">\n<iframe loading=\"lazy\"  id=\"_ytid_96458\"  width=\"1170\" height=\"658\"  data-origwidth=\"1170\" data-origheight=\"658\" src=\"https:\/\/www.youtube.com\/embed\/UNHeC-lEgtY?enablejsapi=1&#038;autoplay=0&#038;cc_load_policy=0&#038;cc_lang_pref=&#038;iv_load_policy=1&#038;loop=0&#038;modestbranding=0&#038;rel=1&#038;fs=1&#038;playsinline=0&#038;autohide=2&#038;theme=dark&#038;color=red&#038;controls=1&#038;\" class=\"__youtube_prefs__  epyt-is-override  no-lazyload\" title=\"YouTube player\"  allow=\"fullscreen; accelerometer; autoplay; clipboard-write; encrypted-media; gyroscope; picture-in-picture\" allowfullscreen data-no-lazy=\"1\" data-skipgform_ajax_framebjll=\"\"><\/iframe>\n<\/div><\/figure>\n\n\n\n<div style=\"height:20px\" aria-hidden=\"true\" class=\"wp-block-spacer\"><\/div>\n\n\n\n<h3 class=\"wp-block-heading\">Polskie premiery rapowe (marzec): Donatan \u2013 <em>R\u00f3wnonoc: Rar\u00f3g<\/em><\/h3>\n\n\n\n<p>Premiera: 21 marca<\/p>\n\n\n\n<p>Pierwsza cz\u0119\u015b\u0107 <em>R\u00f3wnonocy<\/em> ukaza\u0142a si\u0119 w 2012 roku, lecz jeszcze przed premier\u0105 zrobi\u0142a raban w ca\u0142ej Polsce. I to taki, \u017ce niekt\u00f3rym umkn\u0119\u0142o, i\u017c zosta\u0142a pierwsz\u0105 diamentow\u0105 p\u0142yt\u0105 w historii polskiego rapu. Nie wszystkim spodoba\u0142y si\u0119 bowiem s\u0142owia\u0144skie motywy po\u0142\u0105czone z rapem oraz ameryka\u0144ski mindset autora, kt\u00f3ry chcia\u0142 \u015bwietnie zarobi\u0107 i wcale si\u0119 z tym nie kry\u0142. Po wielu latach rzadkiej aktywno\u015bci muzycznej Donatan chce znowu pokaza\u0107 bran\u017cy, \u017ce mo\u017ce osi\u0105gn\u0105\u0107 spektakularny sukces sprzeda\u017cowy. By tak si\u0119 sta\u0142o, wypu\u015bci\u0142 sporo singli z zaskakuj\u0105cymi zestawieniami personalnymi. Jednego mo\u017cemy by\u0107 pewni \u2013 b\u0119d\u0105 kontrowersje, wi\u0119c nikt nie przeoczy tego wydawnictwa.<\/p>\n\n\n\n<div style=\"height:20px\" aria-hidden=\"true\" class=\"wp-block-spacer\"><\/div>\n\n\n\n<figure class=\"wp-block-embed is-type-video is-provider-youtube wp-block-embed-youtube wp-embed-aspect-16-9 wp-has-aspect-ratio\"><div class=\"wp-block-embed__wrapper\">\n<iframe loading=\"lazy\"  id=\"_ytid_34696\"  width=\"1170\" height=\"658\"  data-origwidth=\"1170\" data-origheight=\"658\" src=\"https:\/\/www.youtube.com\/embed\/ryDNK8AyaYc?enablejsapi=1&#038;autoplay=0&#038;cc_load_policy=0&#038;cc_lang_pref=&#038;iv_load_policy=1&#038;loop=0&#038;modestbranding=0&#038;rel=1&#038;fs=1&#038;playsinline=0&#038;autohide=2&#038;theme=dark&#038;color=red&#038;controls=1&#038;\" class=\"__youtube_prefs__  epyt-is-override  no-lazyload\" title=\"YouTube player\"  allow=\"fullscreen; accelerometer; autoplay; clipboard-write; encrypted-media; gyroscope; picture-in-picture\" allowfullscreen data-no-lazy=\"1\" data-skipgform_ajax_framebjll=\"\"><\/iframe>\n<\/div><\/figure>\n\n\n\n<div style=\"height:20px\" aria-hidden=\"true\" class=\"wp-block-spacer\"><\/div>\n\n\n\n<h3 class=\"wp-block-heading\">ReTo \u2013 <em>IGOR<\/em><\/h3>\n\n\n\n<p>Premiera: 21 marca<\/p>\n\n\n\n<p>Kariera ReTo jest jedn\u0105 z najmniej oczywistych w najnowszej historii polskiego rapu. Zwi\u0105zany niegdy\u015b z chillwagonem raper stroni od rozmawiania z mediami, ale ma w planach najbardziej osobisty materia\u0142 w karierze. \u017beby podkre\u015bli\u0107 ten zamys\u0142, nazwa\u0142 p\u0142yt\u0119 swoim imieniem. Jak wysz\u0142a ta niespodziewana wolta artysty, kt\u00f3ry w ostatnim czasie wypuszcza\u0142 hity nawi\u0105zuj\u0105ce do znanych melodii, przekonamy si\u0119 na pocz\u0105tku wiosny. Wszystko wskazuje na to, \u017ce po ods\u0142uchu b\u0119dziemy wiedzieli du\u017co wi\u0119cej o zarazem bardzo znanym i enigmatycznym tw\u00f3rcy.<\/p>\n\n\n\n<div style=\"height:20px\" aria-hidden=\"true\" class=\"wp-block-spacer\"><\/div>\n\n\n\n<figure class=\"wp-block-embed is-type-video is-provider-youtube wp-block-embed-youtube wp-embed-aspect-16-9 wp-has-aspect-ratio\"><div class=\"wp-block-embed__wrapper\">\n<iframe loading=\"lazy\"  id=\"_ytid_22403\"  width=\"1170\" height=\"658\"  data-origwidth=\"1170\" data-origheight=\"658\" src=\"https:\/\/www.youtube.com\/embed\/r7HQpwOYyIU?enablejsapi=1&#038;autoplay=0&#038;cc_load_policy=0&#038;cc_lang_pref=&#038;iv_load_policy=1&#038;loop=0&#038;modestbranding=0&#038;rel=1&#038;fs=1&#038;playsinline=0&#038;autohide=2&#038;theme=dark&#038;color=red&#038;controls=1&#038;\" class=\"__youtube_prefs__  epyt-is-override  no-lazyload\" title=\"YouTube player\"  allow=\"fullscreen; accelerometer; autoplay; clipboard-write; encrypted-media; gyroscope; picture-in-picture\" allowfullscreen data-no-lazy=\"1\" data-skipgform_ajax_framebjll=\"\"><\/iframe>\n<\/div><\/figure>\n\n\n\n<div style=\"height:20px\" aria-hidden=\"true\" class=\"wp-block-spacer\"><\/div>\n\n\n\n<h3 class=\"wp-block-heading\">Polskie premiery rapowe (marzec): kuqe \u2013 <em>nareszcie w domu<\/em><\/h3>\n\n\n\n<p>Premiera: 21 marca<\/p>\n\n\n\n<p>Czy w naszych rymach i bitach by\u0142a p\u0142yta, kt\u00f3r\u0105 zapowiadano d\u0142u\u017cej? Jasne, ale \u017ceby j\u0105 znale\u017a\u0107, musimy si\u0119 cofn\u0105\u0107 si\u0119 do czas\u00f3w dawnego, przedstreamingowego podziemia. Mimo dzia\u0142ania w pr\u0119\u017cnym, przez wiele lat robi\u0105cym furor\u0119 w rapie kolektywie kuqe \u015bwiadomie dawkowa\u0142 swoj\u0105 artystyczn\u0105 obecno\u015b\u0107. Po wielu latach niedom\u00f3wie\u0144 i miesi\u0105cach przedstawiania konkret\u00f3w nareszcie wiemy, kiedy wyda solowy album. Je\u015bli t\u0119sknili\u015bcie za wersami i flow cz\u0142onka 2115, to koniecznie pos\u0142uchajcie singla, w kt\u00f3rym wspar\u0142 go Bedoes. No i trzymajcie kciuki, by nie by\u0142o obsuwy!<\/p>\n\n\n\n<div style=\"height:20px\" aria-hidden=\"true\" class=\"wp-block-spacer\"><\/div>\n\n\n\n<figure class=\"wp-block-embed is-type-video is-provider-youtube wp-block-embed-youtube wp-embed-aspect-16-9 wp-has-aspect-ratio\"><div class=\"wp-block-embed__wrapper\">\n<iframe loading=\"lazy\"  id=\"_ytid_65324\"  width=\"1170\" height=\"658\"  data-origwidth=\"1170\" data-origheight=\"658\" src=\"https:\/\/www.youtube.com\/embed\/XxBWd8q97RY?enablejsapi=1&#038;autoplay=0&#038;cc_load_policy=0&#038;cc_lang_pref=&#038;iv_load_policy=1&#038;loop=0&#038;modestbranding=0&#038;rel=1&#038;fs=1&#038;playsinline=0&#038;autohide=2&#038;theme=dark&#038;color=red&#038;controls=1&#038;\" class=\"__youtube_prefs__  epyt-is-override  no-lazyload\" title=\"YouTube player\"  allow=\"fullscreen; accelerometer; autoplay; clipboard-write; encrypted-media; gyroscope; picture-in-picture\" allowfullscreen data-no-lazy=\"1\" data-skipgform_ajax_framebjll=\"\"><\/iframe>\n<\/div><\/figure>\n\n\n\n<div style=\"height:20px\" aria-hidden=\"true\" class=\"wp-block-spacer\"><\/div>\n\n\n\n<h3 class=\"wp-block-heading\">\u017babson \u2013 <em>HOLLYWOOD SMILE<\/em><\/h3>\n\n\n\n<p>Premiera: 21 marca<\/p>\n\n\n\n<p>Jak ju\u017c wiecie z naszego magazynu, \u017babson b\u0119dzie w tym roku \u015bwi\u0119towa\u0107 10-lecie bogatej, obfituj\u0105cej w zmiany kariery. Z tego powodu zagra sporo niecodziennych koncert\u00f3w, o kt\u00f3rych mogli\u015bcie przeczytacie <a href=\"https:\/\/goingapp.pl\/more\/zabson-hollywood-smile-x-perience-bilety-2025\/\" target=\"_blank\" rel=\"noreferrer noopener\">tutaj<\/a>. Warto jednak pami\u0119ta\u0107, \u017ce za\u0142o\u017cyciel <a href=\"https:\/\/www.youtube.com\/@INTERNAZIOMALE_official\" target=\"_blank\" rel=\"noreferrer noopener nofollow\">Internaziomali<\/a> wyda tak\u017ce nowy kr\u0105\u017cek <em>HOLLYWOOD SMILE<\/em>. Wydaje si\u0119, \u017ce materia\u0142 b\u0119dzie spe\u0142nieniem ameryka\u0144skich sn\u00f3w gospodarza, staraj\u0105cego si\u0119 dzia\u0142a\u0107 na wi\u0119ksz\u0105 skal\u0119 bez p\u00f3j\u015bcia po linii najmniejszego oporu w kwestiach stylistycznych.<\/p>\n\n\n\n<div style=\"height:20px\" aria-hidden=\"true\" class=\"wp-block-spacer\"><\/div>\n\n\n\n<figure class=\"wp-block-embed is-type-video is-provider-youtube wp-block-embed-youtube wp-embed-aspect-16-9 wp-has-aspect-ratio\"><div class=\"wp-block-embed__wrapper\">\n<iframe loading=\"lazy\"  id=\"_ytid_98225\"  width=\"1170\" height=\"658\"  data-origwidth=\"1170\" data-origheight=\"658\" src=\"https:\/\/www.youtube.com\/embed\/GXFw5ZLXLFQ?enablejsapi=1&#038;autoplay=0&#038;cc_load_policy=0&#038;cc_lang_pref=&#038;iv_load_policy=1&#038;loop=0&#038;modestbranding=0&#038;rel=1&#038;fs=1&#038;playsinline=0&#038;autohide=2&#038;theme=dark&#038;color=red&#038;controls=1&#038;\" class=\"__youtube_prefs__  epyt-is-override  no-lazyload\" title=\"YouTube player\"  allow=\"fullscreen; accelerometer; autoplay; clipboard-write; encrypted-media; gyroscope; picture-in-picture\" allowfullscreen data-no-lazy=\"1\" data-skipgform_ajax_framebjll=\"\"><\/iframe>\n<\/div><\/figure>\n\n\n\n<div style=\"height:20px\" aria-hidden=\"true\" class=\"wp-block-spacer\"><\/div>\n\n\n\n<h3 class=\"wp-block-heading\">Jan-rapowanie \u2013 <em>GROTESKA<\/em><\/h3>\n\n\n\n<p>Premiera: 28 marca<\/p>\n\n\n\n<p>Niedawny transfer Jana-rapowanie do wytworni 2020 by\u0142 jednym z najwi\u0119kszych wydarze\u0144 bran\u017cowych w polskim rapie. Oczywi\u015bcie to przej\u015bcie b\u0119dzie mia\u0142o swoje konsekwencje tak\u017ce w kwestii sznytu nowego kr\u0105\u017cka. Jaki\u015b czas nieobecny autor poszukuje bowiem spokoju i normalno\u015bci, przygl\u0105daj\u0105c si\u0119 samemu sobie i swoim emocjom. Jeste\u015bmy pewni, \u017ce <em>GROTESKA<\/em> poruszy wiele serc \u2013 nie tylko tych, kt\u00f3re bij\u0105 w rytm rapowych b\u0119bn\u00f3w.<\/p>\n\n\n\n<div style=\"height:20px\" aria-hidden=\"true\" class=\"wp-block-spacer\"><\/div>\n\n\n\n<figure class=\"wp-block-embed is-type-video is-provider-youtube wp-block-embed-youtube wp-embed-aspect-16-9 wp-has-aspect-ratio\"><div class=\"wp-block-embed__wrapper\">\n<iframe loading=\"lazy\"  id=\"_ytid_26166\"  width=\"1170\" height=\"658\"  data-origwidth=\"1170\" data-origheight=\"658\" src=\"https:\/\/www.youtube.com\/embed\/dEG8oAo2omI?enablejsapi=1&#038;autoplay=0&#038;cc_load_policy=0&#038;cc_lang_pref=&#038;iv_load_policy=1&#038;loop=0&#038;modestbranding=0&#038;rel=1&#038;fs=1&#038;playsinline=0&#038;autohide=2&#038;theme=dark&#038;color=red&#038;controls=1&#038;\" class=\"__youtube_prefs__  epyt-is-override  no-lazyload\" title=\"YouTube player\"  allow=\"fullscreen; accelerometer; autoplay; clipboard-write; encrypted-media; gyroscope; picture-in-picture\" allowfullscreen data-no-lazy=\"1\" data-skipgform_ajax_framebjll=\"\"><\/iframe>\n<\/div><\/figure>\n","protected":false},"excerpt":{"rendered":"<p>Polskie premiery rapowe, kt\u00f3re zosta\u0142y zapowiedziane na marzec, to g\u0142\u00f3wnie materia\u0142y z najwy\u017cszych rejestr\u00f3w mainstreamu. B\u0119dzie walka na listach sprzeda\u017cy! Bilety na najlepsze koncerty rapowe znajdziecie tutaj! HVNCWOTY \u2013 Do Trzech Razy Sztuka Premiera: 14 marca \u2013 To prawdziwy hip-hop, a nie jaka\u015b tiktokerska andrzejoza \u2013 napisa\u0142 w mediach spo\u0142eczno\u015bciowych Barto Katt, czyli raperska po\u0142\u00f3wka&hellip;<\/p>\n","protected":false},"author":5,"featured_media":131545,"comment_status":"closed","ping_status":"closed","sticky":false,"template":"","format":"standard","meta":{"footnotes":"","_wpscppro_custom_social_share_image":0,"_facebook_share_type":"default","_twitter_share_type":"default","_linkedin_share_type":"default","_pinterest_share_type":"default","_linkedin_share_type_page":"","_instagram_share_type":"default","_selected_social_profile":[]},"categories":[3238],"tags":[3273,3394,2888,1499],"thb-sponsors":[],"class_list":["post-131543","post","type-post","status-publish","format-standard","has-post-thumbnail","hentry","category-muzyka","tag-more","tag-news","tag-polski-rap","tag-rap","parent_cat_muzyka"],"publishpress_future_action":{"enabled":false,"date":"2026-05-10 12:03:02","action":"change-status","newStatus":"draft","terms":[],"taxonomy":"category"},"publishpress_future_workflow_manual_trigger":{"enabledWorkflows":[]},"_links":{"self":[{"href":"https:\/\/goingapp.pl\/more\/wp-json\/wp\/v2\/posts\/131543"}],"collection":[{"href":"https:\/\/goingapp.pl\/more\/wp-json\/wp\/v2\/posts"}],"about":[{"href":"https:\/\/goingapp.pl\/more\/wp-json\/wp\/v2\/types\/post"}],"author":[{"embeddable":true,"href":"https:\/\/goingapp.pl\/more\/wp-json\/wp\/v2\/users\/5"}],"replies":[{"embeddable":true,"href":"https:\/\/goingapp.pl\/more\/wp-json\/wp\/v2\/comments?post=131543"}],"version-history":[{"count":1,"href":"https:\/\/goingapp.pl\/more\/wp-json\/wp\/v2\/posts\/131543\/revisions"}],"predecessor-version":[{"id":131547,"href":"https:\/\/goingapp.pl\/more\/wp-json\/wp\/v2\/posts\/131543\/revisions\/131547"}],"wp:featuredmedia":[{"embeddable":true,"href":"https:\/\/goingapp.pl\/more\/wp-json\/wp\/v2\/media\/131545"}],"wp:attachment":[{"href":"https:\/\/goingapp.pl\/more\/wp-json\/wp\/v2\/media?parent=131543"}],"wp:term":[{"taxonomy":"category","embeddable":true,"href":"https:\/\/goingapp.pl\/more\/wp-json\/wp\/v2\/categories?post=131543"},{"taxonomy":"post_tag","embeddable":true,"href":"https:\/\/goingapp.pl\/more\/wp-json\/wp\/v2\/tags?post=131543"},{"taxonomy":"thb-sponsors","embeddable":true,"href":"https:\/\/goingapp.pl\/more\/wp-json\/wp\/v2\/thb-sponsors?post=131543"}],"curies":[{"name":"wp","href":"https:\/\/api.w.org\/{rel}","templated":true}]}}