{"id":1327,"date":"2018-04-11T17:05:44","date_gmt":"2018-04-11T15:05:44","guid":{"rendered":"https:\/\/goingapp.pl\/more\/?p=1327"},"modified":"2024-03-22T14:50:49","modified_gmt":"2024-03-22T13:50:49","slug":"szczesliwa-szostka-festiwalu-spring-break","status":"publish","type":"post","link":"https:\/\/goingapp.pl\/more\/szczesliwa-szostka-festiwalu-spring-break\/","title":{"rendered":"Szcz\u0119\u015bliwa sz\u00f3stka festiwalu Spring Break"},"content":{"rendered":"<h5><span style=\"font-size: 12pt;\"><strong><span style=\"font-family: arial, helvetica, sans-serif; color: #000000;\">Od kilku lat, niezmiennie, ko\u0144c\u00f3wka kwietnia kojarzy nam si\u0119 z wyjazdami do Poznania. Tamtejszy Spring Break to doskona\u0142a okazja do sprawdzenia, co \u015bwie\u017cego i ciekawego dzieje si\u0119 w polskiej alternatywnej muzyce. Z okazji zbli\u017caj\u0105cego si\u0119 festiwalu, wybrali\u015bmy dla Was sz\u00f3stk\u0119 artyst\u00f3w, kt\u00f3rzy naszym zdaniem zas\u0142uguj\u0105 na szczeg\u00f3ln\u0105 uwag\u0119.<\/span><\/strong><\/span><\/h5>\n<p><span style=\"font-size: 14pt;\"><strong><span style=\"font-family: arial, helvetica, sans-serif; color: #000000;\">Giorgio Fazer<\/span><\/strong><\/span><\/p>\n<p><span style=\"font-family: arial, helvetica, sans-serif; font-size: 12pt; color: #000000;\">Wsp\u00f3lny projekt dw\u00f3ch do\u015bwiadczonych muzyk\u00f3w: Mirona Grzegorkiewicza i Mateusza Franczaka. Pod koniec 2017 roku wydali debiutancki album o wymownym tytule <em>Gorzki to chleb jest polsko\u015b\u0107<\/em>. Jaka jest muzyka Giorgio Fazer? Z pewno\u015bci\u0105 ujmuj\u0105ca szerok\u0105 palet\u0105 emocji, zawartych w pozornie oszcz\u0119dnych, wr\u0119cz ascetycznych kompozycjach. Kola\u017cowa, bardzo osobista, poruszaj\u0105ca i wprawiaj\u0105ca s\u0142uchacza w wyj\u0105tkowy, medytacyjny stan muzyka.\u00a0<\/span><\/p>\n<p><span style=\"font-size: 14pt;\"><strong><span style=\"font-family: arial, helvetica, sans-serif; color: #000000;\">Ala\\Zastary <\/span><\/strong><\/span><\/p>\n<p><span style=\"font-family: arial, helvetica, sans-serif; font-size: 12pt; color: #000000;\">Mo\u017ce kiedy\u015b doczekamy si\u0119 w naszym kraju popowego duetu z prawdziwego zdarzenia. W przypadku projektu Ala\/Zastary owa szansa\u00a0jest niezwykle wysoka. P\u00f3ki co, mogli\u015bmy pos\u0142ucha\u0107 tylko dw\u00f3ch singli promuj\u0105cych d\u0142ugograj\u0105cy album. Nasze wra\u017cenia? Radosny, przebojowy i niepretensjonalny pop. \u015awietne melodie, lekkie teksty i bardzo solidne wykonanie. A\u017c chce si\u0119 \u015bpiewa\u0107 i ta\u0144czy\u0107.<\/span><\/p>\n<p><iframe loading=\"lazy\" src=\"https:\/\/www.youtube.com\/embed\/AMQxpUVwilw\" width=\"560\" height=\"315\" frameborder=\"0\" allowfullscreen=\"allowfullscreen\"><\/iframe><\/p>\n<p><span style=\"font-size: 14pt;\"><strong><span style=\"font-family: arial, helvetica, sans-serif; color: #000000;\">\u017bal<\/span><\/strong><\/span><\/p>\n<p><span style=\"font-family: arial, helvetica, sans-serif; font-size: 12pt; color: #000000;\">Jakub Buchner i Aleksander \u017burowski zderzaj\u0105 szerokie elektroniczne brzmienie z gitarowymi elementami. S\u0105 syntezatory, si\u0119ganie po alternatywne formy i wszechobecny mrok, kreowany w oparciu o detale. Ca\u0142o\u015b\u0107 ich muzycznej formu\u0142y nie ucieka jednak od bardziej taneczno-popowych element\u00f3w, chocia\u017c i te zostaj\u0105 przepuszczone przez industrialny flirt.\u00a0<\/span><\/p>\n<p><span style=\"font-family: arial, helvetica, sans-serif; font-size: 14pt; color: #000000;\"><b>Gniewomir Tomczyk<\/b><\/span><\/p>\n<p><span style=\"font-weight: 400; font-family: arial, helvetica, sans-serif; color: #000000; font-size: 12pt;\">Tomczyk to zdecydowanie jeden z najbardziej ambitnych perkusist\u00f3w m\u0142odego pokolenia. Nie przestaje prze\u0107 naprz\u00f3d, bez przerwy szuka nowych projekt\u00f3w i kolejnych\u00a0zajawek. Jego najwi\u0119ksz\u0105 wizyt\u00f3wk\u0105 jest \u201eGniewomir Tomczyk \/ Project\u201d, jednak stale wsp\u00f3\u0142pracuje z artystami takimi jak xxanaxx, MIN t czy Daniel Bloom. Swoje rytmiczne wycieczki umieszcza w elektronice, hip-hopie, alternatywie czy popie, nie poprzestaj\u0105c na jednej stylistyce. <\/span><\/p>\n<p><span style=\"font-size: 14pt;\"><strong><span style=\"font-family: arial, helvetica, sans-serif; color: #000000;\">Patryk Cannon<\/span><\/strong><\/span><\/p>\n<p><span style=\"font-family: arial, helvetica, sans-serif; color: #000000; font-size: 12pt;\">Wydana kilkana\u015bcie dni temu p\u0142yta<em>\u00a0Family Movies Waves And Friends<\/em> nieco na nowo zdefiniowa\u0142a tw\u00f3rczo\u015b\u0107 zdolnego producenta. Ukaza\u0142a si\u0119\u00a0w nale\u017c\u0105cym do Ma\u0107ka Sienkiewicza labelu FASRAT, co nie powinno dziwi\u0107, bo zawarto\u015b\u0107 jak najbardziej odpowiednia i przygotowana na wysokim poziomie. Znajduj\u0105c\u0105 si\u0119 na niej muzyka zosta\u0142a okre\u015blona\u00a0mianem <em>post-club electronica<\/em> i w sumie ci\u0119\u017cko si\u0119 z tym nie zgodzi\u0107. Du\u017co tutaj szum\u00f3w, przester\u00f3w, ciekawych beat\u00f3w, i\u015bcie filmowych sampli oraz intryguj\u0105cych przeszkadzajek. Dzieje si\u0119 sporo i uwa\u017camy, \u017ce w wersji live mo\u017ce by\u0107 jeszcze ciekawiej.<\/span><\/p>\n<p><iframe loading=\"lazy\" src=\"https:\/\/www.youtube.com\/embed\/NJmMZf-W4x0\" width=\"560\" height=\"315\" frameborder=\"0\" allowfullscreen=\"allowfullscreen\"><\/iframe><\/p>\n<p><span style=\"font-size: 14pt;\"><strong><span style=\"font-family: arial, helvetica, sans-serif; color: #000000;\">Sorja Morja <\/span><\/strong><\/span><\/p>\n<p><span style=\"font-weight: 400; font-family: arial, helvetica, sans-serif; color: #000000; font-size: 12pt;\">W tw\u00f3rczo\u015bci warszawskiego duetu urzeka \u015bwiadomo\u015b\u0107 w\u0142asnych \u201cbrak\u00f3w\u201d &#8211; tych technicznych i tych wokalnych, takich, kt\u00f3re pozwalaj\u0105 na autentyczny post-punkowy vibe. Pojawia si\u0119 prostota, kt\u00f3ra determinuje naturaln\u0105 chwytliwo\u015b\u0107 kompozycji &#8211; co nie\u00a0oznacza, \u017ce brzmienie duetu\u00a0jest ubogie, wprost przeciwnie. Przez ich debiutancki album \u201cSorja\u201d przewijaj\u0105 si\u0119 syntezatory, saksofon i bas, zawsze idealnie koresponduj\u0105c z wokalem Ewy Sadowskiej. Nienarzucaj\u0105ce si\u0119, lekkie, wr\u0119cz poetyckie piosenki.\u00a0<\/span><\/p>\n<p><span style=\"font-family: arial, helvetica, sans-serif; color: #000000; font-size: 12pt;\">Przypominamy, \u017ce Spring Break odb\u0119dzie si\u0119 w dniach <strong>19-21 kwietnia<\/strong>. Za festiwalowe miejsc\u00f3wki pos\u0142u\u017c\u0105 m.in. klub Tama, Schron, CK Zamek, klub Dragon, Pod Minog\u0105 czy Pies Andaluzyjski i wiele innych.<\/span><\/p>\n<p><span style=\"font-family: arial, helvetica, sans-serif; font-size: 10pt;\">cover fot.\u00a0fot. Julia Karwan-Jastrz\u0119bska<\/span><\/p>\n<p><iframe loading=\"lazy\" style=\"overflow: hidden;\" src=\"https:\/\/goingapp.pl\/embed\/1270426\" width=\"100%\" height=\"500px\" frameborder=\"0\" scrolling=\"no\"><\/iframe><\/p>\n","protected":false},"excerpt":{"rendered":"<p>Od kilku lat, niezmiennie, ko\u0144c\u00f3wka kwietnia kojarzy nam si\u0119 z wyjazdami do Poznania. Tamtejszy Spring Break to doskona\u0142a okazja do sprawdzenia, co \u015bwie\u017cego i ciekawego dzieje si\u0119 w polskiej alternatywnej muzyce. Z okazji zbli\u017caj\u0105cego si\u0119 festiwalu, wybrali\u015bmy dla Was sz\u00f3stk\u0119 artyst\u00f3w, kt\u00f3rzy naszym zdaniem zas\u0142uguj\u0105 na szczeg\u00f3ln\u0105 uwag\u0119. Giorgio Fazer Wsp\u00f3lny projekt dw\u00f3ch do\u015bwiadczonych muzyk\u00f3w:&hellip;<\/p>\n","protected":false},"author":5,"featured_media":1331,"comment_status":"open","ping_status":"open","sticky":false,"template":"","format":"standard","meta":{"footnotes":"","_wpscppro_custom_social_share_image":0,"_facebook_share_type":"","_twitter_share_type":"","_linkedin_share_type":"","_pinterest_share_type":"","_linkedin_share_type_page":"","_instagram_share_type":"","_selected_social_profile":[]},"categories":[28],"tags":[438,435,437,433,279,432,431,434],"thb-sponsors":[],"class_list":["post-1327","post","type-post","status-publish","format-standard","has-post-thumbnail","hentry","category-opinie","tag-fasrat","tag-giorgio-fazer","tag-gniewomir-tomczyk","tag-patryk-cannon","tag-poznan","tag-sorja-morja","tag-spring-break","tag-zal","parent_cat_opinie"],"publishpress_future_action":{"enabled":false,"date":"2026-05-07 03:36:21","action":"change-status","newStatus":"draft","terms":[],"taxonomy":"category"},"publishpress_future_workflow_manual_trigger":{"enabledWorkflows":[]},"_links":{"self":[{"href":"https:\/\/goingapp.pl\/more\/wp-json\/wp\/v2\/posts\/1327"}],"collection":[{"href":"https:\/\/goingapp.pl\/more\/wp-json\/wp\/v2\/posts"}],"about":[{"href":"https:\/\/goingapp.pl\/more\/wp-json\/wp\/v2\/types\/post"}],"author":[{"embeddable":true,"href":"https:\/\/goingapp.pl\/more\/wp-json\/wp\/v2\/users\/5"}],"replies":[{"embeddable":true,"href":"https:\/\/goingapp.pl\/more\/wp-json\/wp\/v2\/comments?post=1327"}],"version-history":[{"count":7,"href":"https:\/\/goingapp.pl\/more\/wp-json\/wp\/v2\/posts\/1327\/revisions"}],"predecessor-version":[{"id":1335,"href":"https:\/\/goingapp.pl\/more\/wp-json\/wp\/v2\/posts\/1327\/revisions\/1335"}],"wp:featuredmedia":[{"embeddable":true,"href":"https:\/\/goingapp.pl\/more\/wp-json\/wp\/v2\/media\/1331"}],"wp:attachment":[{"href":"https:\/\/goingapp.pl\/more\/wp-json\/wp\/v2\/media?parent=1327"}],"wp:term":[{"taxonomy":"category","embeddable":true,"href":"https:\/\/goingapp.pl\/more\/wp-json\/wp\/v2\/categories?post=1327"},{"taxonomy":"post_tag","embeddable":true,"href":"https:\/\/goingapp.pl\/more\/wp-json\/wp\/v2\/tags?post=1327"},{"taxonomy":"thb-sponsors","embeddable":true,"href":"https:\/\/goingapp.pl\/more\/wp-json\/wp\/v2\/thb-sponsors?post=1327"}],"curies":[{"name":"wp","href":"https:\/\/api.w.org\/{rel}","templated":true}]}}