{"id":132840,"date":"2025-04-17T11:20:14","date_gmt":"2025-04-17T09:20:14","guid":{"rendered":"https:\/\/goingapp.pl\/more\/?p=132840"},"modified":"2025-04-17T11:25:39","modified_gmt":"2025-04-17T09:25:39","slug":"emigracja-xd-serial-2025-zwiastun-malcolm-xd","status":"publish","type":"post","link":"https:\/\/goingapp.pl\/more\/emigracja-xd-serial-2025-zwiastun-malcolm-xd\/","title":{"rendered":"Stomil i Malcolm kontra warszawski rynek pracy. Zobacz zwiastun serialu \u201eEdukacja XD\u201d"},"content":{"rendered":"\n<h2 class=\"wp-block-heading\">W nowych odcinkach komediowego hitu CANAL+  poza odtw\u00f3rcami g\u0142\u00f3wnych r\u00f3l, Tomaszem W\u0142osokiem i Micha\u0142em Balickim, pojawia si\u0119 plejada gwiazd. Zobaczymy m.in. Jana Frycza, Sebastiana Stankiewicza i Wojciecha Mecwaldowskiego. <\/h2>\n\n\n\n<div style=\"height:20px\" aria-hidden=\"true\" class=\"wp-block-spacer\"><\/div>\n\n\n\n<h3 class=\"wp-block-heading has-text-align-center has-background\" style=\"background-color:#feff12\"><a href=\"https:\/\/goingapp.pl\/wydarzenie\/spotkanie-z-tworcami-serialu-edukacja-xd\/warszawa-kwiecien-2025\" target=\"_blank\" rel=\"noreferrer noopener\">24 kwietnia w warszawskim Empiku Cepelia odb\u0119dzie si\u0119 spotkanie z tw\u00f3rcami <em>Edukacja XD <\/em>i pokaz czterech odcink\u00f3w serialu. Wydarzenie poprowadzi duet Podcastex. Z\u0142ap swoj\u0105 wej\u015bci\u00f3wk\u0119!<\/a><\/h3>\n\n\n\n<div style=\"height:20px\" aria-hidden=\"true\" class=\"wp-block-spacer\"><\/div>\n\n\n\n<p>Z kinowych ekran\u00f3w wci\u0105\u017c nie znikn\u0105\u0142 <em><strong>Wujek Foliarz <\/strong><\/em>Micha\u0142a Tylki. Re\u017cyser wraca w filmie do postaci Anona \/ Kuby Ga\u0142eckiego (<a href=\"https:\/\/goingapp.pl\/more\/mikolaj-kubacki-wywiad-wujek-foliarz-film\/\" target=\"_blank\" rel=\"noreferrer noopener\">Miko\u0142aj Kubacki<\/a>), ch\u0142opaka pr\u00f3buj\u0105cego odnale\u017a\u0107 si\u0119 w\u015br\u00f3d ekscentrycznych cz\u0142onk\u00f3w rodziny. Widzowie poznali go w <em>Fanatyku<\/em>, gdzie opowiada\u0142 o swoim ojcu, zagorza\u0142ym entuzja\u015bcie ryb, w\u0119dek i sp\u0142awik\u00f3w. Teraz trafia do domu wuja Jerzego, dziennikarza niezale\u017cnej telewizji <em>Prawda TV <\/em>i gor\u0105cego zwolennika teorii spiskowych. M\u0119\u017cczyzna wierzy w rych\u0142y koniec \u015bwiata, promieniowanie roztaczane przez telefony kom\u00f3rkowe i smugi <em>chemtrails <\/em>zostawiane przez samoloty. Spiski tropi tak\u017ce na lokalnym polu, pr\u00f3buj\u0105c wykaza\u0107, \u017ce wybory na burmistrza zosta\u0142y sfa\u0142szowane.<\/p>\n\n\n\n<div style=\"height:20px\" aria-hidden=\"true\" class=\"wp-block-spacer\"><\/div>\n\n\n\n<figure class=\"wp-block-embed is-type-video is-provider-youtube wp-block-embed-youtube wp-embed-aspect-16-9 wp-has-aspect-ratio\"><div class=\"wp-block-embed__wrapper\">\n<iframe loading=\"lazy\"  id=\"_ytid_45767\"  width=\"1170\" height=\"658\"  data-origwidth=\"1170\" data-origheight=\"658\" src=\"https:\/\/www.youtube.com\/embed\/40B7VPxvUnI?enablejsapi=1&#038;autoplay=0&#038;cc_load_policy=0&#038;cc_lang_pref=&#038;iv_load_policy=1&#038;loop=0&#038;modestbranding=0&#038;rel=1&#038;fs=1&#038;playsinline=0&#038;autohide=2&#038;theme=dark&#038;color=red&#038;controls=1&#038;\" class=\"__youtube_prefs__  epyt-is-override  no-lazyload\" title=\"YouTube player\"  allow=\"fullscreen; accelerometer; autoplay; clipboard-write; encrypted-media; gyroscope; picture-in-picture\" allowfullscreen data-no-lazy=\"1\" data-skipgform_ajax_framebjll=\"\"><\/iframe>\n<\/div><figcaption class=\"wp-element-caption\"><sup>Zwiastun filmu <em>Wujek Foliarz <\/em>\/ re\u017c. Micha\u0142 Tylka <\/sup><\/figcaption><\/figure>\n\n\n\n<div style=\"height:20px\" aria-hidden=\"true\" class=\"wp-block-spacer\"><\/div>\n\n\n\n<h3 class=\"wp-block-heading\">Memiczne uniwersum wci\u0105\u017c si\u0119 rozrasta <\/h3>\n\n\n\n<p>Anon to jeden z najbardziej znanych bohater\u00f3w wykreowanych przez <strong>Malcolma XD. <\/strong>To anonimowy autor, kt\u00f3ry zas\u0142yn\u0105\u0142 za spraw\u0105 wspomnianych internetowych copypast. Jedna z nich, <em>M\u00f3j stary to fanatyk w\u0119dkarstwa<\/em>, sta\u0142a si\u0119 kanw\u0105 wspomnianego <em>Fanatyka<\/em> i spektaklu teatralnego. P\u00f3\u017aniej dowcipne miniatury wydano w formie ksi\u0105\u017cki <em>Pastrami<\/em>. Przyj\u0119\u0142a si\u0119 na tyle dobrze, \u017ce tw\u00f3rca <a href=\"https:\/\/www.empik.com\/szukaj\/produkt?author=malcolm+xd\" target=\"_blank\" rel=\"noreferrer noopener nofollow\">zacz\u0105\u0142 pisa\u0107 d\u0142u\u017csze powie\u015bci<\/a>. Na koncie ma trzy takie publikacje: <em>Emigracj\u0119, Edukacj\u0119 <\/em>i <em>Eskapad\u0119<\/em>. Pierwsza z nich doczeka\u0142a si\u0119 ju\u017c serialowej adaptacji. Druga, w formie 10-odcinkowego sezonu, ju\u017c za moment trafi do widz\u00f3w. C\u00f3\u017c, wygl\u0105da na to, \u017ce Malcolm zdominowa\u0142 tegoroczn\u0105 wiosn\u0119. <\/p>\n\n\n\n<div style=\"height:20px\" aria-hidden=\"true\" class=\"wp-block-spacer\"><\/div>\n\n\n<div class=\"wp-block-image\">\n<figure class=\"aligncenter size-large\"><img loading=\"lazy\" decoding=\"async\" width=\"819\" height=\"1024\" src=\"https:\/\/goingapp.pl\/more\/wp-content\/uploads\/2025\/04\/KV_Edukacja_1080x1350-819x1024.jpg\" alt=\"Edukacja XD \" class=\"wp-image-132849\" srcset=\"https:\/\/goingapp.pl\/more\/wp-content\/uploads\/2025\/04\/KV_Edukacja_1080x1350-819x1024.jpg 819w, https:\/\/goingapp.pl\/more\/wp-content\/uploads\/2025\/04\/KV_Edukacja_1080x1350-240x300.jpg 240w, https:\/\/goingapp.pl\/more\/wp-content\/uploads\/2025\/04\/KV_Edukacja_1080x1350-768x960.jpg 768w, https:\/\/goingapp.pl\/more\/wp-content\/uploads\/2025\/04\/KV_Edukacja_1080x1350-370x463.jpg 370w, https:\/\/goingapp.pl\/more\/wp-content\/uploads\/2025\/04\/KV_Edukacja_1080x1350-800x1000.jpg 800w, https:\/\/goingapp.pl\/more\/wp-content\/uploads\/2025\/04\/KV_Edukacja_1080x1350-740x925.jpg 740w, https:\/\/goingapp.pl\/more\/wp-content\/uploads\/2025\/04\/KV_Edukacja_1080x1350-20x25.jpg 20w, https:\/\/goingapp.pl\/more\/wp-content\/uploads\/2025\/04\/KV_Edukacja_1080x1350-38x48.jpg 38w\" sizes=\"(max-width: 819px) 100vw, 819px\" \/><figcaption class=\"wp-element-caption\"><sup>Plakat serialu <em>Edukacja XD <\/em>produkcji CANAL+ \/ materia\u0142y prasowe<\/sup><\/figcaption><\/figure><\/div>\n\n\n<div style=\"height:20px\" aria-hidden=\"true\" class=\"wp-block-spacer\"><\/div>\n\n\n\n<h3 class=\"wp-block-heading\"><em>Edukacja XD<\/em>: oko w oko z rynkiem pracy<\/h3>\n\n\n\n<p><em><strong>Edukacja XD<\/strong><\/em> to lu\u017ana kontynuacja <em><strong>Emigracji XD<\/strong><\/em>, kt\u00f3ra uraczy\u0142a widz\u00f3w barwnymi opowie\u015bciami o poszukiwaniu szcz\u0119\u015bcia za granic\u0105. Po pobycie w Wielkiej Brytanii Stomil (<strong>Micha\u0142 Balicki<\/strong>) i Malcolm (<strong>Tomasz W\u0142osok<\/strong>) wracaj\u0105 do Polski, ale bynajmniej nie z podkulonym ogonem. Panowie tworz\u0105cy zgrany, cho\u0107 co rusz wpadaj\u0105cy w tarapaty tandem chc\u0105 podbi\u0107 warszawski rynek pracy. Jak \u0142atwo si\u0119 domy\u015bli\u0107, nie b\u0119dzie to takie proste. Zamiast g\u0142adkiej i przyjemnej rekrutacji czekaj\u0105 ich konszachty z lokalnym dilerem, twarde negocjacje w studenckim dziekanacie i spotkania z osobami, kt\u00f3re <em>chcia\u0142yby zarobi\u0107, ale si\u0119 nie narobi\u0107<\/em>. Ot, polska przedsi\u0119biorczo\u015b\u0107 w pigu\u0142ce. <\/p>\n\n\n\n<p>O slapstickowym stylu scenariusza wiele m\u00f3wi ju\u017c sam zwiastun. Zobaczymy w nim, jak bohaterowie pr\u00f3buj\u0105 zasiedzie\u0107 mieszkania, bior\u0105 udzia\u0142 w wiejskim pogrzebie i&#8230; negocjuj\u0105 oddanie kraju w cudze r\u0119ce. <\/p>\n\n\n\n<div style=\"height:20px\" aria-hidden=\"true\" class=\"wp-block-spacer\"><\/div>\n\n\n\n<figure class=\"wp-block-embed is-type-video is-provider-youtube wp-block-embed-youtube wp-embed-aspect-16-9 wp-has-aspect-ratio\"><div class=\"wp-block-embed__wrapper\">\n<iframe loading=\"lazy\"  id=\"_ytid_15006\"  width=\"1170\" height=\"658\"  data-origwidth=\"1170\" data-origheight=\"658\" src=\"https:\/\/www.youtube.com\/embed\/mk--AE16xPE?enablejsapi=1&#038;autoplay=0&#038;cc_load_policy=0&#038;cc_lang_pref=&#038;iv_load_policy=1&#038;loop=0&#038;modestbranding=0&#038;rel=1&#038;fs=1&#038;playsinline=0&#038;autohide=2&#038;theme=dark&#038;color=red&#038;controls=1&#038;\" class=\"__youtube_prefs__  epyt-is-override  no-lazyload\" title=\"YouTube player\"  allow=\"fullscreen; accelerometer; autoplay; clipboard-write; encrypted-media; gyroscope; picture-in-picture\" allowfullscreen data-no-lazy=\"1\" data-skipgform_ajax_framebjll=\"\"><\/iframe>\n<\/div><figcaption class=\"wp-element-caption\"><sup>Zwiastun serialu <em>Edukacja XD \/ CANAL+ <\/em><\/sup><\/figcaption><\/figure>\n\n\n\n<div style=\"height:20px\" aria-hidden=\"true\" class=\"wp-block-spacer\"><\/div>\n\n\n\n<h3 class=\"wp-block-heading\">Jak wysadzi\u0107 Pa\u0142ac Kultury i Nauki? <\/h3>\n\n\n\n<p>Malcolm XD przyznaje, \u017ce cho\u0107 zdj\u0119cia do <em>Emigracji XD <\/em>by\u0142y realizowane poza Polsk\u0105, jej kontynuacja sprawi\u0142a ekipie r\u00f3wnie wiele trudno\u015bci. \u2013 <em>Ju\u017c przy pisaniu scenariusza podejrzewali\u015bmy, \u017ce nie\u0142atwo b\u0119dzie zrealizowa\u0107 sceny takie jak bratob\u00f3jcza walka rodziny Kobielak\u00f3w, wysadzenie podziemi Pa\u0142acu Kultury i Nauki, czy wizyta u dyrektora Bogusiaka. Natomiast jestem przekonany, \u017ce trud ten znalaz\u0142 godne odzwierciedlenie na ekranie<\/em> \u2013 przyznaje autor scenariusza. W realizacji co bardziej ekstrawaganckich sekwencji z pewno\u015bci\u0105 cenne okaza\u0142o si\u0119 do\u015bwiadczenie obsady. W serialu poza W\u0142osokiem i Balickim zobaczymy m.in. Jana Frycza, Sebastiana Stankiewicza, Wojciecha Mecwaldowskiego i Paw\u0142a Wilczaka. <\/p>\n\n\n\n<div style=\"height:20px\" aria-hidden=\"true\" class=\"wp-block-spacer\"><\/div>\n\n\n<div class=\"wp-block-image\">\n<figure class=\"aligncenter size-large\"><img loading=\"lazy\" decoding=\"async\" width=\"1024\" height=\"683\" src=\"https:\/\/goingapp.pl\/more\/wp-content\/uploads\/2025\/04\/EdukacjaXD_fot.PrzemekPaczkowski-6814-1024x683.jpg\" alt=\"\" class=\"wp-image-132854\" srcset=\"https:\/\/goingapp.pl\/more\/wp-content\/uploads\/2025\/04\/EdukacjaXD_fot.PrzemekPaczkowski-6814-1024x683.jpg 1024w, https:\/\/goingapp.pl\/more\/wp-content\/uploads\/2025\/04\/EdukacjaXD_fot.PrzemekPaczkowski-6814-300x200.jpg 300w, https:\/\/goingapp.pl\/more\/wp-content\/uploads\/2025\/04\/EdukacjaXD_fot.PrzemekPaczkowski-6814-768x512.jpg 768w, https:\/\/goingapp.pl\/more\/wp-content\/uploads\/2025\/04\/EdukacjaXD_fot.PrzemekPaczkowski-6814-370x247.jpg 370w, https:\/\/goingapp.pl\/more\/wp-content\/uploads\/2025\/04\/EdukacjaXD_fot.PrzemekPaczkowski-6814-800x534.jpg 800w, https:\/\/goingapp.pl\/more\/wp-content\/uploads\/2025\/04\/EdukacjaXD_fot.PrzemekPaczkowski-6814-20x13.jpg 20w, https:\/\/goingapp.pl\/more\/wp-content\/uploads\/2025\/04\/EdukacjaXD_fot.PrzemekPaczkowski-6814-740x494.jpg 740w, https:\/\/goingapp.pl\/more\/wp-content\/uploads\/2025\/04\/EdukacjaXD_fot.PrzemekPaczkowski-6814-72x48.jpg 72w\" sizes=\"(max-width: 1024px) 100vw, 1024px\" \/><figcaption class=\"wp-element-caption\"><sup>Kadr z serialu <em>Edukacja XD<\/em> \/ fot. Przemek P\u0105czkowski \/ CANAL+ <\/sup><\/figcaption><\/figure><\/div>\n\n\n<div style=\"height:20px\" aria-hidden=\"true\" class=\"wp-block-spacer\"><\/div>\n\n\n\n<p><em>Edukacja XD<\/em> trafi do katalogu platformy streamingowej CANAL+<strong> 18 kwietnia.<\/strong> <\/p>\n","protected":false},"excerpt":{"rendered":"<p>W nowych odcinkach komediowego hitu CANAL+ poza odtw\u00f3rcami g\u0142\u00f3wnych r\u00f3l, Tomaszem W\u0142osokiem i Micha\u0142em Balickim, pojawia si\u0119 plejada gwiazd. Zobaczymy m.in. Jana Frycza, Sebastiana Stankiewicza i Wojciecha Mecwaldowskiego. 24 kwietnia w warszawskim Empiku Cepelia odb\u0119dzie si\u0119 spotkanie z tw\u00f3rcami Edukacja XD i pokaz czterech odcink\u00f3w serialu. Wydarzenie poprowadzi duet Podcastex. Z\u0142ap swoj\u0105 wej\u015bci\u00f3wk\u0119! Z kinowych&hellip;<\/p>\n","protected":false},"author":63,"featured_media":132841,"comment_status":"closed","ping_status":"closed","sticky":false,"template":"","format":"standard","meta":{"footnotes":"","_wpscppro_custom_social_share_image":0,"_facebook_share_type":"default","_twitter_share_type":"default","_linkedin_share_type":"default","_pinterest_share_type":"default","_linkedin_share_type_page":"","_instagram_share_type":"default","_selected_social_profile":[]},"categories":[5139],"tags":[3271,7906,3394],"thb-sponsors":[],"class_list":["post-132840","post","type-post","status-publish","format-standard","has-post-thumbnail","hentry","category-kultura","tag-filmy","tag-morekultura","tag-news","parent_cat_kultura"],"publishpress_future_action":{"enabled":false,"date":"2026-05-06 23:49:44","action":"change-status","newStatus":"draft","terms":[],"taxonomy":"category"},"publishpress_future_workflow_manual_trigger":{"enabledWorkflows":[]},"_links":{"self":[{"href":"https:\/\/goingapp.pl\/more\/wp-json\/wp\/v2\/posts\/132840"}],"collection":[{"href":"https:\/\/goingapp.pl\/more\/wp-json\/wp\/v2\/posts"}],"about":[{"href":"https:\/\/goingapp.pl\/more\/wp-json\/wp\/v2\/types\/post"}],"author":[{"embeddable":true,"href":"https:\/\/goingapp.pl\/more\/wp-json\/wp\/v2\/users\/63"}],"replies":[{"embeddable":true,"href":"https:\/\/goingapp.pl\/more\/wp-json\/wp\/v2\/comments?post=132840"}],"version-history":[{"count":6,"href":"https:\/\/goingapp.pl\/more\/wp-json\/wp\/v2\/posts\/132840\/revisions"}],"predecessor-version":[{"id":133170,"href":"https:\/\/goingapp.pl\/more\/wp-json\/wp\/v2\/posts\/132840\/revisions\/133170"}],"wp:featuredmedia":[{"embeddable":true,"href":"https:\/\/goingapp.pl\/more\/wp-json\/wp\/v2\/media\/132841"}],"wp:attachment":[{"href":"https:\/\/goingapp.pl\/more\/wp-json\/wp\/v2\/media?parent=132840"}],"wp:term":[{"taxonomy":"category","embeddable":true,"href":"https:\/\/goingapp.pl\/more\/wp-json\/wp\/v2\/categories?post=132840"},{"taxonomy":"post_tag","embeddable":true,"href":"https:\/\/goingapp.pl\/more\/wp-json\/wp\/v2\/tags?post=132840"},{"taxonomy":"thb-sponsors","embeddable":true,"href":"https:\/\/goingapp.pl\/more\/wp-json\/wp\/v2\/thb-sponsors?post=132840"}],"curies":[{"name":"wp","href":"https:\/\/api.w.org\/{rel}","templated":true}]}}