{"id":132990,"date":"2025-04-10T12:16:25","date_gmt":"2025-04-10T10:16:25","guid":{"rendered":"https:\/\/goingapp.pl\/more\/?p=132990"},"modified":"2025-04-10T12:16:37","modified_gmt":"2025-04-10T10:16:37","slug":"jakub-zulczyk-kandydat-powiesc-2025","status":"publish","type":"post","link":"https:\/\/goingapp.pl\/more\/jakub-zulczyk-kandydat-powiesc-2025\/","title":{"rendered":"Jakub \u017bulczyk wyda powie\u015b\u0107 przed wyborami \u2013 bohaterem b\u0119dzie \u201eKandydat\u201d"},"content":{"rendered":"\n<h2 class=\"wp-block-heading\">Polityczny thriller opowiadaj\u0105cy o cz\u0142owieku maj\u0105cym w\u0105tpliwo\u015bci co do pozycji w wyborach i reporterze chc\u0105cym narobi\u0107 ha\u0142asu? Brzmi jak plan. Na wydanie powie\u015bci <em>Kandydat<\/em> zdecydowa\u0142 si\u0119 Jakub \u017bulczyk.<\/h2>\n\n\n\n<div style=\"height:20px\" aria-hidden=\"true\" class=\"wp-block-spacer\"><\/div>\n\n\n\n<h3 class=\"wp-block-heading\">G\u0142o\u015bno o Polsce i \u015bwiecie<\/h3>\n\n\n\n<p><strong>Jakub \u017bulczyk<\/strong> to posta\u0107, kt\u00f3ra w \u015bwiecie literackim robi raban od lat. Czytelnicy pokochali go za spos\u00f3b, w jaki eksploruje mroczne aspekty ludzkiej natury i analizuje wsp\u00f3\u0142czesne problemy spo\u0142eczne. Tworzone przez niego powie\u015bci cz\u0119sto podejmuj\u0105 tematy zwi\u0105zane z polityk\u0105, transformacj\u0105 ustrojow\u0105, nier\u00f3wno\u015bciami spo\u0142ecznymi oraz wp\u0142ywem kapitalizmu na \u017cycie jednostek, a to Polacy \u2013 niewa\u017cne, z kt\u00f3rej strony barykady politycznej \u2013 uwielbiaj\u0105 najbardziej.<\/p>\n\n\n\n<p>Sam autor, r\u00f3wnie cz\u0119sto jak w powie\u015bciach, komentuje bie\u017c\u0105ce wydarzenia polityczne i spo\u0142eczne w realnym \u015bwiecie. W 2020 roku skrytykowa\u0142 prezydenta Andrzeja Dud\u0119, nazywaj\u0105c go <em>deb*lem<\/em> za spos\u00f3b sk\u0142adania gratulacji Joe Bidenowi po wyborach prezydenckich w USA. To doprowadzi\u0142o do post\u0119powania s\u0105dowego zako\u0144czonego umorzeniem sprawy. Pisarz zabiera\u0142 r\u00f3wnie\u017c g\u0142os w kwestiach zwi\u0105zanych z rol\u0105 Ko\u015bcio\u0142a w Polsce i apelowa\u0142 o ostro\u017cno\u015b\u0107 wobec dezinformacji oraz fa\u0142szywych wiadomo\u015bci dotycz\u0105cych inwazji Rosji na Ukrain\u0119.<\/p>\n\n\n\n<div style=\"height:20px\" aria-hidden=\"true\" class=\"wp-block-spacer\"><\/div>\n\n\n\n<h3 class=\"wp-block-heading has-text-align-center has-background\" style=\"background-color:#feff05\"><a href=\"https:\/\/goingapp.pl\/more\/jakub-zulczyk-wskazal-geniuszy-polskiego-rapu-jestescie-zaskoczeni\/\" target=\"_blank\" rel=\"noreferrer noopener\">Jakub \u017bulczyk wskaza\u0142 rapera, kt\u00f3ry mo\u017ce uratowa\u0107 \u017cycie. Kto to?<\/a><\/h3>\n\n\n\n<div style=\"height:20px\" aria-hidden=\"true\" class=\"wp-block-spacer\"><\/div>\n\n\n\n<h3 class=\"wp-block-heading\">Jakub \u017bulczyk: <em>Kandydat <\/em>kr\u00f3tko przed wyborami<\/h3>\n\n\n\n<p>Jak pewnie dobrze wiecie, wybory prezydenckie ju\u017c tu\u017c-tu\u017c \u2013 do urn p\u00f3jdziemy 18 maja. Dwa dni wcze\u015bniej b\u0119dzie mia\u0142 natomiast premier\u0119 <em>Kandydat<\/em>, czyli powie\u015b\u0107, kt\u00f3r\u0105 napisa\u0142 Jakub \u017bulczyk. Przy okazji, jak <em>nieskromnie<\/em> przyzna\u0142 sam autor, wyszed\u0142 mu <em>ca\u0142kiem niez\u0142y<\/em> kawa\u0142 literatury.<\/p>\n\n\n\n<p><em>Polska, dzie\u0144 drugiej tury wybor\u00f3w prezydenckich. Trzecia nad ranem. Prezydent, kandyduj\u0105cy na drug\u0105 kadencj\u0119, nie mo\u017ce zasn\u0105\u0107. Pozornie wszystko jest w porz\u0105dku. Prezydent prowadzi w sonda\u017cach. Jego pozycja jest niezagro\u017cona. Ale co\u015b jest nie tak. Prezydent czuje to w sercu. Musi porozmawia\u0107 ze swoj\u0105 \u017con\u0105. W tym samym czasie skompromitowany Reporter stawia wszystko na jedn\u0105 kart\u0119. Jego jedyna szansa na odzyskanie pracy i godno\u015bci to ujawnienie materia\u0142\u00f3w, kt\u00f3re mog\u0105 zburzy\u0107 dotychczasowy porz\u0105dek polityczny<\/em> \u2013 czytamy w zapowiedzi na stronie kandydat2025.eu.<\/p>\n\n\n\n<div style=\"height:20px\" aria-hidden=\"true\" class=\"wp-block-spacer\"><\/div>\n\n\n\n<figure class=\"wp-block-embed is-type-rich is-provider-twitter wp-block-embed-twitter\"><div class=\"wp-block-embed__wrapper\">\n<blockquote class=\"twitter-tweet\" data-width=\"550\" data-dnt=\"true\"><p lang=\"pl\" dir=\"ltr\">Drodzy, oto i ksi\u0105\u017cka o Prezydencie.  Nazywa si\u0119 &quot;Kandydat&quot; &#8211; czyli nie k\u0142ama\u0142em, tytu\u0142 jednowyrazowy. <br>Nieskromnie &#8211; wysz\u0142a mi naprawd\u0119 niez\u0142a powie\u015b\u0107. Ale to wy ocenicie. <br>Link do preorderu &#8211; <a href=\"https:\/\/t.co\/YaY6zxbkLl\">https:\/\/t.co\/YaY6zxbkLl<\/a>. <br><br>Jeste\u015b prezydentem, powtarza\u0142 sobie przez pierwszy rok, dwa\u2026 <a href=\"https:\/\/t.co\/raGhaTooBc\">pic.twitter.com\/raGhaTooBc<\/a><\/p>&mdash; Jakub \u017bulczyk (@Jakubzulczyk) <a href=\"https:\/\/twitter.com\/Jakubzulczyk\/status\/1910219983075819884?ref_src=twsrc%5Etfw\" target=\"_blank\" rel=\"noopener\">April 10, 2025<\/a><\/blockquote><script async src=\"https:\/\/platform.twitter.com\/widgets.js\" charset=\"utf-8\"><\/script>\n<\/div><\/figure>\n","protected":false},"excerpt":{"rendered":"<p>Polityczny thriller opowiadaj\u0105cy o cz\u0142owieku maj\u0105cym w\u0105tpliwo\u015bci co do pozycji w wyborach i reporterze chc\u0105cym narobi\u0107 ha\u0142asu? Brzmi jak plan. Na wydanie powie\u015bci Kandydat zdecydowa\u0142 si\u0119 Jakub \u017bulczyk. G\u0142o\u015bno o Polsce i \u015bwiecie Jakub \u017bulczyk to posta\u0107, kt\u00f3ra w \u015bwiecie literackim robi raban od lat. Czytelnicy pokochali go za spos\u00f3b, w jaki eksploruje mroczne aspekty&hellip;<\/p>\n","protected":false},"author":5,"featured_media":132991,"comment_status":"closed","ping_status":"closed","sticky":false,"template":"","format":"standard","meta":{"footnotes":"","_wpscppro_custom_social_share_image":0,"_facebook_share_type":"default","_twitter_share_type":"default","_linkedin_share_type":"default","_pinterest_share_type":"default","_linkedin_share_type_page":"","_instagram_share_type":"default","_selected_social_profile":[]},"categories":[5139],"tags":[4460,3248,3394],"thb-sponsors":[],"class_list":["post-132990","post","type-post","status-publish","format-standard","has-post-thumbnail","hentry","category-kultura","tag-jakub-zulczyk","tag-ksiazki","tag-news","parent_cat_kultura"],"publishpress_future_action":{"enabled":false,"date":"2026-05-09 05:43:27","action":"change-status","newStatus":"draft","terms":[],"taxonomy":"category"},"publishpress_future_workflow_manual_trigger":{"enabledWorkflows":[]},"_links":{"self":[{"href":"https:\/\/goingapp.pl\/more\/wp-json\/wp\/v2\/posts\/132990"}],"collection":[{"href":"https:\/\/goingapp.pl\/more\/wp-json\/wp\/v2\/posts"}],"about":[{"href":"https:\/\/goingapp.pl\/more\/wp-json\/wp\/v2\/types\/post"}],"author":[{"embeddable":true,"href":"https:\/\/goingapp.pl\/more\/wp-json\/wp\/v2\/users\/5"}],"replies":[{"embeddable":true,"href":"https:\/\/goingapp.pl\/more\/wp-json\/wp\/v2\/comments?post=132990"}],"version-history":[{"count":1,"href":"https:\/\/goingapp.pl\/more\/wp-json\/wp\/v2\/posts\/132990\/revisions"}],"predecessor-version":[{"id":132993,"href":"https:\/\/goingapp.pl\/more\/wp-json\/wp\/v2\/posts\/132990\/revisions\/132993"}],"wp:featuredmedia":[{"embeddable":true,"href":"https:\/\/goingapp.pl\/more\/wp-json\/wp\/v2\/media\/132991"}],"wp:attachment":[{"href":"https:\/\/goingapp.pl\/more\/wp-json\/wp\/v2\/media?parent=132990"}],"wp:term":[{"taxonomy":"category","embeddable":true,"href":"https:\/\/goingapp.pl\/more\/wp-json\/wp\/v2\/categories?post=132990"},{"taxonomy":"post_tag","embeddable":true,"href":"https:\/\/goingapp.pl\/more\/wp-json\/wp\/v2\/tags?post=132990"},{"taxonomy":"thb-sponsors","embeddable":true,"href":"https:\/\/goingapp.pl\/more\/wp-json\/wp\/v2\/thb-sponsors?post=132990"}],"curies":[{"name":"wp","href":"https:\/\/api.w.org\/{rel}","templated":true}]}}