{"id":138098,"date":"2025-09-16T13:25:33","date_gmt":"2025-09-16T11:25:33","guid":{"rendered":"https:\/\/goingapp.pl\/more\/?p=138098"},"modified":"2025-09-16T13:34:04","modified_gmt":"2025-09-16T11:34:04","slug":"kubi-producent-trasa-ktorej-nigdy-nie-mialem","status":"publish","type":"post","link":"https:\/\/goingapp.pl\/more\/kubi-producent-trasa-ktorej-nigdy-nie-mialem\/","title":{"rendered":"\u201eTrasa, kt\u00f3rej nigdy nie mia\u0142em\u201d Kubiego Producenta wci\u0105\u017c trwa. Jeszcze si\u0119 na ni\u0105 za\u0142apiecie!"},"content":{"rendered":"\n<h3 class=\"wp-block-heading\">Po latach intensywnych prac w studiu Kubi Producent wyszed\u0142 ze swoj\u0105 muzyk\u0105 na scen\u0119. <em>Trasa, kt\u00f3rej nigdy nie mia\u0142em<\/em> to co\u015b wi\u0119cej ni\u017c zwyk\u0142e koncerty. Pokaza\u0142y ju\u017c to pierwsze wyst\u0119py w Krakowie i Poznaniu, za\u015b w kolejce ju\u017c czekaj\u0105 nast\u0119pne daty. <\/h3>\n\n\n\n<div style=\"height:20px\" aria-hidden=\"true\" class=\"wp-block-spacer\"><\/div>\n\n\n\n<div class=\"wp-block-ideabox-toc ib-block-toc\" data-anchors='h2' data-collapsable='true' ><div class=\"ib-toc-container ib-toc-list-style-numbers ib-toc-hierarchical ib-toc-expanded\"><div class=\"ib-toc-header\" style=\"color:#a80000;--fill:#a80000\"><div class=\"ib-toc-header-title\">Spis tre\u015bci<\/div><div class=\"ib-toc-header-right\"><span class=\"ib-toc-icon-collapse\"><span class=\"dashicon dashicons dashicons-minus\"><\/span><\/span><span class=\"ib-toc-icon-expand\"><span class=\"dashicon dashicons dashicons-plus\"><\/span><\/span><\/div><\/div><div class=\"ib-toc-separator\" style=\"height:2px\"><\/div><div class=\"ib-toc-body\"><ol class=\"ib-toc-anchors\"><\/ol><\/div><\/div><\/div>\n\n\n\n<div style=\"height:20px\" aria-hidden=\"true\" class=\"wp-block-spacer\"><\/div>\n\n\n\n<h3 class=\"wp-block-heading has-text-align-center has-background\" style=\"background-color:#feff12\"><a href=\"https:\/\/goingapp.pl\/wydarzenie\/kubi-producent-trasa-ktorej-nigdy-nie-mialem\" target=\"_blank\" rel=\"noreferrer noopener\">Bilety na TRAS\u0118, KT\u00d3REJ NIGDY NIE MIA\u0141EM dostaniecie w Going.!<\/a><\/h3>\n\n\n\n<div style=\"height:20px\" aria-hidden=\"true\" class=\"wp-block-spacer\"><\/div>\n\n\n\n<h2 class=\"wp-block-heading\">Kubi Producent i <em>Sen, kt\u00f3rego nigdy nie mia\u0142em<\/em><\/h2>\n\n\n\n<p><em><strong>Sen, kt\u00f3rego nigdy nie mia\u0142em<\/strong><\/em> by\u0142 udanym miko\u0142ajkowym prezentem dla fan\u00f3w <strong>Kubiego Producenta<\/strong>. Artysta na swoim drugim producenkim albumie, kt\u00f3ry ukaza\u0142 si\u0119 pod koniec zesz\u0142ego roku, podobnie jak na <a href=\"https:\/\/open.spotify.com\/album\/4yF5B0GFw2xqeuv7pIMmyS?si=ehkMPiwdRtuQUDUnBD66OQ\" data-type=\"link\" data-id=\"https:\/\/open.spotify.com\/album\/4yF5B0GFw2xqeuv7pIMmyS?si=ehkMPiwdRtuQUDUnBD66OQ\" target=\"_blank\" rel=\"noreferrer noopener\">debiucie <em>+18<\/em> (2019)<\/a> zebra\u0142 aktualn\u0105 czo\u0142\u00f3wk\u0119 polskiej hip-hopowej sceny. Jego tracklist\u0119 zasilili zar\u00f3wno jego stali wsp\u00f3\u0142pracownicy i najwi\u0119ksi raperzy w Polsce (m.in. Szpaku, Kaz Ba\u0142agane, Chivas, Fukaj, K\u0119K\u0119, ReTo, Young Multi, Sapi tha King, kuqe 2115, Oki, Bedoes 2115, Young Leosia, Bambi), jak i ci nieco mniejsi, kt\u00f3rzy ju\u017c przebili si\u0119 do mainstreamu: 27.FUCKDEMONS, Szaran, r\u00f3w babicze czy M\u0142ody Korden. Nie zabrak\u0142o przy tym zaskakuj\u0105cych po\u0142\u0105cze\u0144. Ostatni z wymienionych artyst\u00f3w pojawi\u0142 si\u0119 w utworze z&#8230; Belmondo (<em>NIE POTRZEBUJ\u0118 OTWIERA\u0106 TORBY<\/em>).<\/p>\n\n\n\n<div style=\"height:20px\" aria-hidden=\"true\" class=\"wp-block-spacer\"><\/div>\n\n\n\n<figure class=\"wp-block-embed is-type-video is-provider-youtube wp-block-embed-youtube wp-embed-aspect-16-9 wp-has-aspect-ratio\"><div class=\"wp-block-embed__wrapper\">\n<iframe loading=\"lazy\"  id=\"_ytid_74346\"  width=\"1170\" height=\"658\"  data-origwidth=\"1170\" data-origheight=\"658\" src=\"https:\/\/www.youtube.com\/embed\/syLU0zUREf4?enablejsapi=1&#038;autoplay=0&#038;cc_load_policy=0&#038;cc_lang_pref=&#038;iv_load_policy=1&#038;loop=0&#038;modestbranding=0&#038;rel=1&#038;fs=1&#038;playsinline=0&#038;autohide=2&#038;theme=dark&#038;color=red&#038;controls=1&#038;\" class=\"__youtube_prefs__  epyt-is-override  no-lazyload\" title=\"YouTube player\"  allow=\"fullscreen; accelerometer; autoplay; clipboard-write; encrypted-media; gyroscope; picture-in-picture\" allowfullscreen data-no-lazy=\"1\" data-skipgform_ajax_framebjll=\"\"><\/iframe>\n<\/div><figcaption class=\"wp-element-caption\"><sub>Diamentowy singiel <em>Woda Ksi\u0119\u017cycowa<\/em> z go\u015bcinnym udzia\u0142em Bambi, Fukaja i stickxr zapowiada\u0142 album Kubiego Producenta <em>Sen, kt\u00f3rego nigdy nie mia\u0142em<\/em>.<\/sub><\/figcaption><\/figure>\n\n\n\n<div style=\"height:20px\" aria-hidden=\"true\" class=\"wp-block-spacer\"><\/div>\n\n\n\n<h2 class=\"wp-block-heading\">Niepowtarzalne do\u015bwiadczenie<\/h2>\n\n\n\n<p>Teraz, po latach sp\u0119dzonych w studiu i dziewi\u0119\u0107 miesi\u0119cy po premierze ostatniego albumu, Kubi Producent wyruszy\u0142 w <em>Tras\u0119, kt\u00f3rej nigdy nie mia\u0142<\/em>. Jak zapowiadaj\u0105 organizatorzy, to nie tylko koncerty \u2013 to co\u015b wi\u0119cej. To wyj\u0105tkowe i niepowtarzalne do\u015bwiadczenie, kt\u00f3re redefiniuje to, czym mo\u017ce by\u0107 wyst\u0119p live. Ka\u017cdy d\u017awi\u0119k, ka\u017cda wizualizacja i ka\u017cdy moment b\u0119d\u0105 bowiem elementem wi\u0119kszej opowie\u015bci.<\/p>\n\n\n\n<p>Kubi Producent zd\u0105\u017cy\u0142 ju\u017c wyst\u0105pi\u0107 w Krakowie i Poznaniu. Za chwil\u0119 zagra jeszcze w trzech innych miastach: <strong>19 wrze\u015bnia w Warszawie<\/strong> w Klubie Stodo\u0142a, <strong>26 wrze\u015bnia we Wroc\u0142awiu<\/strong> w Centrum Koncertowym A2 oraz <strong>4 pa\u017adziernika w Gda\u0144sku<\/strong> w klubie B90. Podczas wydarze\u0144 przedpremierowo zakupicie limitowany, przygotowany specjalnie na t\u0119  okazj\u0119 merch. <\/p>\n\n\n\n<div style=\"height:20px\" aria-hidden=\"true\" class=\"wp-block-spacer\"><\/div>\n\n\n\n<figure class=\"wp-block-image size-large\"><img loading=\"lazy\" decoding=\"async\" width=\"1024\" height=\"341\" src=\"https:\/\/goingapp.pl\/more\/wp-content\/uploads\/2025\/09\/GOING-KUBI-1200-400-WSZYSTKIE-1024x341.jpg\" alt=\"\" class=\"wp-image-138124\" srcset=\"https:\/\/goingapp.pl\/more\/wp-content\/uploads\/2025\/09\/GOING-KUBI-1200-400-WSZYSTKIE-1024x341.jpg 1024w, https:\/\/goingapp.pl\/more\/wp-content\/uploads\/2025\/09\/GOING-KUBI-1200-400-WSZYSTKIE-300x100.jpg 300w, https:\/\/goingapp.pl\/more\/wp-content\/uploads\/2025\/09\/GOING-KUBI-1200-400-WSZYSTKIE-768x256.jpg 768w, https:\/\/goingapp.pl\/more\/wp-content\/uploads\/2025\/09\/GOING-KUBI-1200-400-WSZYSTKIE-370x123.jpg 370w, https:\/\/goingapp.pl\/more\/wp-content\/uploads\/2025\/09\/GOING-KUBI-1200-400-WSZYSTKIE-800x267.jpg 800w, https:\/\/goingapp.pl\/more\/wp-content\/uploads\/2025\/09\/GOING-KUBI-1200-400-WSZYSTKIE-740x247.jpg 740w, https:\/\/goingapp.pl\/more\/wp-content\/uploads\/2025\/09\/GOING-KUBI-1200-400-WSZYSTKIE-20x7.jpg 20w, https:\/\/goingapp.pl\/more\/wp-content\/uploads\/2025\/09\/GOING-KUBI-1200-400-WSZYSTKIE-144x48.jpg 144w\" sizes=\"(max-width: 1024px) 100vw, 1024px\" \/><\/figure>\n","protected":false},"excerpt":{"rendered":"<p>Po latach intensywnych prac w studiu Kubi Producent wyszed\u0142 ze swoj\u0105 muzyk\u0105 na scen\u0119. Trasa, kt\u00f3rej nigdy nie mia\u0142em to co\u015b wi\u0119cej ni\u017c zwyk\u0142e koncerty. Pokaza\u0142y ju\u017c to pierwsze wyst\u0119py w Krakowie i Poznaniu, za\u015b w kolejce ju\u017c czekaj\u0105 nast\u0119pne daty. Bilety na TRAS\u0118, KT\u00d3REJ NIGDY NIE MIA\u0141EM dostaniecie w Going.! Kubi Producent i Sen,&hellip;<\/p>\n","protected":false},"author":82,"featured_media":138125,"comment_status":"closed","ping_status":"closed","sticky":false,"template":"","format":"standard","meta":{"footnotes":"","_wpscppro_custom_social_share_image":0,"_facebook_share_type":"default","_twitter_share_type":"default","_linkedin_share_type":"default","_pinterest_share_type":"default","_linkedin_share_type_page":"default","_instagram_share_type":"default","_selected_social_profile":[]},"categories":[3238],"tags":[5015,3273,3394,2888,1499],"thb-sponsors":[],"class_list":["post-138098","post","type-post","status-publish","format-standard","has-post-thumbnail","hentry","category-muzyka","tag-kubi-producent","tag-more","tag-news","tag-polski-rap","tag-rap","parent_cat_muzyka"],"publishpress_future_action":{"enabled":false,"date":"2026-05-07 07:24:12","action":"change-status","newStatus":"draft","terms":[],"taxonomy":"category"},"publishpress_future_workflow_manual_trigger":{"enabledWorkflows":[]},"_links":{"self":[{"href":"https:\/\/goingapp.pl\/more\/wp-json\/wp\/v2\/posts\/138098"}],"collection":[{"href":"https:\/\/goingapp.pl\/more\/wp-json\/wp\/v2\/posts"}],"about":[{"href":"https:\/\/goingapp.pl\/more\/wp-json\/wp\/v2\/types\/post"}],"author":[{"embeddable":true,"href":"https:\/\/goingapp.pl\/more\/wp-json\/wp\/v2\/users\/82"}],"replies":[{"embeddable":true,"href":"https:\/\/goingapp.pl\/more\/wp-json\/wp\/v2\/comments?post=138098"}],"version-history":[{"count":5,"href":"https:\/\/goingapp.pl\/more\/wp-json\/wp\/v2\/posts\/138098\/revisions"}],"predecessor-version":[{"id":138139,"href":"https:\/\/goingapp.pl\/more\/wp-json\/wp\/v2\/posts\/138098\/revisions\/138139"}],"wp:featuredmedia":[{"embeddable":true,"href":"https:\/\/goingapp.pl\/more\/wp-json\/wp\/v2\/media\/138125"}],"wp:attachment":[{"href":"https:\/\/goingapp.pl\/more\/wp-json\/wp\/v2\/media?parent=138098"}],"wp:term":[{"taxonomy":"category","embeddable":true,"href":"https:\/\/goingapp.pl\/more\/wp-json\/wp\/v2\/categories?post=138098"},{"taxonomy":"post_tag","embeddable":true,"href":"https:\/\/goingapp.pl\/more\/wp-json\/wp\/v2\/tags?post=138098"},{"taxonomy":"thb-sponsors","embeddable":true,"href":"https:\/\/goingapp.pl\/more\/wp-json\/wp\/v2\/thb-sponsors?post=138098"}],"curies":[{"name":"wp","href":"https:\/\/api.w.org\/{rel}","templated":true}]}}