{"id":141995,"date":"2026-03-13T12:25:54","date_gmt":"2026-03-13T11:25:54","guid":{"rendered":"https:\/\/goingapp.pl\/more\/?p=141995"},"modified":"2026-03-13T12:26:12","modified_gmt":"2026-03-13T11:26:12","slug":"sonbird-swietnie-koncert-warszawa-2026-bilety","status":"publish","type":"post","link":"https:\/\/goingapp.pl\/more\/sonbird-swietnie-koncert-warszawa-2026-bilety\/","title":{"rendered":"Sonbird: \u201eStudio by\u0142o spe\u0142nieniem marze\u0144\u201d"},"content":{"rendered":"\n<h3 class=\"wp-block-heading\" id=\"teskniliscie-za-sonbird-oni-za-wami-tez-material-z-nadchodzacego-albumu-swietnie-zagraja-29-marca-w-niebie-a-w-miedzyczasie-zlapalismy-sie-z-chlopakami-na-rozmowe\">T\u0119sknili\u015bcie za Sonbird? Oni za Wami te\u017c. Ch\u0142opaki zagraj\u0105 przedpremierowo nowy materia\u0142 29 marca w warszawskim Niebie, a w mi\u0119dzyczasie z\u0142apali\u015bmy si\u0119 z nimi na rozmow\u0119.&nbsp;<\/h3>\n\n\n\n<div style=\"height:20px\" aria-hidden=\"true\" class=\"wp-block-spacer\"><\/div>\n\n\n\n\n\n<div style=\"height:20px\" aria-hidden=\"true\" class=\"wp-block-spacer\"><\/div>\n\n\n\n<p>Po siedmiu latach od debiutu muzycy <strong>Sonbird <\/strong>wracaj\u0105 z nowym albumem \u2013 dojrzalsi, bardziej \u015bwiadomi i pe\u0142ni nowych pomys\u0142\u00f3w. W przeddzie\u0144 premiery arty\u015bci opowiedzieli nam o t\u0119sknocie za studiem, cyfrowej pogoni, od\u015bwie\u017caniu starych utwor\u00f3w i solowym koncercie w Warszawie. <\/p>\n\n\n\n<p><strong>Pytania<\/strong>: Stanis\u0142aw Bry\u015b i Jagoda Gawliczek<\/p>\n\n\n\n<div style=\"height:20px\" aria-hidden=\"true\" class=\"wp-block-spacer\"><\/div>\n\n\n<div class=\"wp-block-image\">\n<figure class=\"aligncenter size-large\"><a href=\"https:\/\/goingapp.pl\/wydarzenie\/sonbird-przedpremierowo-gra-swietnie\" target=\"_blank\" rel=\"noreferrer noopener\"><img loading=\"lazy\" decoding=\"async\" width=\"1024\" height=\"751\" src=\"https:\/\/goingapp.pl\/more\/wp-content\/uploads\/2026\/03\/SONBIRD-Swietnie-koncert-1024x751.jpg\" alt=\"Sonbird \u015awietnie\" class=\"wp-image-141999\" srcset=\"https:\/\/goingapp.pl\/more\/wp-content\/uploads\/2026\/03\/SONBIRD-Swietnie-koncert-1024x751.jpg 1024w, https:\/\/goingapp.pl\/more\/wp-content\/uploads\/2026\/03\/SONBIRD-Swietnie-koncert-300x220.jpg 300w, https:\/\/goingapp.pl\/more\/wp-content\/uploads\/2026\/03\/SONBIRD-Swietnie-koncert-768x563.jpg 768w, https:\/\/goingapp.pl\/more\/wp-content\/uploads\/2026\/03\/SONBIRD-Swietnie-koncert-370x271.jpg 370w, https:\/\/goingapp.pl\/more\/wp-content\/uploads\/2026\/03\/SONBIRD-Swietnie-koncert-800x587.jpg 800w, https:\/\/goingapp.pl\/more\/wp-content\/uploads\/2026\/03\/SONBIRD-Swietnie-koncert-20x15.jpg 20w, https:\/\/goingapp.pl\/more\/wp-content\/uploads\/2026\/03\/SONBIRD-Swietnie-koncert-740x543.jpg 740w, https:\/\/goingapp.pl\/more\/wp-content\/uploads\/2026\/03\/SONBIRD-Swietnie-koncert-65x48.jpg 65w\" sizes=\"(max-width: 1024px) 100vw, 1024px\" \/><\/a><figcaption class=\"wp-element-caption\"><sup>fot. materia\u0142y prasowe <\/sup><\/figcaption><\/figure><\/div>\n\n\n<div style=\"height:20px\" aria-hidden=\"true\" class=\"wp-block-spacer\"><\/div>\n\n\n\n<h4 class=\"wp-block-heading\" id=\"wydajecie-plyte-po-dluzszej-przerwie-za-jakim-elementem-procesu-nagrywania-piosenek-najbardziej-teskniliscie\">Stanis\u0142aw Bry\u015b, Going. MORE: Wydajecie p\u0142yt\u0119 po d\u0142u\u017cszej przerwie. Za jakim elementem procesu nagrywania piosenek najbardziej t\u0119sknili\u015bcie?&nbsp;<\/h4>\n\n\n\n<p><strong>Dawid M\u0119drzak, Sonbird<\/strong>: Za studiem nagra\u0144. Przy nagrywaniu naszej pierwszej p\u0142yty nie mogli\u015bmy uwierzy\u0107, \u017ce jeste\u015bmy w takim miejscu. To wywo\u0142a\u0142o w nas mas\u0119 emocji. EP-k\u0119 <em>EP25<\/em> nagrywali\u015bmy w do\u015b\u0107 dobrych warunkach, kt\u00f3rymi sami dysponujemy, natomiast pe\u0142noprawne studio to dopiero by\u0142o co\u015b. Dla muzyka czy zespo\u0142u to spe\u0142nienie marze\u0144.&nbsp;<\/p>\n\n\n\n<p><strong>Maciek Hubczak, Sonbird<\/strong>: Do stycznia tamtego roku nie wiedzieli\u015bmy, za czym t\u0119sknimy, bo dopiero wtedy poznali\u015bmy tak naprawd\u0119 ca\u0142y proces nagrywania. Prawie dwa tygodnie pracowali\u015bmy w studiu w Gda\u0144sku. To dla nas troch\u0119 jak <em>american dream<\/em>. Teraz t\u0119skni\u0119 za tym w\u0142a\u015bnie momentem. Z drugiej strony brakowa\u0142o mi te\u017c wydawania piosenek.&nbsp;<\/p>\n\n\n\n<p><strong>Tomek Kurowski<\/strong>, <strong>Sonbird<\/strong>: Sam zdecydowanie najbardziej t\u0119skni\u0142em za graniem. Nie wiem, jak ch\u0142opaki, ale mi zawsze jednak najwi\u0119cej rado\u015bci sprawia w\u0142a\u015bnie scena.<\/p>\n\n\n\n<p><strong>Maciek <\/strong>i <strong>Dawid<\/strong>: Potwierdzamy.<\/p>\n\n\n\n<div style=\"height:20px\" aria-hidden=\"true\" class=\"wp-block-spacer\"><\/div>\n\n\n\n<figure class=\"wp-block-embed is-type-video is-provider-youtube wp-block-embed-youtube wp-embed-aspect-16-9 wp-has-aspect-ratio\"><div class=\"wp-block-embed__wrapper\">\n<iframe loading=\"lazy\"  id=\"_ytid_53084\"  width=\"1170\" height=\"658\"  data-origwidth=\"1170\" data-origheight=\"658\" src=\"https:\/\/www.youtube.com\/embed\/LO5xosr0xKA?enablejsapi=1&#038;autoplay=0&#038;cc_load_policy=0&#038;cc_lang_pref=&#038;iv_load_policy=1&#038;loop=0&#038;modestbranding=0&#038;rel=1&#038;fs=1&#038;playsinline=0&#038;autohide=2&#038;theme=dark&#038;color=red&#038;controls=1&#038;\" class=\"__youtube_prefs__  epyt-is-override  no-lazyload\" title=\"YouTube player\"  allow=\"fullscreen; accelerometer; autoplay; clipboard-write; encrypted-media; gyroscope; picture-in-picture\" allowfullscreen data-no-lazy=\"1\" data-skipgform_ajax_framebjll=\"\"><\/iframe>\n<\/div><figcaption class=\"wp-element-caption\"><sup>Sonbird \u2014 <em>Zadzwo\u0144 do mnie <\/em><\/sup><\/figcaption><\/figure>\n\n\n\n<div style=\"height:20px\" aria-hidden=\"true\" class=\"wp-block-spacer\"><\/div>\n\n\n\n<h4 class=\"wp-block-heading\" id=\"czy-macie-poczucie-ze-od-czasu-premiery-glodnego-waszego-debiutu-rynek-muzyczny-mocno-sie-zmienil-jest-cos-co-was-w-nim-zaskakuje\">SB: Czy czujecie, \u017ce od czasu premiery <em>G\u0142odnego<\/em>, waszego debiutu, rynek muzyczny mocno si\u0119 zmieni\u0142? Jest co\u015b, co was w nim zaskakuje?&nbsp;<\/h4>\n\n\n\n<p><strong>Dawid<\/strong>: Zmieni\u0142 si\u0119 i to bardzo. Od naszego debiutu min\u0119\u0142o tak naprawd\u0119 7 lat. R\u00f3\u017cnica, kt\u00f3ra przysz\u0142a z czasem, wymaga, \u017ceby\u015bmy pr\u0119\u017cnie dzia\u0142ali w social mediach. Pojawia si\u0119 bardzo du\u017co muzyki i <em>bardzo du\u017co <\/em>nie wyra\u017ca nawet tej ilo\u015bci. Z jednej strony to super, \u017ce wszyscy mog\u0105 tworzy\u0107, ale te\u017c konkurencja jest teraz znacznie wi\u0119ksza. Od wszystkich tak naprawd\u0119, niezale\u017cnie czy zaczynasz, czy jeste\u015b ju\u017c na szczycie, wymaga si\u0119 bardzo du\u017cej systematyczno\u015bci. Mo\u017cesz by\u0107 najwi\u0119kszy, a i tak wypu\u015bci\u0107 co\u015b, co wzbudzi niepok\u00f3j ze wzgl\u0119du na liczby. I to mo\u017ce by\u0107 bardzo trudne, wi\u0119c chyba trzeba po prostu nauczy\u0107 si\u0119 z tym \u017cy\u0107.<\/p>\n\n\n\n<p><strong>Maciek<\/strong>: Przez to, \u017ce ludzie s\u0105 bardzo przebod\u017acowani, na ka\u017cdym kroku potrzebuj\u0105 bardzo wielu szybkich moment\u00f3w, kt\u00f3re zaspokoj\u0105 ich potrzeby. Ca\u0142kiem niedawno, bo w\u0142a\u015bnie tych 7 lat temu, wypuszcza\u0142o si\u0119 album, kt\u00f3ry \u017cy\u0142 potem przez 2-3 lata. Teraz wydaje si\u0119 p\u0142yt\u0119 i tak naprawd\u0119 po kilku miesi\u0105cach ju\u017c trzeba mie\u0107 gotow\u0105 kolejn\u0105.<\/p>\n\n\n\n<p><strong>Dawid<\/strong>: No i te\u017c sama kwestia singli! Pami\u0119tam, \u017ce przy debiucie d\u0142ugo\u015b\u0107 tzw. <em>radi\u00f3wki<\/em> wynosi\u0142a 3:19. Teraz spada nawet do 1:50. To te\u017c si\u0119 bardzo mocno pozmienia\u0142o.<\/p>\n\n\n\n<div style=\"height:20px\" aria-hidden=\"true\" class=\"wp-block-spacer\"><\/div>\n\n\n\n<figure class=\"wp-block-embed is-type-video is-provider-youtube wp-block-embed-youtube wp-embed-aspect-16-9 wp-has-aspect-ratio\"><div class=\"wp-block-embed__wrapper\">\n<iframe loading=\"lazy\"  id=\"_ytid_62121\"  width=\"1170\" height=\"658\"  data-origwidth=\"1170\" data-origheight=\"658\" src=\"https:\/\/www.youtube.com\/embed\/FEXjZTUFiD0?enablejsapi=1&#038;autoplay=0&#038;cc_load_policy=0&#038;cc_lang_pref=&#038;iv_load_policy=1&#038;loop=0&#038;modestbranding=0&#038;rel=1&#038;fs=1&#038;playsinline=0&#038;autohide=2&#038;theme=dark&#038;color=red&#038;controls=1&#038;\" class=\"__youtube_prefs__  epyt-is-override  no-lazyload\" title=\"YouTube player\"  allow=\"fullscreen; accelerometer; autoplay; clipboard-write; encrypted-media; gyroscope; picture-in-picture\" allowfullscreen data-no-lazy=\"1\" data-skipgform_ajax_framebjll=\"\"><\/iframe>\n<\/div><figcaption class=\"wp-element-caption\"><sup>Sonbird \u2014 <em>Yeyeye<\/em><\/sup><\/figcaption><\/figure>\n\n\n\n<div style=\"height:20px\" aria-hidden=\"true\" class=\"wp-block-spacer\"><\/div>\n\n\n\n<h4 class=\"wp-block-heading\" id=\"a-myslicie-czasem-o-tym-jak-dany-kawalek-poradzi-sobie-na-tik-toku\">JG: A my\u015blicie czasem o tym, jak dany kawa\u0142ek poradzi sobie na TikToku?<\/h4>\n\n\n\n<p><strong>Maciek<\/strong>: Oczywi\u015bcie mamy takie my\u015bli i jest to jeden z naszych <em>couple goals<\/em>, \u017ce kt\u00f3ry\u015b z naszych utwor\u00f3w staje si\u0119 viralem.&nbsp;<\/p>\n\n\n\n<div style=\"height:20px\" aria-hidden=\"true\" class=\"wp-block-spacer\"><\/div>\n\n\n\n<h4 class=\"wp-block-heading\" id=\"baby-lasagna-wypuscil-teraz-nowy-singiel-o-tym-ze-po-wygranej-na-eurowizji-zrobil-sie-na-niego-duzy-hajp-ktory-zaczal-go-wrecz-pozerac\">JG: <a href=\"https:\/\/goingapp.pl\/more\/baby-lasagna-koncerty-w-polsce-2026-wywiad\/\" target=\"_blank\" rel=\"noreferrer noopener\">Baby Lasagna<\/a> wypu\u015bci\u0142 teraz nowy singiel o tym, \u017ce po wygranej na Eurowizji zrobi\u0142 si\u0119 na niego du\u017cy hype, kt\u00f3ry zacz\u0105\u0142 go wr\u0119cz po\u017cera\u0107.<\/h4>\n\n\n\n<p><strong>Maciek:<\/strong> Bo to samonakr\u0119caj\u0105ca si\u0119 maszynka do mi\u0119sa, w kt\u00f3r\u0105 sam wpadasz. Czy lubimy robi\u0107 piosenki bardziej ni\u017c 7 lat temu? Niekoniecznie, raczej jest tak samo. Ale teraz ca\u0142y proces wymaga od nas du\u017co wi\u0119cej innych aktywno\u015bci, by m\u00f3c w og\u00f3le zajmowa\u0107 si\u0119 muzyk\u0105.&nbsp;<\/p>\n\n\n\n<p><strong>Tomek<\/strong>: Kiedy\u015b, aby by\u0107 popularnym muzykiem, prezentowa\u0142o si\u0119 swoje umiej\u0119tno\u015bci. Dzi\u015b w du\u017cej mierze warto \u0142\u0105czy\u0107 prac\u0119 w sieci z promocj\u0105 siebie. I dzia\u0142a\u0107 wielotorowo. <\/p>\n\n\n\n<div style=\"height:20px\" aria-hidden=\"true\" class=\"wp-block-spacer\"><\/div>\n\n\n\n<h4 class=\"wp-block-heading\" id=\"a-co-najwazniejszego-zmienilo-sie-w-was-samych\">SB: A co najwa\u017cniejszego zmieni\u0142o si\u0119 w was samych?&nbsp;<\/h4>\n\n\n\n<p><strong>Maciek:<\/strong> Dawid w ko\u0144cu ma w\u0105sa.<\/p>\n\n\n\n<p><strong>Dawid<\/strong>: Od dawna ju\u017c przecie\u017c?<\/p>\n\n\n\n<p><strong>Maciek:<\/strong> No ale 7 lat temu nie mia\u0142e\u015b.<\/p>\n\n\n\n<p><strong>Dawid:<\/strong> Nasze \u017cycie bardzo si\u0119 pozmienia\u0142o. 7 lat temu byli\u015bmy dzieciakami na studiach, grali\u015bmy koncerty, je\u017adzili\u015bmy po Polsce troch\u0119 jak nomadzi. Teraz wszystko si\u0119 pouk\u0142ada\u0142o. Wbrew naszym wcze\u015bniejszym niedoskona\u0142o\u015bciom stali\u015bmy si\u0119 te\u017c du\u017co bardziej zorganizowani. Z mojej perspektywy s\u0142ycha\u0107 du\u017c\u0105 zmian\u0119. Wydaje mi si\u0119, \u017ce dojrza\u0142o\u015b\u0107 i odpowiedzialno\u015b\u0107 za wszystko, co robimy, wykie\u0142kowa\u0142a do takiego stopnia, \u017ce zale\u017cy nam jeszcze bardziej ni\u017c kiedy\u015b. Poza tym widzimy te\u017c wszelakie ryzyka, kt\u00f3re si\u0119 pojawiaj\u0105 wok\u00f3\u0142 nas i kt\u00f3rych wcze\u015bniej nie zauwa\u017cali\u015bmy.<\/p>\n\n\n\n<p><strong>Tomek<\/strong>: Ja zapu\u015bci\u0142em w\u0142osy, przeprowadzali\u015bmy si\u0119 po trzy razy, mamy nowe gitary. Dawid ju\u017c powiedzia\u0142 o tym, co najwa\u017cniejsze, wi\u0119c tylko uzupe\u0142niam list\u0119.&nbsp;<\/p>\n\n\n\n<div style=\"height:20px\" aria-hidden=\"true\" class=\"wp-block-spacer\"><\/div>\n\n\n<div class=\"wp-block-image\">\n<figure class=\"aligncenter size-large\"><img loading=\"lazy\" decoding=\"async\" width=\"1024\" height=\"683\" src=\"https:\/\/goingapp.pl\/more\/wp-content\/uploads\/2026\/03\/Sonbird_foto_press2-1024x683.jpg\" alt=\"Sonbird\" class=\"wp-image-142006\" srcset=\"https:\/\/goingapp.pl\/more\/wp-content\/uploads\/2026\/03\/Sonbird_foto_press2-1024x683.jpg 1024w, https:\/\/goingapp.pl\/more\/wp-content\/uploads\/2026\/03\/Sonbird_foto_press2-300x200.jpg 300w, https:\/\/goingapp.pl\/more\/wp-content\/uploads\/2026\/03\/Sonbird_foto_press2-768x512.jpg 768w, https:\/\/goingapp.pl\/more\/wp-content\/uploads\/2026\/03\/Sonbird_foto_press2-370x247.jpg 370w, https:\/\/goingapp.pl\/more\/wp-content\/uploads\/2026\/03\/Sonbird_foto_press2-800x533.jpg 800w, https:\/\/goingapp.pl\/more\/wp-content\/uploads\/2026\/03\/Sonbird_foto_press2-20x13.jpg 20w, https:\/\/goingapp.pl\/more\/wp-content\/uploads\/2026\/03\/Sonbird_foto_press2-740x493.jpg 740w, https:\/\/goingapp.pl\/more\/wp-content\/uploads\/2026\/03\/Sonbird_foto_press2-72x48.jpg 72w\" sizes=\"(max-width: 1024px) 100vw, 1024px\" \/><figcaption class=\"wp-element-caption\"><sup>Sonbird \/ fot. materia\u0142y prasowe<\/sup><\/figcaption><\/figure><\/div>\n\n\n<div style=\"height:20px\" aria-hidden=\"true\" class=\"wp-block-spacer\"><\/div>\n\n\n\n<h4 class=\"wp-block-heading\" id=\"jak-w-takim-razie-wygladal-proces-tworzenia-nowych-piosenek-bylo-w-nim-duzo-spontanicznosci-czy-raczej-dzialaliscie-zadaniowo\">SB: Jak w takim razie wygl\u0105da\u0142 proces tworzenia nowych piosenek? By\u0142o w nim du\u017co spontaniczno\u015bci czy raczej dzia\u0142ali\u015bcie zadaniowo?&nbsp;<\/h4>\n\n\n\n<p><strong>Tomek:<\/strong> W zasadzie przy wszystkich naszych piosenkach by\u0142o du\u017co spontaniczno\u015bci.  S\u0105 kawa\u0142ki, przy kt\u00f3rych muzyk\u0119 zrobi\u0142em z Dawidem i takie, kt\u00f3re zaproponowa\u0142 Maciek i wsp\u00f3lnie je przerabiali\u015bmy. S\u0105 te\u017c takie zrobione w tr\u00f3jk\u0119. Cz\u0119sto r\u00f3wnie\u017c dzielili\u015bmy si\u0119 swoim instrumentarium podczas tworzenia, wi\u0119c ka\u017cdy pogra\u0142 na czym\u015b innym ni\u017c zwykle.<\/p>\n\n\n\n<div style=\"height:20px\" aria-hidden=\"true\" class=\"wp-block-spacer\"><\/div>\n\n\n\n<h4 class=\"wp-block-heading\" id=\"premierowe-utwory-sa-bardziej-rozbudowane-brzmieniowo-czego-glownie-sluchaliscie-podczas-pracy-nad-albumem\">SB: Premierowe utwory s\u0105 bardziej rozbudowane brzmieniowo. Czego g\u0142\u00f3wnie s\u0142uchali\u015bcie podczas pracy nad albumem?&nbsp;<\/h4>\n\n\n\n<p><strong>Dawid<\/strong>: Zupe\u0142nie innych rzeczy! Ja w trakcie powstawania albumu s\u0142ucha\u0142em chyba najwi\u0119cej metalcore&#8217;u i rapu. Czy maj\u0105 co\u015b wsp\u00f3lnego z nasz\u0105 muzyk\u0105? Nie wiem, cho\u0107 si\u0119 domy\u015blam. Na pewno mo\u017cna us\u0142ysze\u0107 u nas nuty Maca DeMarco. To faktycznie by\u0142y rzeczy, kt\u00f3re sta\u0142y si\u0119 dla nas pewnego rodzaju wskaz\u00f3wk\u0105, jaki kurs mamy obra\u0107. Jednocze\u015bnie ca\u0142y czas eksperymentowali\u015bmy i rozbudowywali\u015bmy brzmienia, ale tak, \u017ceby nie zapomnie\u0107 o naszej bazie.<\/p>\n\n\n\n<div style=\"height:20px\" aria-hidden=\"true\" class=\"wp-block-spacer\"><\/div>\n\n\n\n<h4 class=\"wp-block-heading\" id=\"jedna-z-piosenek-to-z-kolei-kilka-ulubionych-miejsc-ktore-dzis-sa-dla-was-najwazniejsze\">SB: Jedn\u0105 z piosenek nazwali\u015bcie <em>Kilka ulubionych miejsc<\/em>. Kt\u00f3re dzi\u015b s\u0105 dla was najwa\u017cniejsze?&nbsp;<\/h4>\n\n\n\n<p><strong>Tomek<\/strong>: Ja na przyk\u0142ad mam nieograniczon\u0105 mi\u0142o\u015b\u0107 do miejsca, z kt\u00f3rego si\u0119 wywodzimy, czyli do \u017bywca. Gdy widz\u0119 g\u00f3ry i czuj\u0119 tamtejsze powietrze, jest mi zdecydowanie lepiej na duchu.<\/p>\n\n\n\n<p><strong>Maciek<\/strong>: By\u0142em na Islandii i mam tam swoje ulubione miejsca, tak samo jak na Maderze. Nad polskim morzem polecam za to kemping <em>Alexa<\/em>, a na Mazurach \u2014 <em>Nad Zielonym<\/em>.<\/p>\n\n\n\n<p><strong>Dawid: <\/strong>W moim \u017cyciu ostatnio du\u017co si\u0119 dzia\u0142o. Z \u017bywcem mam tak, \u017ce bardzo kocham to miasto i wszelakie okolice, w kt\u00f3rych dorastali\u015bmy. S\u0105 tam takie punkty, do kt\u00f3rych \u017cywi\u0119 du\u017cy sentyment. Czasami, my\u015bl\u0105c o tym, \u017ce szybko tam nie wr\u00f3c\u0119, czuj\u0119 smutek. A je\u015bli chodzi o Warszaw\u0119, to odk\u0105d zacz\u0105\u0142em biega\u0107, odkry\u0142em bardzo du\u017co miejsc\u00f3wek. Lubi\u0119 zabiera\u0107 w nie bliskie mi osoby i m\u00f3wi\u0107: <em>Wow, ja to znalaz\u0142em! <\/em><\/p>\n\n\n\n<div style=\"height:20px\" aria-hidden=\"true\" class=\"wp-block-spacer\"><\/div>\n\n\n\n<figure class=\"wp-block-embed is-type-video is-provider-youtube wp-block-embed-youtube wp-embed-aspect-4-3 wp-has-aspect-ratio\"><div class=\"wp-block-embed__wrapper\">\n<iframe loading=\"lazy\"  id=\"_ytid_76883\"  width=\"1170\" height=\"658\"  data-origwidth=\"1170\" data-origheight=\"658\" src=\"https:\/\/www.youtube.com\/embed\/YE35mf9hXJA?enablejsapi=1&#038;autoplay=0&#038;cc_load_policy=0&#038;cc_lang_pref=&#038;iv_load_policy=1&#038;loop=0&#038;modestbranding=0&#038;rel=1&#038;fs=1&#038;playsinline=0&#038;autohide=2&#038;theme=dark&#038;color=red&#038;controls=1&#038;\" class=\"__youtube_prefs__  epyt-is-override  no-lazyload\" title=\"YouTube player\"  allow=\"fullscreen; accelerometer; autoplay; clipboard-write; encrypted-media; gyroscope; picture-in-picture\" allowfullscreen data-no-lazy=\"1\" data-skipgform_ajax_framebjll=\"\"><\/iframe>\n<\/div><figcaption class=\"wp-element-caption\"><sup>Sonbird \u2014 <em>wyrwij mi serce <\/em><\/sup><\/figcaption><\/figure>\n\n\n\n<div style=\"height:20px\" aria-hidden=\"true\" class=\"wp-block-spacer\"><\/div>\n\n\n\n<h4 class=\"wp-block-heading\" id=\"pod-koniec-marca-zagracie-premierowy-koncert-w-niebie-jak-sie-do-niego-przygotowujecie\">SB: Pod koniec marca zagracie premierowy koncert w warszawskim Niebie. Jak si\u0119 do niego przygotowujecie?<\/h4>\n\n\n\n<p><strong>Maciek<\/strong>: Jeste\u015bmy w trakcie uk\u0142adania setlisty i sprawdzania r\u00f3\u017cnych opcji. Zastanawiamy si\u0119, co gra\u0107 z pierwszego albumu i EP-ki, kt\u00f3ra wysz\u0142a po drodze. Nie mamy w\u0105tpliwo\u015bci, co zagra\u0107 z drugiej p\u0142yty!&nbsp;<\/p>\n\n\n\n<p><strong>Dawid<\/strong>: Maciek przygotowuje materia\u0142 pod k\u0105tem produkcyjnym. Musimy teraz samodzielnie pracowa\u0107 nad tym, by muzyka wyp\u0142ywa\u0142a z nas bardzo sprawnie i p\u0142ynnie, bez moment\u00f3w w\u0105tpliwo\u015bci. Wracamy z p\u0142yt\u0105 i to dla nas wa\u017cny koncert, wi\u0119c nie mo\u017cemy sobie pozwoli\u0107 na b\u0142\u0119dy logistyczne. Je\u017celi mamy si\u0119 pomyli\u0107, niech to b\u0119dzie pomy\u0142ka naturalna, a nie taka, kt\u00f3ra wynika\u0142aby z naszego nieprzygotowania.&nbsp;<\/p>\n\n\n\n<p><strong>Tomek<\/strong>: Zaczynamy pr\u00f3by i musimy da\u0107 z siebie wszystko. Mamy czas do ko\u0144ca marca, wi\u0119c wiem, \u017ce <em>\u015bwietnie <\/em>sobie poradzimy (\u015bmiech)<\/p>\n\n\n\n<div style=\"height:20px\" aria-hidden=\"true\" class=\"wp-block-spacer\"><\/div>\n\n\n\n<h4 class=\"wp-block-heading\" id=\"macie-jakies-typy-jakich-utworow-bedziecie-domagac-sie-publicznosc\">JG: Macie jakie\u015b typy, jakich utwor\u00f3w b\u0119dziecie domaga\u0107 si\u0119 publiczno\u015b\u0107?<\/h4>\n\n\n\n<p><strong>Dawid<\/strong>: Zagramy piosenki z pierwszej p\u0142yty, kt\u00f3re zawsze ciesz\u0105 si\u0119 pozytywn\u0105 reakcj\u0105 s\u0142uchaczy. Na pewno zrobimy to w delikatnie od\u015bwie\u017conej formie. Natomiast wydaje mi si\u0119, \u017ce jako zesp\u00f3\u0142 zawsze mieli\u015bmy ch\u0119\u0107 robienia czego\u015b \u2013 nawet tego, co ju\u017c by\u0142o wykonane \u2013 jeszcze raz. Wi\u0119c i tym razem chcemy zaskoczy\u0107.<\/p>\n\n\n\n<p><strong>Maciek<\/strong>: To pewna pu\u0142apka. Gdy tworzysz kawa\u0142ki, jeste\u015b z nimi bardzo blisko i po jakim\u015b czasie po prostu ci si\u0119 nudz\u0105. Z drugiej strony moje ulubione piosenki innych zespo\u0142\u00f3w nigdy mnie nie m\u0119cz\u0105. Zastanawia\u0142em si\u0119 nad tym, uk\u0142adaj\u0105c nasz\u0105 setlist\u0119. Zawsze mo\u017cna zrobi\u0107 nowe aran\u017ce od podstaw, ale czy przypadkiem to nie jest tylko zaspokojenie swojego ego? Bo ludziom nie nudz\u0105 si\u0119 te piosenki tak szybko jak nam.&nbsp;<\/p>\n\n\n\n<p><strong>Tomek<\/strong>: Gadali\u015bmy o tym wielokrotnie, chyba od 4 lat ju\u017c!&nbsp;<\/p>\n\n\n\n<p><strong>Maciek:<\/strong> To prawda, ale dopiero teraz do tego doros\u0142em.&nbsp;<\/p>\n\n\n\n<div style=\"height:20px\" aria-hidden=\"true\" class=\"wp-block-spacer\"><\/div>\n\n\n\n<h4 class=\"wp-block-heading\" id=\"czyli-nie-trzeba-ich-jednak-odswiezac\">JG: Czyli nie trzeba ich jednak od\u015bwie\u017ca\u0107?&nbsp;<\/h4>\n\n\n\n<p><strong>Maciek<\/strong>: Od\u015bwie\u017ca\u0107 warto, wywraca\u0107 do g\u00f3ry nogami \u2014 niekoniecznie.&nbsp;<\/p>\n\n\n\n<div style=\"height:20px\" aria-hidden=\"true\" class=\"wp-block-spacer\"><\/div>\n\n\n\n<h4 class=\"wp-block-heading\" id=\"rozumiem-to-tak-ze-jesli-zmienial-sie-wasz-sound-to-zasadne-jest-zeby-jakos-dostosowac-do-tego-starsze-utwory-zeby-na-koncercie-brzmialo-to-spojnie\">JG: Rozumiem, \u017ce je\u015bli zmienia si\u0119 wasze brzmienie, to wypada\u0142oby dostosowa\u0107 do niego starsze utwory, \u017ceby na koncercie wszystko wypad\u0142o sp\u00f3jnie. <\/h4>\n\n\n\n<p><strong>Dawid<\/strong>: Tak. Kiedy\u015b by\u0142o inaczej, zbyt eksperymentowali\u015bmy, ale na szcz\u0119\u015bcie wr\u00f3cili\u015bmy do poprzedniej strategii.<\/p>\n\n\n\n<p><strong>Maciek<\/strong>: To kwestia zm\u0119czenia g\u0142owy, kt\u00f3ra chce czego\u015b nowego.&nbsp;<\/p>\n\n\n\n<p><strong>Dawid:<\/strong> Bierzemy to, co znamy ju\u017c bardzo dobrze, i szukamy w tym czego\u015b \u015bwie\u017cego. Ma\u0142o jest zespo\u0142\u00f3w, kt\u00f3re nie robi\u0105 zmian. Mo\u017ce Myslovitz jest wierny swojemu brzmieniu. Ch\u0142opaki wiedz\u0105, \u017ce ludzie chc\u0105 tych konkretnych piosenek, d\u017awi\u0119k\u00f3w i aran\u017cacji. Nie walcz\u0105 sami ze sob\u0105, tylko konsekwentnie prezentuj\u0105 to, za co pokochali ich s\u0142uchacze. I to te\u017c jest spoko.&nbsp;<\/p>\n\n\n\n<div style=\"height:20px\" aria-hidden=\"true\" class=\"wp-block-spacer\"><\/div>\n\n\n\n<figure class=\"wp-block-embed is-type-video is-provider-youtube wp-block-embed-youtube wp-embed-aspect-16-9 wp-has-aspect-ratio\"><div class=\"wp-block-embed__wrapper\">\n<iframe loading=\"lazy\"  id=\"_ytid_36267\"  width=\"1170\" height=\"658\"  data-origwidth=\"1170\" data-origheight=\"658\" src=\"https:\/\/www.youtube.com\/embed\/LSYTZg3lFZA?enablejsapi=1&#038;autoplay=0&#038;cc_load_policy=0&#038;cc_lang_pref=&#038;iv_load_policy=1&#038;loop=0&#038;modestbranding=0&#038;rel=1&#038;fs=1&#038;playsinline=0&#038;autohide=2&#038;theme=dark&#038;color=red&#038;controls=1&#038;\" class=\"__youtube_prefs__  epyt-is-override  no-lazyload\" title=\"YouTube player\"  allow=\"fullscreen; accelerometer; autoplay; clipboard-write; encrypted-media; gyroscope; picture-in-picture\" allowfullscreen data-no-lazy=\"1\" data-skipgform_ajax_framebjll=\"\"><\/iframe>\n<\/div><\/figure>\n\n\n\n<div style=\"height:20px\" aria-hidden=\"true\" class=\"wp-block-spacer\"><\/div>\n\n\n\n<h4 class=\"wp-block-heading\" id=\"jest-cos-co-chcieliscie-zrobic-kiedys-na-koncercie-ale-nigdy-dotad-nie-mieliscie-jeszcze-okazji\">SB: Jest co\u015b, co chcieli\u015bcie zrobi\u0107 kiedy\u015b na koncercie, ale nigdy dot\u0105d nie mieli\u015bcie jeszcze okazji?&nbsp;<\/h4>\n\n\n\n<p><strong>Dawid<\/strong>: Nie pami\u0119tam nazwy zespo\u0142u, ale widzia\u0142em, jak wokalista biega\u0142 z mikrofonem pomi\u0119dzy lud\u017ami i to jest m\u00f3j cel na przysz\u0142o\u015b\u0107. Nie chodzi mi o <em><a href=\"https:\/\/en.wikipedia.org\/wiki\/Stage_diving\" data-type=\"link\" data-id=\"https:\/\/en.wikipedia.org\/wiki\/Stage_diving\" target=\"_blank\" rel=\"noreferrer noopener\">stage diving<\/a><\/em>, tylko takie wej\u015bcie w t\u0142um. Koniecznie z mikrofonem na d\u0142ugim kablu!<\/p>\n\n\n\n<p><strong>Maciek<\/strong>: By\u0142em kiedy\u015b na koncercie <a href=\"https:\/\/goingapp.pl\/artysta\/the-national\" data-type=\"link\" data-id=\"https:\/\/goingapp.pl\/artysta\/the-national\" target=\"_blank\" rel=\"noreferrer noopener\">The National<\/a> na Torwarze. Wokalista Matt Berninger zszed\u0142 ze sceny i bieg\u0142 z mikrofonem na kablu przez ca\u0142y Torwar, tak\u017ce dooko\u0142a przez trybuny. Pracownicy techniczni trzymali mu ten kabel, a potem musieli go zwija\u0107.<\/p>\n\n\n\n<p><strong>Tomek<\/strong>: Tak by\u015b chcia\u0142?&nbsp;<\/p>\n\n\n\n<p><strong>Dawid<\/strong>: Bardzo.&nbsp;<\/p>\n\n\n\n<p><strong>Tomek<\/strong>: Naszym marzeniem, kt\u00f3re si\u0119 spe\u0142ni, jest te\u017c zagranie p\u0142yty <em>\u015awietnie<\/em> na \u017cywo w Niebie. Nigdy wcze\u015bniej tego nie robili\u015bmy!&nbsp;<\/p>\n","protected":false},"excerpt":{"rendered":"<p>T\u0119sknili\u015bcie za Sonbird? Oni za Wami te\u017c. Ch\u0142opaki zagraj\u0105 przedpremierowo nowy materia\u0142 29 marca w warszawskim Niebie, a w mi\u0119dzyczasie z\u0142apali\u015bmy si\u0119 z nimi na rozmow\u0119.&nbsp; Po siedmiu latach od debiutu muzycy Sonbird wracaj\u0105 z nowym albumem \u2013 dojrzalsi, bardziej \u015bwiadomi i pe\u0142ni nowych pomys\u0142\u00f3w. W przeddzie\u0144 premiery arty\u015bci opowiedzieli nam o t\u0119sknocie za studiem,&hellip;<\/p>\n","protected":false},"author":5,"featured_media":142002,"comment_status":"closed","ping_status":"closed","sticky":false,"template":"","format":"standard","meta":{"footnotes":"","_wpscppro_custom_social_share_image":0,"_facebook_share_type":"default","_twitter_share_type":"default","_linkedin_share_type":"default","_pinterest_share_type":"default","_linkedin_share_type_page":"","_instagram_share_type":"default","_selected_social_profile":[]},"categories":[3238],"tags":[170,2014,3649,4338,6,2474],"thb-sponsors":[],"class_list":["post-141995","post","type-post","status-publish","format-standard","has-post-thumbnail","hentry","category-muzyka","tag-koncert","tag-muzyka","tag-pop","tag-sonbird","tag-warszawa","tag-wywiad","parent_cat_muzyka"],"publishpress_future_action":{"enabled":false,"date":"2026-05-05 05:09:24","action":"change-status","newStatus":"draft","terms":[],"taxonomy":"category"},"publishpress_future_workflow_manual_trigger":{"enabledWorkflows":[]},"_links":{"self":[{"href":"https:\/\/goingapp.pl\/more\/wp-json\/wp\/v2\/posts\/141995"}],"collection":[{"href":"https:\/\/goingapp.pl\/more\/wp-json\/wp\/v2\/posts"}],"about":[{"href":"https:\/\/goingapp.pl\/more\/wp-json\/wp\/v2\/types\/post"}],"author":[{"embeddable":true,"href":"https:\/\/goingapp.pl\/more\/wp-json\/wp\/v2\/users\/5"}],"replies":[{"embeddable":true,"href":"https:\/\/goingapp.pl\/more\/wp-json\/wp\/v2\/comments?post=141995"}],"version-history":[{"count":9,"href":"https:\/\/goingapp.pl\/more\/wp-json\/wp\/v2\/posts\/141995\/revisions"}],"predecessor-version":[{"id":142067,"href":"https:\/\/goingapp.pl\/more\/wp-json\/wp\/v2\/posts\/141995\/revisions\/142067"}],"wp:featuredmedia":[{"embeddable":true,"href":"https:\/\/goingapp.pl\/more\/wp-json\/wp\/v2\/media\/142002"}],"wp:attachment":[{"href":"https:\/\/goingapp.pl\/more\/wp-json\/wp\/v2\/media?parent=141995"}],"wp:term":[{"taxonomy":"category","embeddable":true,"href":"https:\/\/goingapp.pl\/more\/wp-json\/wp\/v2\/categories?post=141995"},{"taxonomy":"post_tag","embeddable":true,"href":"https:\/\/goingapp.pl\/more\/wp-json\/wp\/v2\/tags?post=141995"},{"taxonomy":"thb-sponsors","embeddable":true,"href":"https:\/\/goingapp.pl\/more\/wp-json\/wp\/v2\/thb-sponsors?post=141995"}],"curies":[{"name":"wp","href":"https:\/\/api.w.org\/{rel}","templated":true}]}}