{"id":142078,"date":"2026-03-13T16:18:53","date_gmt":"2026-03-13T15:18:53","guid":{"rendered":"https:\/\/goingapp.pl\/more\/?p=142078"},"modified":"2026-03-13T16:19:15","modified_gmt":"2026-03-13T15:19:15","slug":"muzeum-plakatu-wilanow-plakat-polski-kolekcja","status":"publish","type":"post","link":"https:\/\/goingapp.pl\/more\/muzeum-plakatu-wilanow-plakat-polski-kolekcja\/","title":{"rendered":"Historia zakl\u0119ta w afiszach. Muzeum Plakatu w Wilanowie zn\u00f3w otwarte"},"content":{"rendered":"\n<h3 class=\"wp-block-heading\">Na rozpoczynaj\u0105cej si\u0119 w\u0142a\u015bnie wystawie <em>Plakat polski. Kolekcja <\/em>zobaczymy ponad 240 prac powsta\u0142ych na przestrzeni ostatnich 130 lat. W 6 okresach wyszczeg\u00f3lnionych przez kurator\u00f3w wizualno\u015b\u0107 odgrywa\u0142a inn\u0105 rol\u0119, ale zawsze by\u0142a wa\u017cnym elementem opisywania zmieniaj\u0105cej si\u0119 rzeczywisto\u015bci. <\/h3>\n\n\n\n<div style=\"height:20px\" aria-hidden=\"true\" class=\"wp-block-spacer\"><\/div>\n\n\n\n<div class=\"wp-block-rank-math-toc-block\" id=\"rank-math-toc\"><h3>Muzeum Plakatu w Wilanowie: Sprawd\u017a, co Ci\u0119 tam czeka! <\/h3><nav><ul><li class=\"\"><a href=\"#p\">Odda\u0107 g\u0142os plakatom <\/a><\/li><li class=\"\"><a href=\"#1\">130 lat historii <\/a><\/li><li class=\"\"><a href=\"#z\">Zmiany, ale niewidoczne <\/a><\/li><li class=\"\"><a href=\"#m\">Muzeum Plakatu w Wilanowie: Najwa\u017cniejsze informacje<\/a><\/li><\/ul><\/nav><\/div>\n\n\n\n<div style=\"height:20px\" aria-hidden=\"true\" class=\"wp-block-spacer\"><\/div>\n\n\n<div class=\"wp-block-image\">\n<figure class=\"aligncenter size-large\"><a href=\"https:\/\/goingapp.pl\/szukaj?query=targi%20rzeczy%20wyj%C4%85tkowych\" target=\"_blank\" rel=\"noreferrer noopener\"><img loading=\"lazy\" decoding=\"async\" width=\"1024\" height=\"751\" src=\"https:\/\/goingapp.pl\/more\/wp-content\/uploads\/2026\/03\/Mem-01-2026-03-13T142719.028-1024x751.jpg\" alt=\"\" class=\"wp-image-142079\" srcset=\"https:\/\/goingapp.pl\/more\/wp-content\/uploads\/2026\/03\/Mem-01-2026-03-13T142719.028-1024x751.jpg 1024w, https:\/\/goingapp.pl\/more\/wp-content\/uploads\/2026\/03\/Mem-01-2026-03-13T142719.028-300x220.jpg 300w, https:\/\/goingapp.pl\/more\/wp-content\/uploads\/2026\/03\/Mem-01-2026-03-13T142719.028-768x563.jpg 768w, https:\/\/goingapp.pl\/more\/wp-content\/uploads\/2026\/03\/Mem-01-2026-03-13T142719.028-370x271.jpg 370w, https:\/\/goingapp.pl\/more\/wp-content\/uploads\/2026\/03\/Mem-01-2026-03-13T142719.028-800x587.jpg 800w, https:\/\/goingapp.pl\/more\/wp-content\/uploads\/2026\/03\/Mem-01-2026-03-13T142719.028-20x15.jpg 20w, https:\/\/goingapp.pl\/more\/wp-content\/uploads\/2026\/03\/Mem-01-2026-03-13T142719.028-740x543.jpg 740w, https:\/\/goingapp.pl\/more\/wp-content\/uploads\/2026\/03\/Mem-01-2026-03-13T142719.028-65x48.jpg 65w\" sizes=\"(max-width: 1024px) 100vw, 1024px\" \/><\/a><figcaption class=\"wp-element-caption\"><sup>Targi Rzeczy Wyj\u0105tkowych, gdzie do zdobycia b\u0119d\u0105 tak\u017ce plakaty, w najbli\u017cszym czasie odb\u0119d\u0105 si\u0119 w \u0142\u00f3dzkiej Hali EXPO (21-22.03), katowickim MCK (11-12.04), wroc\u0142awskiej Hali Stulecia (18-19.04) oraz pozna\u0144skim Pawilonie 2 MTP (25-26.04) \/ fot. materia\u0142y organizatora <\/sup><\/figcaption><\/figure><\/div>\n\n\n<div style=\"height:20px\" aria-hidden=\"true\" class=\"wp-block-spacer\"><\/div>\n\n\n\n<p>Warszawskie Muzeum Narodowe w p\u00f3\u017anych latach 60. zrobi\u0142o co\u015b, czego nie dokona\u0142a wcze\u015bniej \u017cadna instytucja na \u015bwiecie. Z jej inicjatywy wyodr\u0119bniono zupe\u0142nie now\u0105 plac\u00f3wk\u0119 po\u015bwi\u0119con\u0105 <strong>plakatom,<\/strong> kt\u00f3re symbolicznie podniesiono tym samym do rangi dzie\u0142 sztuki. W oczach kurator\u00f3w nie mia\u0142y bowiem jedynie funkcji u\u017cytkowej. Owszem, informowa\u0142y o nadchodz\u0105cych wydarzeniach kulturalnych albo zach\u0119ca\u0142y do wsparcia konkretnej opcji politycznej, ale robi\u0142y to za pomoc\u0105 konkretnych, cz\u0119sto nieoczywistych \u015brodk\u00f3w formalnych. Tworz\u0105cy je arty\u015bci do dzi\u015b bawi\u0105 si\u0119 kolorem i symbolik\u0105, pokazuj\u0105c, \u017ce nie o wszystkim trzeba m\u00f3wi\u0107 wprost. <\/p>\n\n\n\n<div style=\"height:20px\" aria-hidden=\"true\" class=\"wp-block-spacer\"><\/div>\n\n\n<div class=\"wp-block-image\">\n<figure class=\"aligncenter size-large\"><img loading=\"lazy\" decoding=\"async\" width=\"1024\" height=\"647\" src=\"https:\/\/goingapp.pl\/more\/wp-content\/uploads\/2026\/03\/1920px-Muzeum_Plakatu_w_Wilanowie_2023-1024x647.jpg\" alt=\"Muzeum Plakatu \" class=\"wp-image-142081\" srcset=\"https:\/\/goingapp.pl\/more\/wp-content\/uploads\/2026\/03\/1920px-Muzeum_Plakatu_w_Wilanowie_2023-1024x647.jpg 1024w, https:\/\/goingapp.pl\/more\/wp-content\/uploads\/2026\/03\/1920px-Muzeum_Plakatu_w_Wilanowie_2023-300x190.jpg 300w, https:\/\/goingapp.pl\/more\/wp-content\/uploads\/2026\/03\/1920px-Muzeum_Plakatu_w_Wilanowie_2023-768x486.jpg 768w, https:\/\/goingapp.pl\/more\/wp-content\/uploads\/2026\/03\/1920px-Muzeum_Plakatu_w_Wilanowie_2023-370x234.jpg 370w, https:\/\/goingapp.pl\/more\/wp-content\/uploads\/2026\/03\/1920px-Muzeum_Plakatu_w_Wilanowie_2023-800x506.jpg 800w, https:\/\/goingapp.pl\/more\/wp-content\/uploads\/2026\/03\/1920px-Muzeum_Plakatu_w_Wilanowie_2023-20x13.jpg 20w, https:\/\/goingapp.pl\/more\/wp-content\/uploads\/2026\/03\/1920px-Muzeum_Plakatu_w_Wilanowie_2023-740x468.jpg 740w, https:\/\/goingapp.pl\/more\/wp-content\/uploads\/2026\/03\/1920px-Muzeum_Plakatu_w_Wilanowie_2023-76x48.jpg 76w\" sizes=\"(max-width: 1024px) 100vw, 1024px\" \/><figcaption class=\"wp-element-caption\"><sup>Siedziba Muzeum Plakatu znajduje si\u0119 na terenie zespo\u0142u pa\u0142acowo-ogrodowego w warszawskim Wilanowie \/ fot. Adrian Grycuk \/ CC BY-SA 3.0 PL \/ Wikimedia Commons<\/sup><\/figcaption><\/figure><\/div>\n\n\n<div style=\"height:20px\" aria-hidden=\"true\" class=\"wp-block-spacer\"><\/div>\n\n\n\n<h2 class=\"wp-block-heading\" id=\"p\">Odda\u0107 g\u0142os plakatom <\/h2>\n\n\n\n<p>W zbiorach instytucji znajduje si\u0119 ponad 61 tysi\u0119cy polskich i zagranicznych plakat\u00f3w. 240 spo\u015br\u00f3d tych, kt\u00f3re powsta\u0142y nad Wis\u0142\u0105, zobaczymy na rozpoczynaj\u0105cej si\u0119<strong> 14 marca<\/strong> wystawie <em><strong>Plakat polski<\/strong>. <\/em><strong><em>Kolekcja <\/em>Muzeum Plakatu w Wilanowie <\/strong>otwiera ni\u0105 nowy etap dzia\u0142alno\u015bci. Jest po pi\u0119cioletniej przerwie modernizacyjnej i ma wiele pomys\u0142\u00f3w na to, jak przyci\u0105gn\u0105\u0107 kolejne pokolenia widz\u00f3w. Jej w\u0142odarze wci\u0105\u017c wierz\u0105, \u017ce opiekuj\u0105 si\u0119 stosunkowo niedocenianym medium, kt\u00f3re w XXI wieku zas\u0142uguje na wi\u0119ksz\u0105 uwag\u0119. <\/p>\n\n\n\n<div style=\"height:20px\" aria-hidden=\"true\" class=\"wp-block-spacer\"><\/div>\n\n\n<div class=\"wp-block-image\">\n<figure class=\"aligncenter size-large\"><img loading=\"lazy\" decoding=\"async\" width=\"1024\" height=\"683\" src=\"https:\/\/goingapp.pl\/more\/wp-content\/uploads\/2026\/03\/fot_Bartosz-Bajerski_Muzeum-Narodowe-w-Warszawie_3-1024x683.jpg\" alt=\"\" class=\"wp-image-142083\" srcset=\"https:\/\/goingapp.pl\/more\/wp-content\/uploads\/2026\/03\/fot_Bartosz-Bajerski_Muzeum-Narodowe-w-Warszawie_3-1024x683.jpg 1024w, https:\/\/goingapp.pl\/more\/wp-content\/uploads\/2026\/03\/fot_Bartosz-Bajerski_Muzeum-Narodowe-w-Warszawie_3-300x200.jpg 300w, https:\/\/goingapp.pl\/more\/wp-content\/uploads\/2026\/03\/fot_Bartosz-Bajerski_Muzeum-Narodowe-w-Warszawie_3-768x512.jpg 768w, https:\/\/goingapp.pl\/more\/wp-content\/uploads\/2026\/03\/fot_Bartosz-Bajerski_Muzeum-Narodowe-w-Warszawie_3-370x247.jpg 370w, https:\/\/goingapp.pl\/more\/wp-content\/uploads\/2026\/03\/fot_Bartosz-Bajerski_Muzeum-Narodowe-w-Warszawie_3-800x533.jpg 800w, https:\/\/goingapp.pl\/more\/wp-content\/uploads\/2026\/03\/fot_Bartosz-Bajerski_Muzeum-Narodowe-w-Warszawie_3-20x13.jpg 20w, https:\/\/goingapp.pl\/more\/wp-content\/uploads\/2026\/03\/fot_Bartosz-Bajerski_Muzeum-Narodowe-w-Warszawie_3-740x493.jpg 740w, https:\/\/goingapp.pl\/more\/wp-content\/uploads\/2026\/03\/fot_Bartosz-Bajerski_Muzeum-Narodowe-w-Warszawie_3-72x48.jpg 72w\" sizes=\"(max-width: 1024px) 100vw, 1024px\" \/><figcaption class=\"wp-element-caption\"><sup>fot. Bartosz Bajerski \/ Muzeum Narodowe w Warszawie \/ materia\u0142y prasowe <\/sup><\/figcaption><\/figure><\/div>\n\n\n<div style=\"height:20px\" aria-hidden=\"true\" class=\"wp-block-spacer\"><\/div>\n\n\n\n<h2 class=\"wp-block-heading\" id=\"1\">130 lat historii <\/h2>\n\n\n\n<p>Ekspozycj\u0119 podzielono zgodnie z chronologi\u0105 na sze\u015b\u0107 cz\u0119\u015bci. Pierwsza, <em><strong>Nowe medium <\/strong><\/em>ukazuje pocz\u0105tki plakatu, gdy zupe\u0142nie nie by\u0142 traktowany jako pe\u0142noprawna dyscyplina sztuki. <em><strong>W\u0142asne pa\u0144stwo<\/strong> <\/em>zagl\u0105da do ery dwudziestolecia  mi\u0119dzywojennego, a<strong> <em>Wojna i pok\u00f3<\/em><\/strong><em><strong>j<\/strong> <\/em>\u2014 do czas\u00f3w II wojny \u015bwiatowej, kiedy na afiszach widnia\u0142y g\u0142\u00f3wnie has\u0142a zagrzewaj\u0105ce do walki. Sekcja <strong><em>Propaganda i autonomia<\/em> <\/strong>ukazuje dualizm plakacist\u00f3w w okresie PRL-u. Z jednej strony byli zaprz\u0119gani do pochwa\u0142y ustroju, z drugiej \u2014 pr\u00f3bowali krystalizowa\u0107 sw\u00f3j osobny styl, szczeg\u00f3lnie widoczny w promocji rodzimych film\u00f3w. <em><strong>Sztuka plakatu<\/strong> <\/em>(1965-1989) pokazuje, \u017ce w nast\u0119pnych dekadach niekt\u00f3rzy z nich wypracowali na tym polu now\u0105 jako\u015b\u0107. Ostatnia cz\u0119\u015b\u0107, czyli <em><strong>Plakat na wolno\u015bci<\/strong><\/em>, dokumentuje ju\u017c za to er\u0119 po transformacji ustrojowej. Nowe pokolenie tw\u00f3rc\u00f3w kultury wizualnej tak\u017ce nie pozostaje oboj\u0119tne wobec jej emancypacyjnego i perswazyjnego wymiaru. <\/p>\n\n\n\n<div style=\"height:20px\" aria-hidden=\"true\" class=\"wp-block-spacer\"><\/div>\n\n\n<div class=\"wp-block-image\">\n<figure class=\"aligncenter size-large\"><img loading=\"lazy\" decoding=\"async\" width=\"1024\" height=\"683\" src=\"https:\/\/goingapp.pl\/more\/wp-content\/uploads\/2026\/03\/fot_Bartosz-Bajerski_Muzeum-Narodowe-w-Warszawie_5-1024x683.jpg\" alt=\"\" class=\"wp-image-142084\" srcset=\"https:\/\/goingapp.pl\/more\/wp-content\/uploads\/2026\/03\/fot_Bartosz-Bajerski_Muzeum-Narodowe-w-Warszawie_5-1024x683.jpg 1024w, https:\/\/goingapp.pl\/more\/wp-content\/uploads\/2026\/03\/fot_Bartosz-Bajerski_Muzeum-Narodowe-w-Warszawie_5-300x200.jpg 300w, https:\/\/goingapp.pl\/more\/wp-content\/uploads\/2026\/03\/fot_Bartosz-Bajerski_Muzeum-Narodowe-w-Warszawie_5-768x512.jpg 768w, https:\/\/goingapp.pl\/more\/wp-content\/uploads\/2026\/03\/fot_Bartosz-Bajerski_Muzeum-Narodowe-w-Warszawie_5-370x247.jpg 370w, https:\/\/goingapp.pl\/more\/wp-content\/uploads\/2026\/03\/fot_Bartosz-Bajerski_Muzeum-Narodowe-w-Warszawie_5-800x533.jpg 800w, https:\/\/goingapp.pl\/more\/wp-content\/uploads\/2026\/03\/fot_Bartosz-Bajerski_Muzeum-Narodowe-w-Warszawie_5-20x13.jpg 20w, https:\/\/goingapp.pl\/more\/wp-content\/uploads\/2026\/03\/fot_Bartosz-Bajerski_Muzeum-Narodowe-w-Warszawie_5-740x493.jpg 740w, https:\/\/goingapp.pl\/more\/wp-content\/uploads\/2026\/03\/fot_Bartosz-Bajerski_Muzeum-Narodowe-w-Warszawie_5-72x48.jpg 72w\" sizes=\"(max-width: 1024px) 100vw, 1024px\" \/><figcaption class=\"wp-element-caption\"><sup>fot. Bartosz Bajerski \/ Muzeum Narodowe w Warszawie \/ materia\u0142y prasowe <\/sup><\/figcaption><\/figure><\/div>\n\n\n<div style=\"height:20px\" aria-hidden=\"true\" class=\"wp-block-spacer\"><\/div>\n\n\n\n<h2 class=\"wp-block-heading\" id=\"z\">Zmiany, ale niewidoczne <\/h2>\n\n\n\n<p>Wystawa <em>Plakat polski. Kolekcja <\/em>b\u0119dzie dost\u0119pna dla go\u015bci co najmniej przez kilka lat. W tym czasie nie zaplanowano innych pokaz\u00f3w czasowych. Tak\u0105 decyzj\u0119 w <a href=\"https:\/\/wszystkoconajwazniejsze.pl\/pepites\/muzeum-plakatu-w-wilanowie-znow-otwarte\/\" data-type=\"link\" data-id=\"https:\/\/wszystkoconajwazniejsze.pl\/pepites\/muzeum-plakatu-w-wilanowie-znow-otwarte\/\" target=\"_blank\" rel=\"noreferrer noopener\">rozmowie z portalem <em>Wszystko Co Najwa\u017cniejsze<\/em><\/a><em> <\/em>uzasadni\u0142 jeden z kurator\u00f3w, Micha\u0142 Warda. \u2014 <em>Chcemy skupi\u0107 si\u0119 na razie rozwoju projektu sta\u0142ej ekspozycji, kt\u00f3ry jest dla nas nowym wyzwaniem, poniewa\u017c do tej pory muzeum organizowa\u0142o liczne wystawy czasowe i monograficzne. Teraz, dzi\u0119ki nowemu otwarciu zaczynamy dzia\u0142a\u0107 w nowej formule<\/em> \u2014 komentuje. <\/p>\n\n\n\n<p>Co ciekawe, wystawa b\u0119dzie aktualizowana co kwarta\u0142 ze wzgl\u0119d\u00f3w konserwatorskich, przy czym wyb\u00f3r prac pozostanie ten sam. Chodzi tylko o zmian\u0119 egzemplarzy plakat\u00f3w, aby nie uszkodzi\u0107 papier\u00f3w i tak nadgryzionych z\u0119bem czasu. <\/p>\n\n\n\n<div style=\"height:20px\" aria-hidden=\"true\" class=\"wp-block-spacer\"><\/div>\n\n\n<div class=\"wp-block-image\">\n<figure class=\"aligncenter size-large\"><img loading=\"lazy\" decoding=\"async\" width=\"752\" height=\"1024\" src=\"https:\/\/goingapp.pl\/more\/wp-content\/uploads\/2026\/03\/22_podpis-w-pliku-word-752x1024.jpg\" alt=\"\" class=\"wp-image-142085\" srcset=\"https:\/\/goingapp.pl\/more\/wp-content\/uploads\/2026\/03\/22_podpis-w-pliku-word-752x1024.jpg 752w, https:\/\/goingapp.pl\/more\/wp-content\/uploads\/2026\/03\/22_podpis-w-pliku-word-220x300.jpg 220w, https:\/\/goingapp.pl\/more\/wp-content\/uploads\/2026\/03\/22_podpis-w-pliku-word-370x504.jpg 370w, https:\/\/goingapp.pl\/more\/wp-content\/uploads\/2026\/03\/22_podpis-w-pliku-word-740x1008.jpg 740w, https:\/\/goingapp.pl\/more\/wp-content\/uploads\/2026\/03\/22_podpis-w-pliku-word-20x27.jpg 20w, https:\/\/goingapp.pl\/more\/wp-content\/uploads\/2026\/03\/22_podpis-w-pliku-word-35x48.jpg 35w\" sizes=\"(max-width: 752px) 100vw, 752px\" \/><figcaption class=\"wp-element-caption\"><sup>Leszek \u017bebrowski (ur. 1950) \/ Bluesada. VIII Festiwal Muzyki Bluesowej \/ Dom Kultury S\u0142owianin, 1999 \/  Dom Kultury S\u0142owianin, Szczecin \/ Wydawnictwo Archidiecezjalne <em>Ottonianum<\/em> \/ Szczecin \/ offset I ods\u0142ona wystawy Muzeum Plakatu w Wilanowie \/ Muzeum Narodowe w Warszawie \/ materia\u0142y prasowe <\/sup><\/figcaption><\/figure><\/div>\n\n\n<div style=\"height:20px\" aria-hidden=\"true\" class=\"wp-block-spacer\"><\/div>\n\n\n\n<h2 class=\"wp-block-heading\" id=\"m\">Muzeum Plakatu w Wilanowie: Najwa\u017cniejsze informacje<\/h2>\n\n\n\n<p><strong>adres: <\/strong>ul. Stanis\u0142awa Kostki-Potockiego 10\/16, Warszawa <\/p>\n\n\n\n<p><strong>godziny otwarcia: <\/strong>poniedzia\u0142ek: nieczynne, wtorek-niedziela: 10:00-18:00 <\/p>\n\n\n\n<p><strong>ceny bilet\u00f3w:<\/strong> 22\/18 z\u0142 (normalny\/ulgowy), wst\u0119p wolny w \u015brody <\/p>\n","protected":false},"excerpt":{"rendered":"<p>Na rozpoczynaj\u0105cej si\u0119 w\u0142a\u015bnie wystawie Plakat polski. Kolekcja zobaczymy ponad 240 prac powsta\u0142ych na przestrzeni ostatnich 130 lat. W 6 okresach wyszczeg\u00f3lnionych przez kurator\u00f3w wizualno\u015b\u0107 odgrywa\u0142a inn\u0105 rol\u0119, ale zawsze by\u0142a wa\u017cnym elementem opisywania zmieniaj\u0105cej si\u0119 rzeczywisto\u015bci. Warszawskie Muzeum Narodowe w p\u00f3\u017anych latach 60. zrobi\u0142o co\u015b, czego nie dokona\u0142a wcze\u015bniej \u017cadna instytucja na \u015bwiecie. Z&hellip;<\/p>\n","protected":false},"author":63,"featured_media":142082,"comment_status":"closed","ping_status":"closed","sticky":false,"template":"","format":"standard","meta":{"footnotes":"","_wpscppro_custom_social_share_image":0,"_facebook_share_type":"default","_twitter_share_type":"default","_linkedin_share_type":"default","_pinterest_share_type":"default","_linkedin_share_type_page":"","_instagram_share_type":"default","_selected_social_profile":[]},"categories":[5139],"tags":[3394,1721,6],"thb-sponsors":[],"class_list":["post-142078","post","type-post","status-publish","format-standard","has-post-thumbnail","hentry","category-kultura","tag-news","tag-sztuka","tag-warszawa","parent_cat_kultura"],"publishpress_future_action":{"enabled":false,"date":"2026-05-05 03:46:05","action":"change-status","newStatus":"draft","terms":[],"taxonomy":"category"},"publishpress_future_workflow_manual_trigger":{"enabledWorkflows":[]},"_links":{"self":[{"href":"https:\/\/goingapp.pl\/more\/wp-json\/wp\/v2\/posts\/142078"}],"collection":[{"href":"https:\/\/goingapp.pl\/more\/wp-json\/wp\/v2\/posts"}],"about":[{"href":"https:\/\/goingapp.pl\/more\/wp-json\/wp\/v2\/types\/post"}],"author":[{"embeddable":true,"href":"https:\/\/goingapp.pl\/more\/wp-json\/wp\/v2\/users\/63"}],"replies":[{"embeddable":true,"href":"https:\/\/goingapp.pl\/more\/wp-json\/wp\/v2\/comments?post=142078"}],"version-history":[{"count":1,"href":"https:\/\/goingapp.pl\/more\/wp-json\/wp\/v2\/posts\/142078\/revisions"}],"predecessor-version":[{"id":142086,"href":"https:\/\/goingapp.pl\/more\/wp-json\/wp\/v2\/posts\/142078\/revisions\/142086"}],"wp:featuredmedia":[{"embeddable":true,"href":"https:\/\/goingapp.pl\/more\/wp-json\/wp\/v2\/media\/142082"}],"wp:attachment":[{"href":"https:\/\/goingapp.pl\/more\/wp-json\/wp\/v2\/media?parent=142078"}],"wp:term":[{"taxonomy":"category","embeddable":true,"href":"https:\/\/goingapp.pl\/more\/wp-json\/wp\/v2\/categories?post=142078"},{"taxonomy":"post_tag","embeddable":true,"href":"https:\/\/goingapp.pl\/more\/wp-json\/wp\/v2\/tags?post=142078"},{"taxonomy":"thb-sponsors","embeddable":true,"href":"https:\/\/goingapp.pl\/more\/wp-json\/wp\/v2\/thb-sponsors?post=142078"}],"curies":[{"name":"wp","href":"https:\/\/api.w.org\/{rel}","templated":true}]}}