{"id":142915,"date":"2026-04-30T15:03:09","date_gmt":"2026-04-30T13:03:09","guid":{"rendered":"https:\/\/goingapp.pl\/more\/?p=142915"},"modified":"2026-04-30T15:03:21","modified_gmt":"2026-04-30T13:03:21","slug":"miedzynarodowy-dzien-jazzu-2026-koncerty-bilety","status":"publish","type":"post","link":"https:\/\/goingapp.pl\/more\/miedzynarodowy-dzien-jazzu-2026-koncerty-bilety\/","title":{"rendered":"Mi\u0119dzynarodowy Dzie\u0144 Jazzu przypada na 30 kwietnia. Na koncertach mo\u017cecie \u015bwi\u0119towa\u0107 go ca\u0142y rok!"},"content":{"rendered":"\n<h3 class=\"wp-block-heading\">W najbli\u017cszym czasie zobaczymy na \u017cywo topowych solist\u00f3w, legendarne sk\u0142ady i obiecuj\u0105cych debiutant\u00f3w. Poznajcie ich bli\u017cej!<\/h3>\n\n\n\n<div style=\"height:20px\" aria-hidden=\"true\" class=\"wp-block-spacer\"><\/div>\n\n\n\n<div class=\"wp-block-rank-math-toc-block\" id=\"rank-math-toc\"><h3>9 koncert\u00f3w jazzowych, kt\u00f3rych nie wypada przegapi\u0107<\/h3><nav><ul><li class=\"\"><a href=\"#warszawa\">Warszawa<\/a><ul><li class=\"\"><a href=\"#james-carter-organ-trio\">James Carter Organ Trio <\/a><\/li><li class=\"\"><a href=\"#kaidi-akinnibi\">Kaidi Akinnibi<\/a><\/li><li class=\"\"><a href=\"#the-bad-plus\">The Bad Plus<\/a><\/li><li class=\"\"><a href=\"#james-brandon-lewis-chad-taylor\">James Brandon Lewis &amp; Chad Taylor <\/a><\/li><\/ul><\/li><li class=\"\"><a href=\"#gdansk\">Gda\u0144sk <\/a><ul><li class=\"\"><a href=\"#jasmine-myra\">Jasmine Myra<\/a><\/li><li class=\"\"><a href=\"#fred-hersch\">Fred Hersch <\/a><\/li><li class=\"\"><a href=\"#yellowjackets\">Yellowjackets <\/a><\/li><\/ul><\/li><li class=\"\"><a href=\"#bielsko-biala\">Bielsko-Bia\u0142a <\/a><ul><li class=\"\"><a href=\"#the-special-trio\">The Special Trio <\/a><\/li><\/ul><\/li><li class=\"\"><a href=\"#piekary-slaskie\">Piekary \u015al\u0105skie <\/a><ul><li class=\"\"><a href=\"#bloto\">B\u0142oto <\/a><\/li><\/ul><\/li><\/ul><\/nav><\/div>\n\n\n\n<div style=\"height:20px\" aria-hidden=\"true\" class=\"wp-block-spacer\"><\/div>\n\n\n\n<p><strong>Mi\u0119dzynarodowy Dzie\u0144 Jazzu <\/strong>proklamowano jesieni\u0105 2011 roku z inicjatywy giganta gatunku, Herbiego Hancocka. Pianista i kompozytor wpad\u0142 na pomys\u0142 jego celebracji, wierz\u0105c, \u017ce styl zrodzony w Nowym Orleanie mo\u017ce pog\u0142\u0119bi\u0107 wymian\u0119 mi\u0119dzykulturow\u0105, a co za tym idzie \u2014 szacunek do inno\u015bci. \u2014 <em>Ma dyplomatyczn\u0105 rol\u0119 i jednoczy ludzi we wszystkich zak\u0105tkach \u015bwiata <\/em>\u2014 uzna\u0142a organizacja UNESCO, kt\u00f3ra podobnie jak ONZ w\u0142\u0105czy\u0142a \u015bwi\u0119to do swojego kalendarza. <\/p>\n\n\n\n<p>Na dat\u0119 inicjatywy wyznaczono <strong>30 kwietnia<\/strong>. Dzi\u015b zatem s\u0142uchamy naszych ulubionych p\u0142yt jazzowych, czytamy o ponadczasowych artystach i&#8230; planujemy, na jakie koncerty wybra\u0107 si\u0119 w najbli\u017cszym czasie. Polecamy to i Wam, bo b\u0119dzie si\u0119 dzia\u0142o! <\/p>\n\n\n\n<div style=\"height:20px\" aria-hidden=\"true\" class=\"wp-block-spacer\"><\/div>\n\n\n<div class=\"wp-block-image\">\n<figure class=\"aligncenter size-large\"><img loading=\"lazy\" decoding=\"async\" width=\"1024\" height=\"683\" src=\"https:\/\/goingapp.pl\/more\/wp-content\/uploads\/2026\/04\/pexels-bigbagfilms-8512617-1024x683.jpg\" alt=\"\" class=\"wp-image-142927\" srcset=\"https:\/\/goingapp.pl\/more\/wp-content\/uploads\/2026\/04\/pexels-bigbagfilms-8512617-1024x683.jpg 1024w, https:\/\/goingapp.pl\/more\/wp-content\/uploads\/2026\/04\/pexels-bigbagfilms-8512617-300x200.jpg 300w, https:\/\/goingapp.pl\/more\/wp-content\/uploads\/2026\/04\/pexels-bigbagfilms-8512617-768x512.jpg 768w, https:\/\/goingapp.pl\/more\/wp-content\/uploads\/2026\/04\/pexels-bigbagfilms-8512617-370x247.jpg 370w, https:\/\/goingapp.pl\/more\/wp-content\/uploads\/2026\/04\/pexels-bigbagfilms-8512617-800x533.jpg 800w, https:\/\/goingapp.pl\/more\/wp-content\/uploads\/2026\/04\/pexels-bigbagfilms-8512617-20x13.jpg 20w, https:\/\/goingapp.pl\/more\/wp-content\/uploads\/2026\/04\/pexels-bigbagfilms-8512617-740x493.jpg 740w, https:\/\/goingapp.pl\/more\/wp-content\/uploads\/2026\/04\/pexels-bigbagfilms-8512617-72x48.jpg 72w\" sizes=\"(max-width: 1024px) 100vw, 1024px\" \/><figcaption class=\"wp-element-caption\"><sup>fot. Big Bag Films \/ Pexels \/ CC0 <\/sup><\/figcaption><\/figure><\/div>\n\n\n<div style=\"height:20px\" aria-hidden=\"true\" class=\"wp-block-spacer\"><\/div>\n\n\n\n<h2 class=\"wp-block-heading\" id=\"warszawa\">Warszawa<\/h2>\n\n\n\n<h4 class=\"wp-block-heading\" id=\"james-carter-organ-trio\">James Carter Organ Trio <\/h4>\n\n\n\n<p><strong>kiedy i gdzie: <\/strong>22.05, Jassmine <\/p>\n\n\n\n<p>Nauka gry pod czujnym okiem Donalda Washingtona, trasy koncertowe po Skandynawii jako nastolatek, a wreszcie przeprowadzka do Nowego Jorku i wyst\u0119p w filmie <a href=\"https:\/\/www.filmweb.pl\/film\/Kansas+City-1996-6683\" data-type=\"link\" data-id=\"https:\/\/www.filmweb.pl\/film\/Kansas+City-1996-6683\" target=\"_blank\" rel=\"noreferrer noopener\"><em>Kansas City <\/em>Roberta Altmana<\/a> \u2014 to wszystko utorowa\u0142o <strong>Jamesowi Carterowi<\/strong> drog\u0119 do bycia jednym z najwybitniejszych saksofonist\u00f3w swoich czas\u00f3w. Muzyk \u0142\u0105czy wyj\u0105tkow\u0105 pracowito\u015b\u0107 z gotowo\u015bci\u0105 do mieszania r\u00f3\u017cnych styl\u00f3w (od dixieland, przez fusion, a\u017c po free jazz) i \u0142\u0105czenia si\u0142 z innymi muzykami. Do sto\u0142ecznego Jassmine przyjedzie z hammondzist\u0105 Gerardem Gibbsem i perkusist\u0105 Alexem White&#8217;em. <\/p>\n\n\n\n<div style=\"height:20px\" aria-hidden=\"true\" class=\"wp-block-spacer\"><\/div>\n\n\n<div class=\"wp-block-image\">\n<figure class=\"aligncenter size-large\"><a href=\"https:\/\/goingapp.pl\/wydarzenie\/james-carter-organ-trio-coltrane-a-centennial-supreme\/warszawa-maj-2026?\" target=\"_blank\" rel=\"noreferrer noopener\"><img loading=\"lazy\" decoding=\"async\" width=\"1024\" height=\"751\" src=\"https:\/\/goingapp.pl\/more\/wp-content\/uploads\/2026\/04\/Mem-01-2026-04-30T113545.417-1024x751.jpg\" alt=\"Mi\u0119dzynarodowy Dzie\u0144 Jazzu\" class=\"wp-image-142918\" srcset=\"https:\/\/goingapp.pl\/more\/wp-content\/uploads\/2026\/04\/Mem-01-2026-04-30T113545.417-1024x751.jpg 1024w, https:\/\/goingapp.pl\/more\/wp-content\/uploads\/2026\/04\/Mem-01-2026-04-30T113545.417-300x220.jpg 300w, https:\/\/goingapp.pl\/more\/wp-content\/uploads\/2026\/04\/Mem-01-2026-04-30T113545.417-768x563.jpg 768w, https:\/\/goingapp.pl\/more\/wp-content\/uploads\/2026\/04\/Mem-01-2026-04-30T113545.417-370x271.jpg 370w, https:\/\/goingapp.pl\/more\/wp-content\/uploads\/2026\/04\/Mem-01-2026-04-30T113545.417-800x587.jpg 800w, https:\/\/goingapp.pl\/more\/wp-content\/uploads\/2026\/04\/Mem-01-2026-04-30T113545.417-20x15.jpg 20w, https:\/\/goingapp.pl\/more\/wp-content\/uploads\/2026\/04\/Mem-01-2026-04-30T113545.417-740x543.jpg 740w, https:\/\/goingapp.pl\/more\/wp-content\/uploads\/2026\/04\/Mem-01-2026-04-30T113545.417-65x48.jpg 65w\" sizes=\"(max-width: 1024px) 100vw, 1024px\" \/><\/a><figcaption class=\"wp-element-caption\">Mi\u0119dzynarodowy Dzie\u0144 Jazzu: James Carter Organ Trio zagra w Jassmine \/ fot. Julian Von Schumann \/ materia\u0142y prasowe <\/figcaption><\/figure><\/div>\n\n\n<div style=\"height:20px\" aria-hidden=\"true\" class=\"wp-block-spacer\"><\/div>\n\n\n\n<h4 class=\"wp-block-heading\" id=\"kaidi-akinnibi\">Kaidi Akinnibi<\/h4>\n\n\n\n<p><strong>kiedy i gdzie: <\/strong>29.05, Jassmine <\/p>\n\n\n\n<p>W buty Cartera wkr\u00f3tce mo\u017ce wej\u015b\u0107 inny saksofonista, <strong>Kaidi Akinnibi<\/strong>. Cho\u0107 pod w\u0142asnym nazwiskiem nagrywa dopiero od 2023 roku, zd\u0105\u017cy\u0142 ju\u017c zab\u0142ysn\u0105\u0107 na londy\u0144skiej scenie jazzowej. Jego znakiem rozpoznawczym sta\u0142o si\u0119 po\u0142\u0105czenie ekspresyjnej gry na instrumencie z emocjonalnym songwritingiem. Dzi\u0119ki wsp\u00f3\u0142pracy z wieloma innymi artystami (m.in. black midi, Wizkid, Tom Misch &amp; Yussef Dayes, Celeste) nabra\u0142 te\u017c wprawy w \u017conglerce gatunkowej. <\/p>\n\n\n\n<div style=\"height:20px\" aria-hidden=\"true\" class=\"wp-block-spacer\"><\/div>\n\n\n<div class=\"wp-block-image\">\n<figure class=\"aligncenter size-large\"><a href=\"https:\/\/goingapp.pl\/wydarzenie\/kaidi-akinnibi\/warszawa-maj-2026?\" target=\"_blank\" rel=\"noreferrer noopener\"><img loading=\"lazy\" decoding=\"async\" width=\"1024\" height=\"751\" src=\"https:\/\/goingapp.pl\/more\/wp-content\/uploads\/2026\/04\/Mem-01-2026-04-30T113708.441-1024x751.jpg\" alt=\"Mi\u0119dzynarodowy Dzie\u0144 Jazzu\" class=\"wp-image-142919\" srcset=\"https:\/\/goingapp.pl\/more\/wp-content\/uploads\/2026\/04\/Mem-01-2026-04-30T113708.441-1024x751.jpg 1024w, https:\/\/goingapp.pl\/more\/wp-content\/uploads\/2026\/04\/Mem-01-2026-04-30T113708.441-300x220.jpg 300w, https:\/\/goingapp.pl\/more\/wp-content\/uploads\/2026\/04\/Mem-01-2026-04-30T113708.441-768x563.jpg 768w, https:\/\/goingapp.pl\/more\/wp-content\/uploads\/2026\/04\/Mem-01-2026-04-30T113708.441-370x271.jpg 370w, https:\/\/goingapp.pl\/more\/wp-content\/uploads\/2026\/04\/Mem-01-2026-04-30T113708.441-800x587.jpg 800w, https:\/\/goingapp.pl\/more\/wp-content\/uploads\/2026\/04\/Mem-01-2026-04-30T113708.441-20x15.jpg 20w, https:\/\/goingapp.pl\/more\/wp-content\/uploads\/2026\/04\/Mem-01-2026-04-30T113708.441-740x543.jpg 740w, https:\/\/goingapp.pl\/more\/wp-content\/uploads\/2026\/04\/Mem-01-2026-04-30T113708.441-65x48.jpg 65w\" sizes=\"(max-width: 1024px) 100vw, 1024px\" \/><\/a><figcaption class=\"wp-element-caption\">Mi\u0119dzynarodowy Dzie\u0144 Jazzu: Kaidi Akinnibi zagra w Jassmine \/ fot. materia\u0142y prasowe <\/figcaption><\/figure><\/div>\n\n\n<div style=\"height:20px\" aria-hidden=\"true\" class=\"wp-block-spacer\"><\/div>\n\n\n\n<h4 class=\"wp-block-heading\" id=\"the-bad-plus\">The Bad Plus<\/h4>\n\n\n\n<p><strong>kiedy i gdzie: <\/strong>24.07, Jassmine <\/p>\n\n\n\n<p>Zesp\u00f3\u0142 z Minneapolis, obecnie wyst\u0119puj\u0105cy jako kwartet (Reid Anderson na basie, David King na perkusji, Ben Monder na gitarze, Chris Speed na saksofonie tenorowym), po ponad \u0107wier\u0107 wieku ko\u0144czy dzia\u0142alno\u015b\u0107. W Jassmine zagraj\u0105 ostatni koncert w Polsce i to \u015bwietna okazja, by podzi\u0119kowa\u0107 im za 26 lat emocji. Od zawsze wywo\u0142ywali ich ca\u0142\u0105 mas\u0119, bo obok ich muzycznej propozycji \u2014 awangardy zmieszanej z popem i rockiem \u2014 trudno przej\u015b\u0107 oboj\u0119tnie. Poza autorskimi kompozycjami grupa zas\u0142yn\u0119\u0142a z reinterpretacji tw\u00f3rczo\u015bci artyst\u00f3w z innych muzycznych uniwers\u00f3w (m.in. Nirvana, Pink Floyd, Pixies czy Johnny Cash), przypominaj\u0105c, \u017ce jazz mo\u017ce by\u0107 wszystkim, a wszystko mo\u017ce by\u0107 jazzem. <\/p>\n\n\n\n<div style=\"height:20px\" aria-hidden=\"true\" class=\"wp-block-spacer\"><\/div>\n\n\n<div class=\"wp-block-image\">\n<figure class=\"aligncenter size-large\"><a href=\"https:\/\/goingapp.pl\/wydarzenie\/the-bad-plus-farewell-tour\/warszawa-lipiec-2026?\" target=\"_blank\" rel=\"noreferrer noopener\"><img loading=\"lazy\" decoding=\"async\" width=\"1024\" height=\"751\" src=\"https:\/\/goingapp.pl\/more\/wp-content\/uploads\/2026\/04\/Mem-01-2026-04-30T113848.436-1024x751.jpg\" alt=\"Mi\u0119dzynarodowy Dzie\u0144 Jazzu\" class=\"wp-image-142920\" srcset=\"https:\/\/goingapp.pl\/more\/wp-content\/uploads\/2026\/04\/Mem-01-2026-04-30T113848.436-1024x751.jpg 1024w, https:\/\/goingapp.pl\/more\/wp-content\/uploads\/2026\/04\/Mem-01-2026-04-30T113848.436-300x220.jpg 300w, https:\/\/goingapp.pl\/more\/wp-content\/uploads\/2026\/04\/Mem-01-2026-04-30T113848.436-768x563.jpg 768w, https:\/\/goingapp.pl\/more\/wp-content\/uploads\/2026\/04\/Mem-01-2026-04-30T113848.436-370x271.jpg 370w, https:\/\/goingapp.pl\/more\/wp-content\/uploads\/2026\/04\/Mem-01-2026-04-30T113848.436-800x587.jpg 800w, https:\/\/goingapp.pl\/more\/wp-content\/uploads\/2026\/04\/Mem-01-2026-04-30T113848.436-20x15.jpg 20w, https:\/\/goingapp.pl\/more\/wp-content\/uploads\/2026\/04\/Mem-01-2026-04-30T113848.436-740x543.jpg 740w, https:\/\/goingapp.pl\/more\/wp-content\/uploads\/2026\/04\/Mem-01-2026-04-30T113848.436-65x48.jpg 65w\" sizes=\"(max-width: 1024px) 100vw, 1024px\" \/><\/a><figcaption class=\"wp-element-caption\">Mi\u0119dzynarodowy Dzie\u0144 Jazzu: The Bad Plus zagraj\u0105 w Jassmine \/ fot. Evelyn Freja \/ materia\u0142y prasowe <\/figcaption><\/figure><\/div>\n\n\n<div style=\"height:20px\" aria-hidden=\"true\" class=\"wp-block-spacer\"><\/div>\n\n\n\n<h4 class=\"wp-block-heading\" id=\"james-brandon-lewis-chad-taylor\">James Brandon Lewis &amp; Chad Taylor <\/h4>\n\n\n\n<p><strong>kiedy i gdzie: <\/strong>27.09, Pardon, To Tu <\/p>\n\n\n\n<p>23 wrze\u015bnia 100. urodziny obchodzi\u0142aby ikona jazzu i autor kultowej p\u0142yty <em>A Love Supreme<\/em>, John Coltrane. Kilka dni po tej rocznicy ho\u0142d muzykowi z\u0142o\u017c\u0105 saksofonista <strong>James Brandon Lewis <\/strong>i perkusista <strong>Chad Taylor<\/strong>.<strong> <\/strong>Panowie zagraj\u0105 materia\u0142 z wydanego w 2018 roku albumu <em>Radiant Imprints<\/em>, kt\u00f3ry dziennik <em>The New York Times <\/em>okre\u015bli\u0142 mianem <em>uderzaj\u0105co lirycznego i rytmicznie kalejdoskopowego<\/em>. Na scenie g\u0142adko wchodz\u0105 w dialog, wydobywaj\u0105c z pierwotnych utwor\u00f3w spirytualn\u0105 moc. <\/p>\n\n\n\n<div style=\"height:20px\" aria-hidden=\"true\" class=\"wp-block-spacer\"><\/div>\n\n\n<div class=\"wp-block-image\">\n<figure class=\"aligncenter size-large\"><img loading=\"lazy\" decoding=\"async\" width=\"1024\" height=\"751\" src=\"https:\/\/goingapp.pl\/more\/wp-content\/uploads\/2026\/04\/Mem-01-2026-04-30T134555.707-1024x751.jpg\" alt=\"\" class=\"wp-image-142928\" srcset=\"https:\/\/goingapp.pl\/more\/wp-content\/uploads\/2026\/04\/Mem-01-2026-04-30T134555.707-1024x751.jpg 1024w, https:\/\/goingapp.pl\/more\/wp-content\/uploads\/2026\/04\/Mem-01-2026-04-30T134555.707-300x220.jpg 300w, https:\/\/goingapp.pl\/more\/wp-content\/uploads\/2026\/04\/Mem-01-2026-04-30T134555.707-768x563.jpg 768w, https:\/\/goingapp.pl\/more\/wp-content\/uploads\/2026\/04\/Mem-01-2026-04-30T134555.707-370x271.jpg 370w, https:\/\/goingapp.pl\/more\/wp-content\/uploads\/2026\/04\/Mem-01-2026-04-30T134555.707-800x587.jpg 800w, https:\/\/goingapp.pl\/more\/wp-content\/uploads\/2026\/04\/Mem-01-2026-04-30T134555.707-20x15.jpg 20w, https:\/\/goingapp.pl\/more\/wp-content\/uploads\/2026\/04\/Mem-01-2026-04-30T134555.707-740x543.jpg 740w, https:\/\/goingapp.pl\/more\/wp-content\/uploads\/2026\/04\/Mem-01-2026-04-30T134555.707-65x48.jpg 65w\" sizes=\"(max-width: 1024px) 100vw, 1024px\" \/><figcaption class=\"wp-element-caption\">Mi\u0119dzynarodowy Dzie\u0144 Jazzu: James Brandon Lewis &amp; Chad Taylor zagraj\u0105 w Pardon, To Tu \/ fot. materia\u0142y prasowe<\/figcaption><\/figure><\/div>\n\n\n<div style=\"height:20px\" aria-hidden=\"true\" class=\"wp-block-spacer\"><\/div>\n\n\n\n<h2 class=\"wp-block-heading\" id=\"gdansk\">Gda\u0144sk <\/h2>\n\n\n\n<h4 class=\"wp-block-heading\" id=\"jasmine-myra\">Jasmine Myra<\/h4>\n\n\n\n<p><strong>kiedy i gdzie: <\/strong>6.05, Scena MONK <\/p>\n\n\n\n<p>Podopieczna wytw\u00f3rni Gondwana Records, w kt\u00f3rej swoje p\u0142yty wydaj\u0105 tak\u017ce <a href=\"https:\/\/goingapp.pl\/more\/gogo-penguin-wywiad-necessary-fictions-plyta-2025\/\" data-type=\"link\" data-id=\"https:\/\/goingapp.pl\/more\/gogo-penguin-wywiad-necessary-fictions-plyta-2025\/\" target=\"_blank\" rel=\"noreferrer noopener\">GoGo Penguin<\/a>, Hania Rani i Matthew Halsall, odwiedzi Tr\u00f3jmiasto w przeddzie\u0144 premiery <em>Where Light Settles<\/em>. Jak zapowiada label, <strong>Jasmine Myra <\/strong>nie przestaje roztacza\u0107 autorskiej wizji spirytualnego jazzu, w kt\u00f3rej introspektywne refleksje i minimalistyczne, cho\u0107 g\u0142\u0119bokie brzmienie bior\u0105 g\u00f3r\u0119 nad instrumentalnym efekciarstwem. W nowych kompozycjach bada, czy przyjmowanie pozytywnych i negatywnych emocji nie jest najlepszym sposobem na to, by zacz\u0105\u0107  \u017cy\u0107 pe\u0142n\u0105 piersi\u0105. <\/p>\n\n\n\n<p>\u2014 <em>B\u00f3l jest nieunikniony i zawsze b\u0119dziesz do\u015bwiadcza\u0107 trudno\u015bci, ale bez niego nie rozwiniesz si\u0119 ani nie dowiesz si\u0119 wi\u0119cej o sobie ani o otaczaj\u0105cym ci\u0119 \u015bwiecie. Dualizm to rozw\u00f3j i wychodzenie z tego obronn\u0105 r\u0119k\u0105<\/em> \u2014 komentuje. Czy\u017cby w Scenie MONK szykowa\u0142o si\u0119 zbiorowe wyzwolenie? <\/p>\n\n\n\n<div style=\"height:20px\" aria-hidden=\"true\" class=\"wp-block-spacer\"><\/div>\n\n\n<div class=\"wp-block-image\">\n<figure class=\"aligncenter size-large\"><a href=\"https:\/\/goingapp.pl\/wydarzenie\/jasmine-myra-gdansk\/gdansk-maj-2026?\" target=\"_blank\" rel=\"noreferrer noopener\"><img loading=\"lazy\" decoding=\"async\" width=\"1024\" height=\"751\" src=\"https:\/\/goingapp.pl\/more\/wp-content\/uploads\/2026\/04\/Mem-01-2026-04-30T114243.472-1024x751.jpg\" alt=\"Mi\u0119dzynarodowy Dzie\u0144 Jazzu\" class=\"wp-image-142922\" srcset=\"https:\/\/goingapp.pl\/more\/wp-content\/uploads\/2026\/04\/Mem-01-2026-04-30T114243.472-1024x751.jpg 1024w, https:\/\/goingapp.pl\/more\/wp-content\/uploads\/2026\/04\/Mem-01-2026-04-30T114243.472-300x220.jpg 300w, https:\/\/goingapp.pl\/more\/wp-content\/uploads\/2026\/04\/Mem-01-2026-04-30T114243.472-768x563.jpg 768w, https:\/\/goingapp.pl\/more\/wp-content\/uploads\/2026\/04\/Mem-01-2026-04-30T114243.472-370x271.jpg 370w, https:\/\/goingapp.pl\/more\/wp-content\/uploads\/2026\/04\/Mem-01-2026-04-30T114243.472-800x587.jpg 800w, https:\/\/goingapp.pl\/more\/wp-content\/uploads\/2026\/04\/Mem-01-2026-04-30T114243.472-20x15.jpg 20w, https:\/\/goingapp.pl\/more\/wp-content\/uploads\/2026\/04\/Mem-01-2026-04-30T114243.472-740x543.jpg 740w, https:\/\/goingapp.pl\/more\/wp-content\/uploads\/2026\/04\/Mem-01-2026-04-30T114243.472-65x48.jpg 65w\" sizes=\"(max-width: 1024px) 100vw, 1024px\" \/><\/a><figcaption class=\"wp-element-caption\">Mi\u0119dzynarodowy Dzie\u0144 Jazzu: Jasmine Myra zagra na Scenie MONK \/ fot. materia\u0142y prasowe<\/figcaption><\/figure><\/div>\n\n\n<div style=\"height:20px\" aria-hidden=\"true\" class=\"wp-block-spacer\"><\/div>\n\n\n\n<h4 class=\"wp-block-heading\" id=\"fred-hersch\">Fred Hersch <\/h4>\n\n\n\n<p><strong>kiedy i gdzie: <\/strong>22.05, Scena MONK <\/p>\n\n\n\n<p>Skoro rzucili\u015bmy ju\u017c \u015bwiat\u0142o na wielu saksofonist\u00f3w, pora przypomnie\u0107 o tym, \u017ce Gda\u0144sk odwiedzi tak\u017ce jeden z najwybitniejszych \u017cyj\u0105cych pianist\u00f3w jazzowych. Dorobek <strong>Freda Herscha <\/strong>obejmuje kilkadziesi\u0105t album\u00f3w, z czego ostatni, kooperatywny <em>Love Grows Deep <\/em>z wibrafonist\u0105 Dickiem Sisto, ukaza\u0142 si\u0119 niespe\u0142na dwa tygodnie temu. Za swoj\u0105 prac\u0119 artysta zosta\u0142 wyr\u00f3\u017cniony 17 nominacjami do Grammy, Stypendium Guggenheima i tytu\u0142em <em>Pianisty Roku <\/em>przyznawanym przez Jazz Journalist Association. Nie myli\u0142 si\u0119 dziennik <em>New York Times, <\/em>nazywaj\u0105c go <em>wyj\u0105tkow\u0105 postaci\u0105 w\u015br\u00f3d pionier\u00f3w swojej sztuki<\/em>. <\/p>\n\n\n\n<div style=\"height:20px\" aria-hidden=\"true\" class=\"wp-block-spacer\"><\/div>\n\n\n<div class=\"wp-block-image\">\n<figure class=\"aligncenter size-large\"><a href=\"https:\/\/goingapp.pl\/wydarzenie\/fred-hersch-scena-monk\/gdansk-maj-2026?\" target=\"_blank\" rel=\"noreferrer noopener\"><img loading=\"lazy\" decoding=\"async\" width=\"1024\" height=\"751\" src=\"https:\/\/goingapp.pl\/more\/wp-content\/uploads\/2026\/04\/Mem-01-2026-04-30T114433.705-1024x751.jpg\" alt=\"Mi\u0119dzynarodowy Dzie\u0144 Jazzu\" class=\"wp-image-142923\" srcset=\"https:\/\/goingapp.pl\/more\/wp-content\/uploads\/2026\/04\/Mem-01-2026-04-30T114433.705-1024x751.jpg 1024w, https:\/\/goingapp.pl\/more\/wp-content\/uploads\/2026\/04\/Mem-01-2026-04-30T114433.705-300x220.jpg 300w, https:\/\/goingapp.pl\/more\/wp-content\/uploads\/2026\/04\/Mem-01-2026-04-30T114433.705-768x563.jpg 768w, https:\/\/goingapp.pl\/more\/wp-content\/uploads\/2026\/04\/Mem-01-2026-04-30T114433.705-370x271.jpg 370w, https:\/\/goingapp.pl\/more\/wp-content\/uploads\/2026\/04\/Mem-01-2026-04-30T114433.705-800x587.jpg 800w, https:\/\/goingapp.pl\/more\/wp-content\/uploads\/2026\/04\/Mem-01-2026-04-30T114433.705-20x15.jpg 20w, https:\/\/goingapp.pl\/more\/wp-content\/uploads\/2026\/04\/Mem-01-2026-04-30T114433.705-740x543.jpg 740w, https:\/\/goingapp.pl\/more\/wp-content\/uploads\/2026\/04\/Mem-01-2026-04-30T114433.705-65x48.jpg 65w\" sizes=\"(max-width: 1024px) 100vw, 1024px\" \/><\/a><figcaption class=\"wp-element-caption\">Mi\u0119dzynarodowy Dzie\u0144 Jazzu: Fred Hersch zagra na Scenie MONK \/ fot. Roberto Cifarelli \/ materia\u0142y prasowe<\/figcaption><\/figure><\/div>\n\n\n<div style=\"height:20px\" aria-hidden=\"true\" class=\"wp-block-spacer\"><\/div>\n\n\n\n<h4 class=\"wp-block-heading\" id=\"yellowjackets\">Yellowjackets <\/h4>\n\n\n\n<p><strong>kiedy i gdzie: <\/strong>25.05, Scena MONK <\/p>\n\n\n\n<p>\u2014 <em>Zapnijcie [pasy] <\/em>\u2014 zach\u0119caj\u0105 arty\u015bci w tytule ubieg\u0142orocznej, 27. (!) w swoim dorobku p\u0142yty. To s\u0142uszne polecenie, bo mimo \u017ce podr\u00f3\u017c jazz-rockowego zespo\u0142u trwa ju\u017c prawie p\u00f3\u0142 wieku, muzyka nadal nadaje jej wysokie tempo. Zdobywcy dw\u00f3ch Grammy nadal bawi\u0105 si\u0119 brzmieniem, kt\u00f3re b\u0119dzie \u015bwietnie akompaniowa\u0107 leniwemu s\u0105czeniu napoj\u00f3w i spontanicznym ta\u0144com. Z ich muzyk\u0105 gda\u0144ska Scena MONK przeniesie si\u0119 do innego wymiaru. <\/p>\n\n\n\n<div style=\"height:20px\" aria-hidden=\"true\" class=\"wp-block-spacer\"><\/div>\n\n\n<div class=\"wp-block-image\">\n<figure class=\"aligncenter size-large\"><a href=\"https:\/\/goingapp.pl\/wydarzenie\/yellowjackets\/gdansk-maj-2026?\" target=\"_blank\" rel=\"noreferrer noopener\"><img loading=\"lazy\" decoding=\"async\" width=\"1024\" height=\"751\" src=\"https:\/\/goingapp.pl\/more\/wp-content\/uploads\/2026\/04\/Mem-01-2026-04-30T114603.785-1024x751.jpg\" alt=\"Mi\u0119dzynarodowy Dzie\u0144 Jazzu\" class=\"wp-image-142924\" srcset=\"https:\/\/goingapp.pl\/more\/wp-content\/uploads\/2026\/04\/Mem-01-2026-04-30T114603.785-1024x751.jpg 1024w, https:\/\/goingapp.pl\/more\/wp-content\/uploads\/2026\/04\/Mem-01-2026-04-30T114603.785-300x220.jpg 300w, https:\/\/goingapp.pl\/more\/wp-content\/uploads\/2026\/04\/Mem-01-2026-04-30T114603.785-768x563.jpg 768w, https:\/\/goingapp.pl\/more\/wp-content\/uploads\/2026\/04\/Mem-01-2026-04-30T114603.785-370x271.jpg 370w, https:\/\/goingapp.pl\/more\/wp-content\/uploads\/2026\/04\/Mem-01-2026-04-30T114603.785-800x587.jpg 800w, https:\/\/goingapp.pl\/more\/wp-content\/uploads\/2026\/04\/Mem-01-2026-04-30T114603.785-20x15.jpg 20w, https:\/\/goingapp.pl\/more\/wp-content\/uploads\/2026\/04\/Mem-01-2026-04-30T114603.785-740x543.jpg 740w, https:\/\/goingapp.pl\/more\/wp-content\/uploads\/2026\/04\/Mem-01-2026-04-30T114603.785-65x48.jpg 65w\" sizes=\"(max-width: 1024px) 100vw, 1024px\" \/><\/a><figcaption class=\"wp-element-caption\">Mi\u0119dzynarodowy Dzie\u0144 Jazzu: Yellowjackets zagraj\u0105 na Scenie MONK \/ fot. Roberto Cifarelli \/ materia\u0142y prasowe <\/figcaption><\/figure><\/div>\n\n\n<div style=\"height:20px\" aria-hidden=\"true\" class=\"wp-block-spacer\"><\/div>\n\n\n\n<h2 class=\"wp-block-heading\" id=\"bielsko-biala\">Bielsko-Bia\u0142a <\/h2>\n\n\n\n<h4 class=\"wp-block-heading\" id=\"the-special-trio\">The Special Trio <\/h4>\n\n\n\n<p><strong>kiedy i gdzie: <\/strong>16.05, Cavatina Hall <\/p>\n\n\n\n<p>Polski jazz wci\u0105\u017c ma si\u0119 \u015bwietnie, wi\u0119c nie mogli\u015bmy pomin\u0105\u0107 go w naszym zestawieniu. Podbeskidzie mo\u017ce ju\u017c zatem zaciera\u0107 r\u0119ce na koncert <strong>The Special Trio,<\/strong> na kt\u00f3rym zagraj\u0105 tr\u0119bacz Piotr Krzemi\u0144ski, perkusista Piotr Budniak i brazylijski hammondzista Daniel Latorre. Muzycy zagraj\u0105 materia\u0142 ze \u015bwietnie przyj\u0119tego albumu <em>You Know <\/em>\u2014  mi\u0119dzykulturowej eksplozji stylu i \u017cywego dowodu na to, \u017ce wsp\u00f3\u0142cze\u015bnie nadal mo\u017cna tworzy\u0107 w analogowym, surowym stylu. Kompozycje nagrywano bowiem <em>na setk\u0119<\/em>, bez s\u0142uchawek i elektronicznych wspomagaczy. <\/p>\n\n\n\n<div style=\"height:20px\" aria-hidden=\"true\" class=\"wp-block-spacer\"><\/div>\n\n\n<div class=\"wp-block-image\">\n<figure class=\"aligncenter size-large\"><a href=\"https:\/\/goingapp.pl\/wydarzenie\/the-special-trio-wiosenna-trasa-koncertowa\/bielsko-biala-maj-2026?\" target=\"_blank\" rel=\"noreferrer noopener\"><img loading=\"lazy\" decoding=\"async\" width=\"1024\" height=\"751\" src=\"https:\/\/goingapp.pl\/more\/wp-content\/uploads\/2026\/04\/Mem-01-2026-04-30T114821.541-1024x751.jpg\" alt=\"Mi\u0119dzynarodowy Dzie\u0144 Jazzu\" class=\"wp-image-142925\" srcset=\"https:\/\/goingapp.pl\/more\/wp-content\/uploads\/2026\/04\/Mem-01-2026-04-30T114821.541-1024x751.jpg 1024w, https:\/\/goingapp.pl\/more\/wp-content\/uploads\/2026\/04\/Mem-01-2026-04-30T114821.541-300x220.jpg 300w, https:\/\/goingapp.pl\/more\/wp-content\/uploads\/2026\/04\/Mem-01-2026-04-30T114821.541-768x563.jpg 768w, https:\/\/goingapp.pl\/more\/wp-content\/uploads\/2026\/04\/Mem-01-2026-04-30T114821.541-370x271.jpg 370w, https:\/\/goingapp.pl\/more\/wp-content\/uploads\/2026\/04\/Mem-01-2026-04-30T114821.541-800x587.jpg 800w, https:\/\/goingapp.pl\/more\/wp-content\/uploads\/2026\/04\/Mem-01-2026-04-30T114821.541-20x15.jpg 20w, https:\/\/goingapp.pl\/more\/wp-content\/uploads\/2026\/04\/Mem-01-2026-04-30T114821.541-740x543.jpg 740w, https:\/\/goingapp.pl\/more\/wp-content\/uploads\/2026\/04\/Mem-01-2026-04-30T114821.541-65x48.jpg 65w\" sizes=\"(max-width: 1024px) 100vw, 1024px\" \/><\/a><figcaption class=\"wp-element-caption\">Mi\u0119dzynarodowy Dzie\u0144 Jazzu: The Special Trio zagra w Cavatina Hall \/ fot. materia\u0142y prasowe  <\/figcaption><\/figure><\/div>\n\n\n<div style=\"height:20px\" aria-hidden=\"true\" class=\"wp-block-spacer\"><\/div>\n\n\n\n<h2 class=\"wp-block-heading\" id=\"piekary-slaskie\">Piekary \u015al\u0105skie <\/h2>\n\n\n\n<h4 class=\"wp-block-heading\" id=\"bloto\">B\u0142oto <\/h4>\n\n\n\n<p><strong>kiedy i gdzie: <\/strong>30.05, Piekarnik <\/p>\n\n\n\n<p>Czo\u0142owi przedstawiciele wytw\u00f3rni Astigmatic Records maj\u0105 wszystko, czego potrzeba do sukcesu \u2014 wyrazisty muzyczny j\u0119zyk, gotowo\u015b\u0107 do urozmaicania jazzu z innymi gatunkami, na przyk\u0142ad elektronik\u0105 i hip-hopem, a tak\u017ce umiej\u0119tno\u015b\u0107 osadzenia swoich melodii w szerszym kontek\u015bcie. W przesz\u0142o\u015bci nagrywali p\u0142yty po\u015bwi\u0119cone glebom, kwiatom i grzybom, a teraz wraz z rumu\u0144skim artyst\u0105 Ionem D tropi\u0105 wsp\u00f3\u0142czesne napi\u0119cia spo\u0142eczne. \u2014 <em>To dwucz\u0119\u015bciowa opowie\u015b\u0107 o wsp\u00f3\u0142czesnej duszy uwi\u0119zionej w mechanizmach p\u00f3\u017anego kapitalizmu; dzie\u0142o pe\u0142ne radykalnych kontrast\u00f3w, odzwierciedlaj\u0105ce napi\u0119cie codzienno\u015bci <\/em>\u2014 brzmi zapowied\u017a albumu <em>Atmosfera<\/em>. Brzmi jak co\u015b, czego trzeba pos\u0142ucha\u0107 na \u017cywo. <\/p>\n\n\n\n<div style=\"height:20px\" aria-hidden=\"true\" class=\"wp-block-spacer\"><\/div>\n\n\n<div class=\"wp-block-image\">\n<figure class=\"aligncenter size-large\"><a href=\"https:\/\/goingapp.pl\/wydarzenie\/koncert-bloto-2\/piekary-slaskie-maj-2026?\" target=\"_blank\" rel=\"noreferrer noopener\"><img loading=\"lazy\" decoding=\"async\" width=\"1024\" height=\"751\" src=\"https:\/\/goingapp.pl\/more\/wp-content\/uploads\/2026\/04\/Mem-01-2026-04-30T114943.679-1024x751.jpg\" alt=\"Mi\u0119dzynarodowy Dzie\u0144 Jazzu\" class=\"wp-image-142926\" srcset=\"https:\/\/goingapp.pl\/more\/wp-content\/uploads\/2026\/04\/Mem-01-2026-04-30T114943.679-1024x751.jpg 1024w, https:\/\/goingapp.pl\/more\/wp-content\/uploads\/2026\/04\/Mem-01-2026-04-30T114943.679-300x220.jpg 300w, https:\/\/goingapp.pl\/more\/wp-content\/uploads\/2026\/04\/Mem-01-2026-04-30T114943.679-768x563.jpg 768w, https:\/\/goingapp.pl\/more\/wp-content\/uploads\/2026\/04\/Mem-01-2026-04-30T114943.679-370x271.jpg 370w, https:\/\/goingapp.pl\/more\/wp-content\/uploads\/2026\/04\/Mem-01-2026-04-30T114943.679-800x587.jpg 800w, https:\/\/goingapp.pl\/more\/wp-content\/uploads\/2026\/04\/Mem-01-2026-04-30T114943.679-20x15.jpg 20w, https:\/\/goingapp.pl\/more\/wp-content\/uploads\/2026\/04\/Mem-01-2026-04-30T114943.679-740x543.jpg 740w, https:\/\/goingapp.pl\/more\/wp-content\/uploads\/2026\/04\/Mem-01-2026-04-30T114943.679-65x48.jpg 65w\" sizes=\"(max-width: 1024px) 100vw, 1024px\" \/><\/a><figcaption class=\"wp-element-caption\">Mi\u0119dzynarodowy Dzie\u0144 Jazzu: B\u0142oto zagra w Piekarniku \/ fot. Sebastian J\u00f3\u017awiak \/ materia\u0142y prasowe<\/figcaption><\/figure><\/div>\n\n\n<p><\/p>\n","protected":false},"excerpt":{"rendered":"<p>W najbli\u017cszym czasie zobaczymy na \u017cywo topowych solist\u00f3w, legendarne sk\u0142ady i obiecuj\u0105cych debiutant\u00f3w. Poznajcie ich bli\u017cej! Mi\u0119dzynarodowy Dzie\u0144 Jazzu proklamowano jesieni\u0105 2011 roku z inicjatywy giganta gatunku, Herbiego Hancocka. Pianista i kompozytor wpad\u0142 na pomys\u0142 jego celebracji, wierz\u0105c, \u017ce styl zrodzony w Nowym Orleanie mo\u017ce pog\u0142\u0119bi\u0107 wymian\u0119 mi\u0119dzykulturow\u0105, a co za tym idzie \u2014 szacunek&hellip;<\/p>\n","protected":false},"author":63,"featured_media":142917,"comment_status":"closed","ping_status":"closed","sticky":false,"template":"","format":"standard","meta":{"footnotes":"","_wpscppro_custom_social_share_image":0,"_facebook_share_type":"default","_twitter_share_type":"default","_linkedin_share_type":"default","_pinterest_share_type":"default","_linkedin_share_type_page":"","_instagram_share_type":"default","_selected_social_profile":[]},"categories":[3238],"tags":[5772,8121,8116,8118,2246,8115,8112,8117,8113,3538,3273,8111,8114,8120,6,8119],"thb-sponsors":[],"class_list":["post-142915","post","type-post","status-publish","format-standard","has-post-thumbnail","hentry","category-muzyka","tag-bielsko-biala","tag-bloto-2","tag-chad-taylor","tag-fred-hersch","tag-gdansk-2","tag-james-brandon-lewis","tag-james-carter-organ-trio","tag-jasmine-myra","tag-kaidi-akinnibi","tag-koncerty","tag-more","tag-piekary-slaskie","tag-the-bad-plus","tag-the-special-trio","tag-warszawa","tag-yellowjacket","parent_cat_muzyka"],"publishpress_future_action":{"enabled":false,"date":"2026-05-07 18:12:24","action":"change-status","newStatus":"draft","terms":[],"taxonomy":"category"},"publishpress_future_workflow_manual_trigger":{"enabledWorkflows":[]},"_links":{"self":[{"href":"https:\/\/goingapp.pl\/more\/wp-json\/wp\/v2\/posts\/142915"}],"collection":[{"href":"https:\/\/goingapp.pl\/more\/wp-json\/wp\/v2\/posts"}],"about":[{"href":"https:\/\/goingapp.pl\/more\/wp-json\/wp\/v2\/types\/post"}],"author":[{"embeddable":true,"href":"https:\/\/goingapp.pl\/more\/wp-json\/wp\/v2\/users\/63"}],"replies":[{"embeddable":true,"href":"https:\/\/goingapp.pl\/more\/wp-json\/wp\/v2\/comments?post=142915"}],"version-history":[{"count":1,"href":"https:\/\/goingapp.pl\/more\/wp-json\/wp\/v2\/posts\/142915\/revisions"}],"predecessor-version":[{"id":142929,"href":"https:\/\/goingapp.pl\/more\/wp-json\/wp\/v2\/posts\/142915\/revisions\/142929"}],"wp:featuredmedia":[{"embeddable":true,"href":"https:\/\/goingapp.pl\/more\/wp-json\/wp\/v2\/media\/142917"}],"wp:attachment":[{"href":"https:\/\/goingapp.pl\/more\/wp-json\/wp\/v2\/media?parent=142915"}],"wp:term":[{"taxonomy":"category","embeddable":true,"href":"https:\/\/goingapp.pl\/more\/wp-json\/wp\/v2\/categories?post=142915"},{"taxonomy":"post_tag","embeddable":true,"href":"https:\/\/goingapp.pl\/more\/wp-json\/wp\/v2\/tags?post=142915"},{"taxonomy":"thb-sponsors","embeddable":true,"href":"https:\/\/goingapp.pl\/more\/wp-json\/wp\/v2\/thb-sponsors?post=142915"}],"curies":[{"name":"wp","href":"https:\/\/api.w.org\/{rel}","templated":true}]}}