{"id":144877,"date":"2026-09-02T13:54:24","date_gmt":"2026-09-02T11:54:24","guid":{"rendered":"https:\/\/goingapp.pl\/more\/?p=144877"},"modified":"2026-09-02T13:54:31","modified_gmt":"2026-09-02T11:54:31","slug":"polski-modernizm-walka-o-piekno-wystawa-warszawa","status":"publish","type":"post","link":"https:\/\/goingapp.pl\/more\/polski-modernizm-walka-o-piekno-wystawa-warszawa\/","title":{"rendered":"Mi\u0119dzy niedoborem a ambicj\u0105 \u201ePolski modernizm. Walka o pi\u0119kno\u201d to nowa wystawa w Willi Gawro\u0144skich"},"content":{"rendered":"\n<p>Po frekwencyjnym i artystycznym sukcesie na Mediola\u0144skim Tygodniu Designu wystawa <em>Polski modernizm. Walka o pi\u0119kno <\/em>pod kuratel\u0105 Federiki Sali i Anny Magi b\u0119dzie dost\u0119pna w Warszawie! Od 2 wrze\u015bnia do 11 pa\u017adziernika 2026 roku zobacz\u0105  j\u0105 go\u015bcie Willi Gawro\u0144skich \u2014 neobarokowej siedziby Fundacji Visteria. B\u0105d\u017a jednym z nich i zobacz, jak powojenni projektanci \u0142\u0105czyli funkcjonalizm z atrakcyjn\u0105 form\u0105 w erze niedoboru. To ponadczasowe wizualne dziedzictwo, kt\u00f3rego echa do dzi\u015b rozbrzmiewaj\u0105 w rodzimym designie. <\/p>\n\n\n\n<div style=\"height:20px\" aria-hidden=\"true\" class=\"wp-block-spacer\"><\/div>\n\n\n\n<p>\n<style>\n  .goingapp-theatre {\n    --th-bg: #160d0f;\n    --th-text: #f8eee2;\n    --th-red: #7e1725;\n    --th-red-light: #a52a38;\n    --th-gold: #d7ad62;\n    --th-gold-light: #efd39a;\n    --th-cream: #fff7ec;\n\n    box-sizing: border-box;\n    position: relative;\n    display: flex;\n    align-items: center;\n    gap: 18px;\n\n    width: 100%;\n    max-width: 100%;\n    min-height: 108px;\n    padding: 18px 20px;\n\n    background:\n      radial-gradient(\n        ellipse at 12% 10%,\n        rgba(165,42,56,.38) 0%,\n        rgba(165,42,56,.38) 18%,\n        transparent 19%\n      ),\n      radial-gradient(\n        ellipse at 88% 8%,\n        rgba(165,42,56,.28) 0%,\n        rgba(165,42,56,.28) 20%,\n        transparent 21%\n      ),\n      linear-gradient(\n        120deg,\n        #211014 0%,\n        #160d0f 48%,\n        #241114 100%\n      );\n\n    border: 3px solid var(--th-gold);\n    border-radius: 4px;\n\n    text-decoration: none !important;\n    font-family: Georgia, \"Times New Roman\", serif;\n\n    box-shadow:\n      7px 7px 0 var(--th-red);\n\n    overflow: hidden;\n\n    transition:\n      transform .2s ease,\n      box-shadow .2s ease;\n  }\n\n  .goingapp-theatre,\n  .goingapp-theatre * {\n    text-decoration: none !important;\n  }\n\n  \/* mi\u0119kka teatralna kurtyna *\/\n  .goingapp-theatre::before {\n    content: \"\";\n    position: absolute;\n\n    width: 220px;\n    height: 160px;\n\n    left: -55px;\n    top: -82px;\n\n    background:\n      repeating-linear-gradient(\n        90deg,\n        rgba(126,23,37,.95) 0px,\n        rgba(126,23,37,.95) 24px,\n        rgba(165,42,56,.78) 25px,\n        rgba(165,42,56,.78) 42px\n      );\n\n    border-radius: 0 0 55% 45%;\n\n    transform: rotate(-8deg);\n\n    box-shadow:\n      8px 10px 18px rgba(0,0,0,.25);\n\n    pointer-events: none;\n  }\n\n  \/* z\u0142oty teatralny detal *\/\n  .goingapp-theatre::after {\n    content: \"\";\n    position: absolute;\n\n    width: 110px;\n    height: 110px;\n\n    right: -52px;\n    bottom: -68px;\n\n    border: 2px solid rgba(215,173,98,.45);\n    border-radius: 50%;\n\n    box-shadow:\n      inset 0 0 0 8px rgba(215,173,98,.08);\n\n    pointer-events: none;\n  }\n\n  .goingapp-theatre:hover {\n    transform: translate(-2px, -2px);\n\n    box-shadow:\n      10px 10px 0 var(--th-gold);\n  }\n\n  .goingapp-theatre__arrow,\n  .goingapp-theatre__text,\n  .goingapp-theatre__cta-wrap {\n    position: relative;\n    z-index: 2;\n  }\n\n  .goingapp-theatre__arrow {\n    flex: 0 0 auto;\n\n    width: 50px;\n    height: 50px;\n\n    display: flex;\n    align-items: center;\n    justify-content: center;\n\n    background: var(--th-red);\n    color: var(--th-gold-light);\n\n    border: 2px solid var(--th-gold);\n    border-radius: 50%;\n\n    font-family: Arial, Helvetica, sans-serif;\n    font-size: 25px;\n    font-weight: 900;\n    line-height: 1;\n\n    box-shadow:\n      3px 3px 0 rgba(215,173,98,.45);\n\n    transition:\n      transform .25s ease,\n      background .2s ease,\n      color .2s ease;\n  }\n\n  .goingapp-theatre:hover\n  .goingapp-theatre__arrow {\n    transform: translateX(4px);\n\n    background: var(--th-gold);\n    color: var(--th-bg);\n  }\n\n  .goingapp-theatre__text {\n    flex: 1 1 auto;\n    min-width: 0;\n\n    padding-right: 8px;\n  }\n\n  .goingapp-theatre__title {\n    display: block;\n\n    color: var(--th-text);\n\n    font-weight: 700;\n    font-size: clamp(17px, 3.7vw, 21px);\n    line-height: 1.12;\n\n    letter-spacing: -0.025em;\n  }\n\n  .goingapp-theatre__cta-wrap {\n    flex: 0 0 auto;\n  }\n\n  .goingapp-theatre__cta {\n    display: inline-block;\n\n    background: var(--th-gold);\n    color: var(--th-bg);\n\n    padding: 13px 18px;\n\n    border: 2px solid var(--th-gold);\n    border-radius: 2px;\n\n    font-family: Arial, Helvetica, sans-serif;\n    font-size: 13px;\n    font-weight: 900;\n    letter-spacing: .05em;\n    white-space: nowrap;\n\n    box-shadow:\n      4px 4px 0 var(--th-red);\n\n    transition:\n      transform .2s ease,\n      background .2s ease,\n      color .2s ease;\n  }\n\n  .goingapp-theatre:hover\n  .goingapp-theatre__cta {\n    transform: translate(-2px, -2px);\n\n    background: var(--th-cream);\n    color: var(--th-red);\n  }\n\n  @media (max-width: 600px) {\n    .goingapp-theatre {\n      align-items: stretch;\n      flex-wrap: wrap;\n      min-height: 0;\n      padding: 18px;\n      gap: 12px;\n      border-radius: 4px;\n    }\n\n    .goingapp-theatre__arrow {\n      width: 44px;\n      height: 44px;\n      font-size: 23px;\n    }\n\n    .goingapp-theatre__text {\n      display: flex;\n      align-items: center;\n      padding-right: 0;\n    }\n\n    .goingapp-theatre__cta-wrap {\n      width: 100%;\n    }\n\n    .goingapp-theatre__cta {\n      width: 100%;\n      text-align: center;\n      padding: 13px 15px;\n    }\n  }\n<\/style>\n\n<a href=\"https:\/\/goingapp.pl\/polecamy\/teatr\" class=\"goingapp-theatre\" target=\"_blank\" rel=\"noopener\" aria-label=\"Nie r\u00f3b scen, tylko chod\u017a do teatru tej jesieni!\">\n\n  <span class=\"goingapp-theatre__arrow\">\n    \u2192\n  <\/span>\n\n  <span class=\"goingapp-theatre__text\">\n    <span class=\"goingapp-theatre__title\">\n      Nie r\u00f3b scen, tylko chod\u017a do teatru tej jesieni!\n    <\/span>\n  <\/span>\n\n  <span class=\"goingapp-theatre__cta-wrap\">\n    <span class=\"goingapp-theatre__cta\">\n      SPRAWD\u0179\n    <\/span>\n  <\/span>\n\n<\/a>\n\n<\/p>\n\n\n\n<div style=\"height:20px\" aria-hidden=\"true\" class=\"wp-block-spacer\"><\/div>\n\n\n\n<div class=\"wp-block-rank-math-toc-block\" id=\"rank-math-toc\"><h3>Spis tre\u015bci<\/h3><nav><ul><li class=\"\"><a href=\"#g\">Gdzie i kiedy obejrze\u0107 wystaw\u0119 Polski modernizm. Walka o pi\u0119kno? <\/a><\/li><li class=\"\"><a href=\"#o\">O czym opowiada Polski modernizm. Walka o pi\u0119kno? <\/a><\/li><li class=\"\"><a href=\"#i\">Ile kosztuj\u0105 bilety na Polski modernizm. Walk\u0119 o pi\u0119kno? <\/a><\/li><\/ul><\/nav><\/div>\n\n\n\n<div style=\"height:20px\" aria-hidden=\"true\" class=\"wp-block-spacer\"><\/div>\n\n\n\n<p>\n<style>\n  .goingapp-pref-source--b {\n    --gps-bg: #fff5f4;\n    --gps-border: #ffd4d1;\n    --gps-text: #12121a;\n    --gps-sub: #6b6b76;\n    --gps-icon-bg: #ffffff;\n    --gps-accent: #ff3b30;\n  }\n  .goingapp-pref-source--b {\n    box-sizing: border-box;\n    display: flex;\n    align-items: center;\n    gap: 12px;\n    background: var(--gps-bg);\n    border: 1.5px solid var(--gps-border);\n    border-radius: 12px;\n    padding: 12px 16px;\n    text-decoration: none !important;\n    font-family: inherit;\n    max-width: 100%;\n    animation: gps-pulse-b 1.6s ease-in-out 2;\n    animation-delay: .4s;\n  }\n  .goingapp-pref-source--b,\n  .goingapp-pref-source--b * {\n    text-decoration: none !important;\n  }\n  .goingapp-pref-source--b * { box-sizing: border-box; }\n  .goingapp-pref-source--b__icon {\n    flex: 0 0 auto;\n    width: 34px;\n    height: 34px;\n    border-radius: 50%;\n    background: var(--gps-icon-bg);\n    display: flex;\n    align-items: center;\n    justify-content: center;\n    box-shadow: 0 1px 3px rgba(0,0,0,.08);\n  }\n  .goingapp-pref-source--b__icon svg { width: 19px; height: 19px; }\n  .goingapp-pref-source--b__text {\n    flex: 1 1 auto;\n    min-width: 0;\n    display: flex;\n    flex-direction: column;\n    gap: 1px;\n  }\n  .goingapp-pref-source--b__title {\n    color: var(--gps-text);\n    font-weight: 700;\n    font-size: clamp(13px, 3.2vw, 14px);\n    line-height: 1.3;\n  }\n  .goingapp-pref-source--b__sub {\n    color: var(--gps-sub);\n    font-weight: 500;\n    font-size: clamp(11px, 2.8vw, 12px);\n    line-height: 1.3;\n  }\n  .goingapp-pref-source--b__cta {\n    flex: 0 0 auto;\n    background: var(--gps-accent);\n    color: #fff;\n    font-size: 13px;\n    font-weight: 700;\n    padding: 8px 14px;\n    border-radius: 999px;\n    white-space: nowrap;\n  }\n  @keyframes gps-pulse-b {\n    0%, 100% { border-color: var(--gps-border); }\n    50% { border-color: var(--gps-accent); }\n  }\n  @media (max-width: 420px) {\n    .goingapp-pref-source--b { flex-wrap: wrap; }\n    .goingapp-pref-source--b__cta { width: 100%; text-align: center; margin-top: 4px; }\n  }\n<\/style>\n \n<a href=\"https:\/\/www.google.com\/preferences\/source?q=goingapp.pl\" class=\"goingapp-pref-source--b\" target=\"_blank\" rel=\"noopener nofollow\" aria-label=\"Dodaj Going. jako preferowane \u017ar\u00f3d\u0142o w Google\">\n  <span class=\"goingapp-pref-source--b__icon\">\n    <svg viewBox=\"0 0 48 48\" xmlns=\"http:\/\/www.w3.org\/2000\/svg\">\n      <path fill=\"#4285F4\" d=\"M45.12 24.5c0-1.56-.14-3.06-.4-4.5H24v8.51h11.84c-.51 2.75-2.06 5.08-4.39 6.64v5.52h7.11c4.16-3.83 6.56-9.47 6.56-16.17z\"\/>\n      <path fill=\"#34A853\" d=\"M24 46c5.94 0 10.92-1.97 14.56-5.33l-7.11-5.52c-1.97 1.32-4.49 2.1-7.45 2.1-5.73 0-10.58-3.87-12.31-9.07H4.34v5.7C7.96 41.07 15.4 46 24 46z\"\/>\n      <path fill=\"#FBBC05\" d=\"M11.69 28.18C11.25 26.86 11 25.45 11 24s.25-2.86.69-4.18v-5.7H4.34C2.85 17.09 2 20.45 2 24s.85 6.91 2.34 9.88l7.35-5.7z\"\/>\n      <path fill=\"#EA4335\" d=\"M24 10.75c3.23 0 6.13 1.11 8.41 3.29l6.31-6.31C34.91 4.18 29.93 2 24 2 15.4 2 7.96 6.93 4.34 14.12l7.35 5.7c1.73-5.2 6.58-9.07 12.31-9.07z\"\/>\n    <\/svg>\n  <\/span>\n  <span class=\"goingapp-pref-source--b__text\">\n    <span class=\"goingapp-pref-source--b__title\">Cz\u0119\u015bciej widuj Going. MORE w Google<\/span>\n    <span class=\"goingapp-pref-source--b__sub\">Dodaj nas jako preferowane \u017ar\u00f3d\u0142o<\/span>\n  <\/span>\n  <span class=\"goingapp-pref-source--b__cta\">Dodaj!<\/span>\n<\/a>\n \n<\/p>\n\n\n\n<div style=\"height:20px\" aria-hidden=\"true\" class=\"wp-block-spacer\"><\/div>\n\n\n\n<h2 class=\"wp-block-heading\" id=\"g\">Gdzie i kiedy obejrze\u0107 wystaw\u0119 <em>Polski modernizm. Walka o pi\u0119kno<\/em>? <\/h2>\n\n\n\n<p>Ekspozycja czeka na zwiedzaj\u0105cych w siedzibie Fundacji Visteria mieszcz\u0105cej si\u0119 w zabytkowej <strong>Willi Gawro\u0144skich<\/strong> przy Alejach Ujazdowskich 23 w Warszawie. Neobarokowy budynek, kt\u00f3ry niedawno trafi\u0142 w r\u0119ce nowych posiadaczy \u2014 Katarzyny Jordan i Gregory&#8217;ego Jankilevitscha \u2014 zn\u00f3w t\u0119tni \u017cyciem i co jaki\u015b czas go\u015bci kolejn\u0105 wystaw\u0119. Rzemios\u0142o i design by\u0142y tam prezentowane m.in. podczas pierwszej ods\u0142ony <em><a href=\"https:\/\/goingapp.pl\/more\/craft-days-willa-gawronskich-warszawa-wystawa\/\" data-type=\"link\" data-id=\"https:\/\/goingapp.pl\/more\/craft-days-willa-gawronskich-warszawa-wystawa\/\" target=\"_blank\" rel=\"noreferrer noopener\">Craft Days<\/a><\/em> i <em><a href=\"https:\/\/goingapp.pl\/more\/romantyczny-brutalizm-wystawa-warszawa-willa-gawronskich\/\" data-type=\"link\" data-id=\"https:\/\/goingapp.pl\/more\/romantyczny-brutalizm-wystawa-warszawa-willa-gawronskich\/\" target=\"_blank\" rel=\"noreferrer noopener\">Romantycznego brutalizmu<\/a><\/em>. <\/p>\n\n\n\n<p>Sam <em>Polski modernizm <\/em>otwiera jesienny kalendarz wydarze\u0144 kulturalnych w stolicy. Zobaczymy go w dniach 2.09-11.10.2026, od \u015brody do niedzieli w godzinach 12:00-19:00. Zwiedzanie b\u0119dzie niedost\u0119pne 17 i 18 wrze\u015bnia.  <\/p>\n\n\n\n<div style=\"height:20px\" aria-hidden=\"true\" class=\"wp-block-spacer\"><\/div>\n\n\n<div class=\"wp-block-image\">\n<figure class=\"aligncenter size-large is-resized\"><img loading=\"lazy\" decoding=\"async\" width=\"768\" height=\"1024\" src=\"https:\/\/goingapp.pl\/more\/wp-content\/uploads\/2026\/08\/plakat-2-768x1024.jpg\" alt=\"Polski modernizm\" class=\"wp-image-144936\" style=\"width:405px;height:auto\" srcset=\"https:\/\/goingapp.pl\/more\/wp-content\/uploads\/2026\/08\/plakat-2-768x1024.jpg 768w, https:\/\/goingapp.pl\/more\/wp-content\/uploads\/2026\/08\/plakat-2-225x300.jpg 225w, https:\/\/goingapp.pl\/more\/wp-content\/uploads\/2026\/08\/plakat-2-370x493.jpg 370w, https:\/\/goingapp.pl\/more\/wp-content\/uploads\/2026\/08\/plakat-2-740x987.jpg 740w, https:\/\/goingapp.pl\/more\/wp-content\/uploads\/2026\/08\/plakat-2-20x27.jpg 20w, https:\/\/goingapp.pl\/more\/wp-content\/uploads\/2026\/08\/plakat-2-36x48.jpg 36w\" sizes=\"(max-width: 768px) 100vw, 768px\" \/><figcaption class=\"wp-element-caption\"><sup>fot. Visteria Foundation \/ materia\u0142y prasowe<\/sup><\/figcaption><\/figure><\/div>\n\n\n<div style=\"height:20px\" aria-hidden=\"true\" class=\"wp-block-spacer\"><\/div>\n\n\n\n<h2 class=\"wp-block-heading\" id=\"o\">O czym opowiada <em>Polski modernizm. Walka o pi\u0119kno<\/em>? <\/h2>\n\n\n\n<p>Wystawa\u00a0obrazuje, jak na tle burzliwej, powojennej historii Polski powsta\u0142 <strong>modernizm<\/strong>. Ekspozycja pokazuje, \u017ce nie by\u0142 tylko stylem estetycznym obecnym w r\u00f3\u017cnych dyscyplinach sztuki, w szczeg\u00f3lno\u015bci projektowaniu i wzornictwie. Z czasem sta\u0142 si\u0119 r\u00f3wnie\u017c stylem my\u015blenia i egzystowania. Zawarty w niej podtytu\u0142 <em><strong>walka o pi\u0119kno<\/strong> <\/em>zaczerpni\u0119ty z eseju Ireny Krzywickiej\u00a0odnosi si\u0119 zatem do walki o kultur\u0119 i mo\u017cliwo\u015b\u0107 tworzenia nawet w najci\u0119\u017cszych \u017cyciowych warunkach. <\/p>\n\n\n\n<div style=\"height:20px\" aria-hidden=\"true\" class=\"wp-block-spacer\"><\/div>\n\n\n\n<figure class=\"wp-block-image size-large\"><img loading=\"lazy\" decoding=\"async\" width=\"683\" height=\"1024\" src=\"https:\/\/goingapp.pl\/more\/wp-content\/uploads\/2026\/08\/modernizm-683x1024.jpg\" alt=\"polski modernizm\" class=\"wp-image-145207\" srcset=\"https:\/\/goingapp.pl\/more\/wp-content\/uploads\/2026\/08\/modernizm-683x1024.jpg 683w, https:\/\/goingapp.pl\/more\/wp-content\/uploads\/2026\/08\/modernizm-200x300.jpg 200w, https:\/\/goingapp.pl\/more\/wp-content\/uploads\/2026\/08\/modernizm-370x555.jpg 370w, https:\/\/goingapp.pl\/more\/wp-content\/uploads\/2026\/08\/modernizm-20x30.jpg 20w, https:\/\/goingapp.pl\/more\/wp-content\/uploads\/2026\/08\/modernizm-32x48.jpg 32w\" sizes=\"(max-width: 683px) 100vw, 683px\" \/><\/figure>\n\n\n\n<div style=\"height:20px\" aria-hidden=\"true\" class=\"wp-block-spacer\"><\/div>\n\n\n\n<p>Ekspozycja opiera si\u0119\u00a0na dzie\u0142ach wypo\u017cyczonych z archiwum <a href=\"https:\/\/goingapp.pl\/miejsce\/muzeum-narodowe?queryID=3895e9a7cfe1992292105429c5252d4b\" data-type=\"link\" data-id=\"https:\/\/goingapp.pl\/miejsce\/muzeum-narodowe?queryID=3895e9a7cfe1992292105429c5252d4b\" target=\"_blank\" rel=\"noreferrer noopener\">Muzeum Narodowego w Warszawie<\/a>. W Willi Gawro\u0144skich zwiedzaj\u0105cy zobacz\u0105 m.in. meble Jana Kurz\u0105tkowskiego, Bohdana Lacherta i Teresy Kruszewskiej. Historyczne projekty zosta\u0142y\u00a0wzbogacone dzie\u0142ami stworzonymi przez artyst\u00f3w specjalnie na okazj\u0119 wystawy. <span style=\"white-space: normal; font-size: revert;\">\u2013 <em>Zale\u017ca\u0142o nam na tym, \u017ceby miesza\u0107 obiekty, nie rozdziela\u0107 prac historycznych od wsp\u00f3\u0142czesnych, tylko \u017ceby funkcjonowa\u0142y razem, \u017ceby istnia\u0142a mi\u0119dzy nimi kohabitacja. To pokazuje, jak s\u0105 plastyczne. A zestawianie ich ze sob\u0105 podkre\u015bla uniwersalno\u015b\u0107 my\u015bli modernistycznej \u2013 jej aktualno\u015b\u0107 i to, \u017ce wci\u0105\u017c pozostaje \u017cywa <\/em>\u2013 <\/span><a href=\"https:\/\/www.vogue.pl\/a\/wystawa-polski-modernizm-walka-o-piekno-mediolan-architektka-zofia-wyganowska\" data-type=\"link\" data-id=\"https:\/\/www.vogue.pl\/a\/wystawa-polski-modernizm-walka-o-piekno-mediolan-architektka-zofia-wyganowska\" target=\"_blank\" rel=\"noreferrer noopener\">m\u00f3wi Zofia Wyganowska, architektka i wsp\u00f3\u0142autorka aran\u017cacji wystawy, w wywiadzie dla <em>Vogue Polska<\/em>.<\/a> Jej s\u0142owom wt\u00f3ruje wspomniana ju\u017c Katarzyna Jordan. <\/p>\n\n\n\n<p><span style=\"white-space: normal; font-size: revert;\">\u2013<\/span>\u00a0<em>Walka o pi\u0119kno by\u0142a w istocie walk\u0105 o miejsce przy wsp\u00f3lnym stole. Dzi\u015b to miejsce zajmujemy ju\u017c nie z kompleksu, lecz ze wzgl\u0119du na kompetencje\u00a0<\/em>\u2013\u00a0komentuje mecenaska sztuki. O tej zmianie \u015bwiadczy fakt, \u017ce wystawa by\u0142a najpierw prezentowana na presti\u017cowym Mediola\u0144skim Tygodniu Designu, gdzie gazeta<em> New York Times <\/em>zaliczy\u0142a j\u0105 do najwa\u017cniejszych punkt\u00f3w programu. Polacy nie g\u0119si, sw\u00f3j modernizm mieli i maj\u0105! <\/p>\n\n\n\n<div style=\"height:20px\" aria-hidden=\"true\" class=\"wp-block-spacer\"><\/div>\n\n\n<div class=\"wp-block-image\">\n<figure class=\"aligncenter size-large\"><img loading=\"lazy\" decoding=\"async\" width=\"1024\" height=\"769\" src=\"https:\/\/goingapp.pl\/more\/wp-content\/uploads\/2026\/08\/fot.-Adrien-Dirand-1024x769.jpg\" alt=\"\" class=\"wp-image-145206\" srcset=\"https:\/\/goingapp.pl\/more\/wp-content\/uploads\/2026\/08\/fot.-Adrien-Dirand-1024x769.jpg 1024w, https:\/\/goingapp.pl\/more\/wp-content\/uploads\/2026\/08\/fot.-Adrien-Dirand-300x225.jpg 300w, https:\/\/goingapp.pl\/more\/wp-content\/uploads\/2026\/08\/fot.-Adrien-Dirand-768x576.jpg 768w, https:\/\/goingapp.pl\/more\/wp-content\/uploads\/2026\/08\/fot.-Adrien-Dirand-370x278.jpg 370w, https:\/\/goingapp.pl\/more\/wp-content\/uploads\/2026\/08\/fot.-Adrien-Dirand-800x600.jpg 800w, https:\/\/goingapp.pl\/more\/wp-content\/uploads\/2026\/08\/fot.-Adrien-Dirand-20x15.jpg 20w, https:\/\/goingapp.pl\/more\/wp-content\/uploads\/2026\/08\/fot.-Adrien-Dirand-740x555.jpg 740w, https:\/\/goingapp.pl\/more\/wp-content\/uploads\/2026\/08\/fot.-Adrien-Dirand-64x48.jpg 64w\" sizes=\"(max-width: 1024px) 100vw, 1024px\" \/><figcaption class=\"wp-element-caption\"><sup>Tak prezentowa\u0142a si\u0119 wystawa podczas Mediola\u0144skiego Tygodnia Designu \/ fot. Aiden Dirand \/ materia\u0142y prasowe<\/sup><\/figcaption><\/figure><\/div>\n\n\n<div style=\"height:20px\" aria-hidden=\"true\" class=\"wp-block-spacer\"><\/div>\n\n\n\n<h2 class=\"wp-block-heading\" id=\"i\">Ile kosztuj\u0105 bilety na <em>Polski modernizm. Walk\u0119 o pi\u0119kno<\/em>? <\/h2>\n\n\n\n<p>Wst\u0119p, podobnie jak w przypadku wcze\u015bniejszych wydarze\u0144 organizowanych w Willi Gawro\u0144skich, jest bezp\u0142atny, jednak obowi\u0105zuj\u0105 wcze\u015bniejsze zapisy. Formularz rejestracyjny zamieszczono na stronie internetowej <a href=\"https:\/\/www.visteriafoundation.pl\/events\/polski-modernizm-walka-o-piekno\" data-type=\"link\" data-id=\"https:\/\/www.visteriafoundation.pl\/events\/polski-modernizm-walka-o-piekno\" target=\"_blank\" rel=\"noreferrer noopener\">Fundacji Visteria<\/a>. Mo\u017cna w nim wskaza\u0107 najodpowiedniejszy dzie\u0144 i godzin\u0119. <\/p>\n\n\n\n<div style=\"height:20px\" aria-hidden=\"true\" class=\"wp-block-spacer\"><\/div>\n\n\n\n<p><br><br><br><br><\/p>\n","protected":false},"excerpt":{"rendered":"<p>Po frekwencyjnym i artystycznym sukcesie na Mediola\u0144skim Tygodniu Designu wystawa Polski modernizm. Walka o pi\u0119kno pod kuratel\u0105 Federiki Sali i Anny Magi b\u0119dzie dost\u0119pna w Warszawie! Od 2 wrze\u015bnia do 11 pa\u017adziernika 2026 roku zobacz\u0105 j\u0105 go\u015bcie Willi Gawro\u0144skich \u2014 neobarokowej siedziby Fundacji Visteria. B\u0105d\u017a jednym z nich i zobacz, jak powojenni projektanci \u0142\u0105czyli funkcjonalizm&hellip;<\/p>\n","protected":false},"author":87,"featured_media":145205,"comment_status":"closed","ping_status":"closed","sticky":false,"template":"","format":"standard","meta":{"footnotes":"","_wpscppro_custom_social_share_image":0,"_facebook_share_type":"default","_twitter_share_type":"default","_linkedin_share_type":"default","_pinterest_share_type":"default","_linkedin_share_type_page":"","_instagram_share_type":"default","_selected_social_profile":[]},"categories":[5139],"tags":[3985,3394,1721,6,8293,709],"thb-sponsors":[],"class_list":["post-144877","post","type-post","status-publish","format-standard","has-post-thumbnail","hentry","category-kultura","tag-design","tag-news","tag-sztuka","tag-warszawa","tag-willa-gawronskich","tag-wystawa","parent_cat_kultura"],"publishpress_future_action":{"enabled":false,"date":"2026-09-09 16:12:33","action":"change-status","newStatus":"draft","terms":[],"taxonomy":"category"},"publishpress_future_workflow_manual_trigger":{"enabledWorkflows":[]},"_links":{"self":[{"href":"https:\/\/goingapp.pl\/more\/wp-json\/wp\/v2\/posts\/144877"}],"collection":[{"href":"https:\/\/goingapp.pl\/more\/wp-json\/wp\/v2\/posts"}],"about":[{"href":"https:\/\/goingapp.pl\/more\/wp-json\/wp\/v2\/types\/post"}],"author":[{"embeddable":true,"href":"https:\/\/goingapp.pl\/more\/wp-json\/wp\/v2\/users\/87"}],"replies":[{"embeddable":true,"href":"https:\/\/goingapp.pl\/more\/wp-json\/wp\/v2\/comments?post=144877"}],"version-history":[{"count":4,"href":"https:\/\/goingapp.pl\/more\/wp-json\/wp\/v2\/posts\/144877\/revisions"}],"predecessor-version":[{"id":145208,"href":"https:\/\/goingapp.pl\/more\/wp-json\/wp\/v2\/posts\/144877\/revisions\/145208"}],"wp:featuredmedia":[{"embeddable":true,"href":"https:\/\/goingapp.pl\/more\/wp-json\/wp\/v2\/media\/145205"}],"wp:attachment":[{"href":"https:\/\/goingapp.pl\/more\/wp-json\/wp\/v2\/media?parent=144877"}],"wp:term":[{"taxonomy":"category","embeddable":true,"href":"https:\/\/goingapp.pl\/more\/wp-json\/wp\/v2\/categories?post=144877"},{"taxonomy":"post_tag","embeddable":true,"href":"https:\/\/goingapp.pl\/more\/wp-json\/wp\/v2\/tags?post=144877"},{"taxonomy":"thb-sponsors","embeddable":true,"href":"https:\/\/goingapp.pl\/more\/wp-json\/wp\/v2\/thb-sponsors?post=144877"}],"curies":[{"name":"wp","href":"https:\/\/api.w.org\/{rel}","templated":true}]}}