{"id":145126,"date":"2026-08-31T19:32:17","date_gmt":"2026-08-31T17:32:17","guid":{"rendered":"https:\/\/goingapp.pl\/more\/?p=145126"},"modified":"2026-08-31T19:32:36","modified_gmt":"2026-08-31T17:32:36","slug":"maryla-rodowicz-koncert-ostrow-bilety","status":"publish","type":"post","link":"https:\/\/goingapp.pl\/more\/maryla-rodowicz-koncert-ostrow-bilety\/","title":{"rendered":"Maryla Rodowicz 26 wrze\u015bnia w Ostrowie Wielkopolskim! Zobacz ikon\u0119 polskiej muzyki rozrywkowej"},"content":{"rendered":"\n<p>Maryla Rodowicz, niekwestionowana ikona polskiej sceny muzycznej, zagra 26 wrze\u015bnia 2026 roku w Ostrowie Wielkopolskim. Tego wyj\u0105tkowego wieczoru na scenie b\u0119d\u0105 jej towarzyszy\u0107 przedstawiciele m\u0142odego pokolenia \u2013 Natalia Szroeder oraz Ralph Kaminski. Co dok\u0142adnie przygotowali dla fan\u00f3w?\u00a0<\/p>\n\n\n\n<div style=\"height:20px\" aria-hidden=\"true\" class=\"wp-block-spacer\"><\/div>\n\n\n\n<p>\n<style>\n  .goingapp-maryla {\n    box-sizing: border-box;\n    position: relative;\n    display: flex;\n    align-items: center;\n    gap: 18px;\n\n    width: 100%;\n    max-width: 100%;\n    min-height: 112px;\n    padding: 18px 20px;\n\n    background:\n      linear-gradient(135deg, #ffef3b 0%, #ff8a00 38%, #ff3f88 72%, #8b3dff 100%);\n\n    border: 3px solid #111111;\n    border-radius: 0;\n\n    text-decoration: none !important;\n    font-family: inherit;\n\n    box-shadow: 7px 7px 0 #111111;\n\n    overflow: hidden;\n\n    transition:\n      transform .2s ease,\n      box-shadow .2s ease;\n  }\n\n  .goingapp-maryla::before {\n    content: \"\u2726\";\n    position: absolute;\n    top: -18px;\n    right: 12%;\n    z-index: 1;\n\n    color: rgba(255, 255, 255, .55);\n    font-size: 96px;\n    line-height: 1;\n\n    transform: rotate(15deg);\n    pointer-events: none;\n  }\n\n  .goingapp-maryla::after {\n    content: \"\";\n    position: absolute;\n    left: -30px;\n    bottom: -45px;\n\n    width: 150px;\n    height: 150px;\n\n    border: 18px solid rgba(255, 255, 255, .18);\n    border-radius: 50%;\n\n    pointer-events: none;\n  }\n\n  .goingapp-maryla,\n  .goingapp-maryla * {\n    text-decoration: none !important;\n  }\n\n  .goingapp-maryla:hover {\n    transform: translate(-2px, -2px);\n    box-shadow: 10px 10px 0 #111111;\n  }\n\n  .goingapp-maryla__icon,\n  .goingapp-maryla__text,\n  .goingapp-maryla__cta-wrap {\n    position: relative;\n    z-index: 2;\n  }\n\n  .goingapp-maryla__icon {\n    flex: 0 0 auto;\n\n    width: 54px;\n    height: 54px;\n\n    display: flex;\n    align-items: center;\n    justify-content: center;\n\n    background: #ffffff;\n    color: #111111;\n\n    border: 3px solid #111111;\n    border-radius: 50%;\n\n    font-size: 27px;\n    font-weight: 900;\n    line-height: 1;\n\n    box-shadow: 4px 4px 0 #111111;\n\n    transition:\n      transform .2s ease,\n      background .2s ease,\n      color .2s ease;\n  }\n\n  .goingapp-maryla:hover\n  .goingapp-maryla__icon {\n    transform: rotate(-8deg) scale(1.05);\n\n    background: #111111;\n    color: #ffffff;\n  }\n\n  .goingapp-maryla__text {\n    flex: 1 1 auto;\n    min-width: 0;\n    padding-right: 8px;\n  }\n\n  .goingapp-maryla__eyebrow {\n    display: block;\n    margin-bottom: 5px;\n\n    color: #111111;\n\n    font-size: 11px;\n    font-weight: 950;\n    letter-spacing: .12em;\n    text-transform: uppercase;\n  }\n\n  .goingapp-maryla__title {\n    display: block;\n\n    color: #111111;\n\n    font-weight: 950;\n    font-size: clamp(17px, 3.7vw, 21px);\n    line-height: 1.1;\n\n    letter-spacing: -0.035em;\n  }\n\n  .goingapp-maryla__cta-wrap {\n    flex: 0 0 auto;\n  }\n\n  .goingapp-maryla__cta {\n    display: inline-block;\n\n    background: #111111;\n    color: #ffffff;\n\n    padding: 13px 18px;\n\n    border: 3px solid #111111;\n    border-radius: 0;\n\n    font-size: 13px;\n    font-weight: 950;\n    letter-spacing: .04em;\n    white-space: nowrap;\n\n    box-shadow: 4px 4px 0 rgba(255, 255, 255, .75);\n\n    transition:\n      transform .2s ease,\n      background .2s ease,\n      color .2s ease,\n      box-shadow .2s ease;\n  }\n\n  .goingapp-maryla:hover\n  .goingapp-maryla__cta {\n    transform: translate(-2px, -2px);\n\n    background: #ffffff;\n    color: #111111;\n\n    box-shadow: 6px 6px 0 #111111;\n  }\n\n  @media (max-width: 600px) {\n    .goingapp-maryla {\n      align-items: stretch;\n      flex-wrap: wrap;\n      min-height: 0;\n      padding: 18px;\n      gap: 12px;\n    }\n\n    .goingapp-maryla__icon {\n      width: 46px;\n      height: 46px;\n      font-size: 23px;\n    }\n\n    .goingapp-maryla__text {\n      display: flex;\n      flex-direction: column;\n      justify-content: center;\n      padding-right: 0;\n    }\n\n    .goingapp-maryla__cta-wrap {\n      width: 100%;\n    }\n\n    .goingapp-maryla__cta {\n      width: 100%;\n      text-align: center;\n      padding: 13px 15px;\n    }\n  }\n<\/style>\n\n<a href=\"https:\/\/goingapp.pl\/wydarzenie\/maryla-rodowicz-i-goscie-ostrow-wielkopolski\/ostrow-wielkopolski-wrzesien-2026\" class=\"goingapp-maryla\" target=\"_blank\" rel=\"noopener\" aria-label=\"M\u00f3wi\u0105 jej Ma\u0142go\u015bka, a Ty doko\u0144czysz tej wers o ka\u017cdej porze dnia i nocy. Chod\u017a go wy\u015bpiewa\u0107.\">\n\n  <span class=\"goingapp-maryla__icon\">\n    \u2605\n  <\/span>\n\n  <span class=\"goingapp-maryla__text\">\n    <span class=\"goingapp-maryla__eyebrow\">\n      MARYLA RODOWICZ I GO\u015aCIE\n    <\/span>\n\n    <span class=\"goingapp-maryla__title\">\n      On nie jest wart jednej \u0142zy, ale Ty chod\u017a po\u015bpiewa\u0107 o Ma\u0142go\u015bce. \n    <\/span>\n  <\/span>\n\n  <span class=\"goingapp-maryla__cta-wrap\">\n    <span class=\"goingapp-maryla__cta\">\n      KUP BILETY\n    <\/span>\n  <\/span>\n\n<\/a>\n\n<\/p>\n\n\n\n<div style=\"height:20px\" aria-hidden=\"true\" class=\"wp-block-spacer\"><\/div>\n\n\n\n<div class=\"wp-block-rank-math-toc-block\" id=\"rank-math-toc\"><h2>Spis tre\u015bci<\/h2><nav><ul><li class=\"\"><a href=\"#gdzie-i-kiedy-odbedzie-sie-koncert-maryli-rodowicz\">Gdzie i kiedy odb\u0119dzie si\u0119 koncert Maryli Rodowicz?<\/a><\/li><li class=\"\"><a href=\"#gdzie-i-kiedy-odbedzie-sie-koncert-maryli-rodowicz-1\">Czego spodziewa\u0107 si\u0119 po nadchodz\u0105cym koncercie?<\/a><\/li><li class=\"\"><a href=\"#gdzie-i-kiedy-odbedzie-sie-koncert-maryli-rodowicz-1-1\">Kim jest Maryla Rodowicz?<\/a><\/li><li class=\"\"><a href=\"#gdzie-i-kiedy-odbedzie-sie-koncert-maryli-rodowicz-1-2\">Kto wyst\u0105pi na scenie obok gwiazdy wieczoru?<\/a><\/li><li class=\"\"><a href=\"#gdzie-i-kiedy-odbedzie-sie-koncert-maryli-rodowicz-1-3\">Dlaczego warto i\u015b\u0107 na koncert Maryli Rodowicz?<\/a><\/li><li class=\"\"><a href=\"#gdzie-i-kiedy-odbedzie-sie-koncert-maryli-rodowicz-1-4\">Gdzie kupi\u0107 bilety na Maryl\u0119 Rodowicz? <\/a><\/li><\/ul><\/nav><\/div>\n\n\n\n<div style=\"height:20px\" aria-hidden=\"true\" class=\"wp-block-spacer\"><\/div>\n\n\n\n<p>\n<style>\n  .goingapp-pref-source--b {\n    --gps-bg: #fff5f4;\n    --gps-border: #ffd4d1;\n    --gps-text: #12121a;\n    --gps-sub: #6b6b76;\n    --gps-icon-bg: #ffffff;\n    --gps-accent: #ff3b30;\n  }\n  .goingapp-pref-source--b {\n    box-sizing: border-box;\n    display: flex;\n    align-items: center;\n    gap: 12px;\n    background: var(--gps-bg);\n    border: 1.5px solid var(--gps-border);\n    border-radius: 12px;\n    padding: 12px 16px;\n    text-decoration: none !important;\n    font-family: inherit;\n    max-width: 100%;\n    animation: gps-pulse-b 1.6s ease-in-out 2;\n    animation-delay: .4s;\n  }\n  .goingapp-pref-source--b,\n  .goingapp-pref-source--b * {\n    text-decoration: none !important;\n  }\n  .goingapp-pref-source--b * { box-sizing: border-box; }\n  .goingapp-pref-source--b__icon {\n    flex: 0 0 auto;\n    width: 34px;\n    height: 34px;\n    border-radius: 50%;\n    background: var(--gps-icon-bg);\n    display: flex;\n    align-items: center;\n    justify-content: center;\n    box-shadow: 0 1px 3px rgba(0,0,0,.08);\n  }\n  .goingapp-pref-source--b__icon svg { width: 19px; height: 19px; }\n  .goingapp-pref-source--b__text {\n    flex: 1 1 auto;\n    min-width: 0;\n    display: flex;\n    flex-direction: column;\n    gap: 1px;\n  }\n  .goingapp-pref-source--b__title {\n    color: var(--gps-text);\n    font-weight: 700;\n    font-size: clamp(13px, 3.2vw, 14px);\n    line-height: 1.3;\n  }\n  .goingapp-pref-source--b__sub {\n    color: var(--gps-sub);\n    font-weight: 500;\n    font-size: clamp(11px, 2.8vw, 12px);\n    line-height: 1.3;\n  }\n  .goingapp-pref-source--b__cta {\n    flex: 0 0 auto;\n    background: var(--gps-accent);\n    color: #fff;\n    font-size: 13px;\n    font-weight: 700;\n    padding: 8px 14px;\n    border-radius: 999px;\n    white-space: nowrap;\n  }\n  @keyframes gps-pulse-b {\n    0%, 100% { border-color: var(--gps-border); }\n    50% { border-color: var(--gps-accent); }\n  }\n  @media (max-width: 420px) {\n    .goingapp-pref-source--b { flex-wrap: wrap; }\n    .goingapp-pref-source--b__cta { width: 100%; text-align: center; margin-top: 4px; }\n  }\n<\/style>\n \n<a href=\"https:\/\/www.google.com\/preferences\/source?q=goingapp.pl\" class=\"goingapp-pref-source--b\" target=\"_blank\" rel=\"noopener nofollow\" aria-label=\"Dodaj Going. jako preferowane \u017ar\u00f3d\u0142o w Google\">\n  <span class=\"goingapp-pref-source--b__icon\">\n    <svg viewBox=\"0 0 48 48\" xmlns=\"http:\/\/www.w3.org\/2000\/svg\">\n      <path fill=\"#4285F4\" d=\"M45.12 24.5c0-1.56-.14-3.06-.4-4.5H24v8.51h11.84c-.51 2.75-2.06 5.08-4.39 6.64v5.52h7.11c4.16-3.83 6.56-9.47 6.56-16.17z\"\/>\n      <path fill=\"#34A853\" d=\"M24 46c5.94 0 10.92-1.97 14.56-5.33l-7.11-5.52c-1.97 1.32-4.49 2.1-7.45 2.1-5.73 0-10.58-3.87-12.31-9.07H4.34v5.7C7.96 41.07 15.4 46 24 46z\"\/>\n      <path fill=\"#FBBC05\" d=\"M11.69 28.18C11.25 26.86 11 25.45 11 24s.25-2.86.69-4.18v-5.7H4.34C2.85 17.09 2 20.45 2 24s.85 6.91 2.34 9.88l7.35-5.7z\"\/>\n      <path fill=\"#EA4335\" d=\"M24 10.75c3.23 0 6.13 1.11 8.41 3.29l6.31-6.31C34.91 4.18 29.93 2 24 2 15.4 2 7.96 6.93 4.34 14.12l7.35 5.7c1.73-5.2 6.58-9.07 12.31-9.07z\"\/>\n    <\/svg>\n  <\/span>\n  <span class=\"goingapp-pref-source--b__text\">\n    <span class=\"goingapp-pref-source--b__title\">Cz\u0119\u015bciej widuj Going. MORE w Google<\/span>\n    <span class=\"goingapp-pref-source--b__sub\">Dodaj nas jako preferowane \u017ar\u00f3d\u0142o<\/span>\n  <\/span>\n  <span class=\"goingapp-pref-source--b__cta\">Dodaj!<\/span>\n<\/a>\n \n<\/p>\n\n\n\n<div style=\"height:20px\" aria-hidden=\"true\" class=\"wp-block-spacer\"><\/div>\n\n\n\n<h2 class=\"wp-block-heading\" id=\"gdzie-i-kiedy-odbedzie-sie-koncert-maryli-rodowicz\">Gdzie i kiedy odb\u0119dzie si\u0119 koncert Maryli Rodowicz?<\/h2>\n\n\n\n<p><a href=\"https:\/\/goingapp.pl\/artysta\/maryla-rodowicz\" data-type=\"link\" data-id=\"https:\/\/goingapp.pl\/artysta\/maryla-rodowicz\" target=\"_blank\" rel=\"noreferrer noopener\">Maryla Rodowicz<\/a> wkr\u00f3tce wyst\u0105pi w towarzystwie <a href=\"https:\/\/goingapp.pl\/artysta\/natalia-szroeder\" data-type=\"link\" data-id=\"https:\/\/goingapp.pl\/artysta\/natalia-szroeder\" target=\"_blank\" rel=\"noreferrer noopener\">Natalii Szroeder<\/a> i <a href=\"https:\/\/goingapp.pl\/artysta\/ralph-kaminski\" data-type=\"link\" data-id=\"https:\/\/goingapp.pl\/artysta\/ralph-kaminski\" target=\"_blank\" rel=\"noreferrer noopener\">Ralpha Kaminskiego<\/a>. Ich wsp\u00f3lne show zaplanowano na 26 wrze\u015bnia 2026 roku, a pierwsze d\u017awi\u0119ki zabrzmi\u0105 punktualnie o godzinie 19:00. Na lokalizacj\u0119 tego niezapomnianego show wybrano nowoczesne przestrzenie <a href=\"https:\/\/goingapp.pl\/miejsce\/3mk-ostrow-wielkopolski\" target=\"_blank\" rel=\"noreferrer noopener\">3mk Areny Ostr\u00f3w<\/a> mieszcz\u0105cej si\u0119 przy ul. Kowalczyka 1 w <strong>Ostrowie Wielkopolskim.<\/strong><\/p>\n\n\n\n<div style=\"height:20px\" aria-hidden=\"true\" class=\"wp-block-spacer\"><\/div>\n\n\n\n<figure class=\"wp-block-image size-full\"><img loading=\"lazy\" decoding=\"async\" width=\"800\" height=\"600\" src=\"https:\/\/goingapp.pl\/more\/wp-content\/uploads\/2026\/08\/MARYLA-PLAKAT-800x600-1.jpg\" alt=\"Maryla Rodowicz koncerty\" class=\"wp-image-145134\" srcset=\"https:\/\/goingapp.pl\/more\/wp-content\/uploads\/2026\/08\/MARYLA-PLAKAT-800x600-1.jpg 800w, https:\/\/goingapp.pl\/more\/wp-content\/uploads\/2026\/08\/MARYLA-PLAKAT-800x600-1-300x225.jpg 300w, https:\/\/goingapp.pl\/more\/wp-content\/uploads\/2026\/08\/MARYLA-PLAKAT-800x600-1-768x576.jpg 768w, https:\/\/goingapp.pl\/more\/wp-content\/uploads\/2026\/08\/MARYLA-PLAKAT-800x600-1-370x278.jpg 370w, https:\/\/goingapp.pl\/more\/wp-content\/uploads\/2026\/08\/MARYLA-PLAKAT-800x600-1-20x15.jpg 20w, https:\/\/goingapp.pl\/more\/wp-content\/uploads\/2026\/08\/MARYLA-PLAKAT-800x600-1-740x555.jpg 740w, https:\/\/goingapp.pl\/more\/wp-content\/uploads\/2026\/08\/MARYLA-PLAKAT-800x600-1-64x48.jpg 64w\" sizes=\"(max-width: 800px) 100vw, 800px\" \/><\/figure>\n\n\n\n<div style=\"height:20px\" aria-hidden=\"true\" class=\"wp-block-spacer\"><\/div>\n\n\n\n<h2 class=\"wp-block-heading\" id=\"gdzie-i-kiedy-odbedzie-sie-koncert-maryli-rodowicz-1\">Czego spodziewa\u0107 si\u0119 po nadchodz\u0105cym koncercie?<\/h2>\n\n\n\n<p>Wokalistka wyst\u0105pi w zupe\u0142nie nowej, niezwykle spektakularnej ods\u0142onie. To b\u0119dzie show o niespotykanym dot\u0105d rozmachu. Artystka zabierze s\u0142uchaczy w podr\u00f3\u017c przez swoje najwi\u0119ksze przeboje. Ponadczasowe kompozycje zostan\u0105 wzbogacone o pot\u0119\u017cne brzmienie rozbudowanego zespo\u0142u z imponuj\u0105c\u0105 sekcj\u0105 d\u0119t\u0105.\u00a0<\/p>\n\n\n\n<div style=\"height:20px\" aria-hidden=\"true\" class=\"wp-block-spacer\"><\/div>\n\n\n\n<figure class=\"wp-block-embed is-type-video is-provider-youtube wp-block-embed-youtube wp-embed-aspect-16-9 wp-has-aspect-ratio\"><div class=\"wp-block-embed__wrapper\">\n<iframe loading=\"lazy\"  id=\"_ytid_11715\"  width=\"1170\" height=\"658\"  data-origwidth=\"1170\" data-origheight=\"658\" src=\"https:\/\/www.youtube.com\/embed\/DSKg9YPN58c?enablejsapi=1&#038;autoplay=0&#038;cc_load_policy=0&#038;cc_lang_pref=&#038;iv_load_policy=1&#038;loop=0&#038;modestbranding=0&#038;rel=1&#038;fs=1&#038;playsinline=0&#038;autohide=2&#038;theme=dark&#038;color=red&#038;controls=1&#038;\" class=\"__youtube_prefs__  epyt-is-override  no-lazyload\" title=\"YouTube player\"  allow=\"fullscreen; accelerometer; autoplay; clipboard-write; encrypted-media; gyroscope; picture-in-picture\" allowfullscreen data-no-lazy=\"1\" data-skipgform_ajax_framebjll=\"\"><\/iframe>\n<\/div><\/figure>\n\n\n\n<div style=\"height:20px\" aria-hidden=\"true\" class=\"wp-block-spacer\"><\/div>\n\n\n\n<h2 class=\"wp-block-heading\" id=\"gdzie-i-kiedy-odbedzie-sie-koncert-maryli-rodowicz-1-1\">Kim jest Maryla Rodowicz?<\/h2>\n\n\n\n<p>Tego chyba nie trzeba nikomu wyja\u015bnia\u0107, ale dla porz\u0105dku przypomnijmy, \u017ce to niekwestionowana ikona polskiej popkultury, kt\u00f3rej tw\u00f3rczo\u015b\u0107 od dekad kszta\u0142tuje rodzim\u0105 scen\u0119 muzyczn\u0105. Wokalistka, gitarzystka i prawdziwa wizjonerka s\u0142ynie z niepodrabialnego g\u0142osu, charyzmy i  niespo\u017cytej energii. Wielokrotnie zaskakiwa\u0142a te\u017c ekscentrycznymi kreacjami. <\/p>\n\n\n\n<p>Przez lata intensywnej kariery Rodowicz wyda\u0142a kilkadziesi\u0105t album\u00f3w i wylansowa\u0142a utwory nale\u017c\u0105ce do kanonu rodzimej kultury. Jej kompozycje takie jak <em><a href=\"https:\/\/www.youtube.com\/watch?v=O3kLCJqFM4M\" target=\"_blank\" rel=\"noreferrer noopener\">Ma\u0142go\u015bka<\/a><\/em>, <em>Kolorowe jarmarki <\/em>czy <em>Niech \u017cyje bal<\/em> trwale zapisa\u0142y si\u0119 w polskim  DNA. Koncert w Ostrowie \u015awi\u0119tokrzyskim dowodzi, \u017ce dzi\u015b, ponad 60 lat po estradowym debiucie, nadal jest g\u0142odna innowacji. Na scenie stanie bowiem z przedstawicielami du\u017co m\u0142odszego artystycznego pokolenia.<\/p>\n\n\n\n<div style=\"height:20px\" aria-hidden=\"true\" class=\"wp-block-spacer\"><\/div>\n\n\n\n<h2 class=\"wp-block-heading\" id=\"gdzie-i-kiedy-odbedzie-sie-koncert-maryli-rodowicz-1-2\">Kto wyst\u0105pi na scenie obok gwiazdy wieczoru?<\/h2>\n\n\n\n<p>Na scenie do Maryli do\u0142\u0105czy dw\u00f3jka znakomitych go\u015bci: Natalia Szroeder i Ralph Kaminski. Ich obecno\u015b\u0107 to obietnica intryguj\u0105cych, brawurowych duet\u00f3w, kt\u00f3re na d\u0142ugo zapisz\u0105 si\u0119 w pami\u0119ci ka\u017cdego uczestnika. Eteryczny, melancholijny art-pop Natalii i teatralna ekspresja Ralpha b\u0119d\u0105 stanowi\u0107 fascynuj\u0105ce kontrapunkty dla drapie\u017cnej scenicznej energii g\u0142\u00f3wnej gwiazdy wieczoru.<\/p>\n\n\n\n<div style=\"height:20px\" aria-hidden=\"true\" class=\"wp-block-spacer\"><\/div>\n\n\n\n<figure class=\"wp-block-embed is-type-video is-provider-youtube wp-block-embed-youtube wp-embed-aspect-16-9 wp-has-aspect-ratio\"><div class=\"wp-block-embed__wrapper\">\n<iframe loading=\"lazy\"  id=\"_ytid_84124\"  width=\"1170\" height=\"658\"  data-origwidth=\"1170\" data-origheight=\"658\" src=\"https:\/\/www.youtube.com\/embed\/fu1q7uL2YFM?enablejsapi=1&#038;autoplay=0&#038;cc_load_policy=0&#038;cc_lang_pref=&#038;iv_load_policy=1&#038;loop=0&#038;modestbranding=0&#038;rel=1&#038;fs=1&#038;playsinline=0&#038;autohide=2&#038;theme=dark&#038;color=red&#038;controls=1&#038;\" class=\"__youtube_prefs__  epyt-is-override  no-lazyload\" title=\"YouTube player\"  allow=\"fullscreen; accelerometer; autoplay; clipboard-write; encrypted-media; gyroscope; picture-in-picture\" allowfullscreen data-no-lazy=\"1\" data-skipgform_ajax_framebjll=\"\"><\/iframe>\n<\/div><\/figure>\n\n\n\n<div style=\"height:20px\" aria-hidden=\"true\" class=\"wp-block-spacer\"><\/div>\n\n\n\n<h2 class=\"wp-block-heading\" id=\"gdzie-i-kiedy-odbedzie-sie-koncert-maryli-rodowicz-1-3\">Dlaczego warto i\u015b\u0107 na koncert Maryli Rodowicz?<\/h2>\n\n\n\n<p>Co tu du\u017co pisa\u0107 \u2013 b\u0119dzie to starannie zaplanowane, spektakularne widowisko wizualno-d\u017awi\u0119kowe, kt\u00f3re anga\u017cuje zmys\u0142y od pierwszej do ostatniej minuty. Niesamowita energia wokalistki wspierana przez pot\u0119\u017cnie brzmi\u0105cy zesp\u00f3\u0142 stworzy na sali i\u015bcie magnetyzuj\u0105c\u0105 atmosfer\u0119. Wyst\u0119p Rodowicz pozwoli wsp\u00f3lnie wy\u015bpiewa\u0107 wersy jej nie\u015bmiertelnych popowych przeboj\u00f3w, kt\u00f3re znaj\u0105 wszyscy, niezale\u017cnie od pokolenia.<\/p>\n\n\n\n<div style=\"height:20px\" aria-hidden=\"true\" class=\"wp-block-spacer\"><\/div>\n\n\n\n<h2 class=\"wp-block-heading\" id=\"gdzie-i-kiedy-odbedzie-sie-koncert-maryli-rodowicz-1-4\">Gdzie kupi\u0107 bilety na Maryl\u0119 Rodowicz? <\/h2>\n\n\n\n<p><a href=\"https:\/\/goingapp.pl\/wydarzenie\/maryla-rodowicz-i-goscie-ostrow-wielkopolski\/ostrow-wielkopolski-wrzesien-2026\" target=\"_blank\" rel=\"noreferrer noopener\">Bilety<\/a> na wyst\u0119p w Ostrowie Wielkopolskim w cenie od 159 z\u0142 mo\u017cna kupi\u0107 na stronie Going. To idealny pomys\u0142 na wyj\u015bcie ca\u0142\u0105 rodzin\u0105, prezent dla rodzic\u00f3w lub&#8230; po prostu dla Ciebie. Czasem trzeba si\u0119 muzycznie rozpie\u015bci\u0107! <\/p>\n","protected":false},"excerpt":{"rendered":"<p>Maryla Rodowicz, niekwestionowana ikona polskiej sceny muzycznej, zagra 26 wrze\u015bnia 2026 roku w Ostrowie Wielkopolskim. Tego wyj\u0105tkowego wieczoru na scenie b\u0119d\u0105 jej towarzyszy\u0107 przedstawiciele m\u0142odego pokolenia \u2013 Natalia Szroeder oraz Ralph Kaminski. Co dok\u0142adnie przygotowali dla fan\u00f3w?\u00a0 \u2605 MARYLA RODOWICZ I GO\u015aCIE On nie jest wart jednej \u0142zy, ale Ty chod\u017a po\u015bpiewa\u0107 o Ma\u0142go\u015bce. KUP&hellip;<\/p>\n","protected":false},"author":20,"featured_media":145135,"comment_status":"closed","ping_status":"closed","sticky":false,"template":"","format":"standard","meta":{"footnotes":"","_wpscppro_custom_social_share_image":0,"_facebook_share_type":"default","_twitter_share_type":"default","_linkedin_share_type":"default","_pinterest_share_type":"default","_linkedin_share_type_page":"","_instagram_share_type":"default","_selected_social_profile":[]},"categories":[3238],"tags":[170,2848,3273,3394,8290,3649],"thb-sponsors":[],"class_list":["post-145126","post","type-post","status-publish","format-standard","has-post-thumbnail","hentry","category-muzyka","tag-koncert","tag-maryla-rodowicz","tag-more","tag-news","tag-ostrow-wielkopolski","tag-pop","parent_cat_muzyka"],"publishpress_future_action":{"enabled":false,"date":"2026-09-07 21:52:39","action":"change-status","newStatus":"draft","terms":[],"taxonomy":"category"},"publishpress_future_workflow_manual_trigger":{"enabledWorkflows":[]},"_links":{"self":[{"href":"https:\/\/goingapp.pl\/more\/wp-json\/wp\/v2\/posts\/145126"}],"collection":[{"href":"https:\/\/goingapp.pl\/more\/wp-json\/wp\/v2\/posts"}],"about":[{"href":"https:\/\/goingapp.pl\/more\/wp-json\/wp\/v2\/types\/post"}],"author":[{"embeddable":true,"href":"https:\/\/goingapp.pl\/more\/wp-json\/wp\/v2\/users\/20"}],"replies":[{"embeddable":true,"href":"https:\/\/goingapp.pl\/more\/wp-json\/wp\/v2\/comments?post=145126"}],"version-history":[{"count":16,"href":"https:\/\/goingapp.pl\/more\/wp-json\/wp\/v2\/posts\/145126\/revisions"}],"predecessor-version":[{"id":145155,"href":"https:\/\/goingapp.pl\/more\/wp-json\/wp\/v2\/posts\/145126\/revisions\/145155"}],"wp:featuredmedia":[{"embeddable":true,"href":"https:\/\/goingapp.pl\/more\/wp-json\/wp\/v2\/media\/145135"}],"wp:attachment":[{"href":"https:\/\/goingapp.pl\/more\/wp-json\/wp\/v2\/media?parent=145126"}],"wp:term":[{"taxonomy":"category","embeddable":true,"href":"https:\/\/goingapp.pl\/more\/wp-json\/wp\/v2\/categories?post=145126"},{"taxonomy":"post_tag","embeddable":true,"href":"https:\/\/goingapp.pl\/more\/wp-json\/wp\/v2\/tags?post=145126"},{"taxonomy":"thb-sponsors","embeddable":true,"href":"https:\/\/goingapp.pl\/more\/wp-json\/wp\/v2\/thb-sponsors?post=145126"}],"curies":[{"name":"wp","href":"https:\/\/api.w.org\/{rel}","templated":true}]}}