{"id":145165,"date":"2026-09-01T17:00:00","date_gmt":"2026-09-01T15:00:00","guid":{"rendered":"https:\/\/goingapp.pl\/more\/?p=145165"},"modified":"2026-09-01T17:29:24","modified_gmt":"2026-09-01T15:29:24","slug":"city-music-festival-olsztyn-program-bilety","status":"publish","type":"post","link":"https:\/\/goingapp.pl\/more\/city-music-festival-olsztyn-program-bilety\/","title":{"rendered":"City Music Festival ju\u017c 4 grudnia w Olsztynie! Miejsce, program, bilety"},"content":{"rendered":"\n<p>City Music Festival Olsztyn ju\u017c 4 grudnia 2026 roku! Festiwal \u0142\u0105cz\u0105cy kultur\u0119 miejsk\u0105, imprezowy vibe i line-up najwy\u017cszej pr\u00f3by b\u0119dzie jednym z najwa\u017cniejszych rapowych wydarze\u0144 na Warmii tej jesieni. Program halowego wydarzenia otwiera Avi, a to dopiero pocz\u0105tek muzycznych niespodzianek! <\/p>\n\n\n\n<div style=\"height:20px\" aria-hidden=\"true\" class=\"wp-block-spacer\"><\/div>\n\n\n\n<p>\n<style>\n  .goingapp-city-music-olsztyn {\n    --cm-bg: #111111;\n    --cm-border: #f4f1ed;\n    --cm-text: #f4f1ed;\n    --cm-accent: #f5bc18;\n    --cm-accent-2: #ffcf3d;\n    --cm-light: #f4f1ed;\n\n    box-sizing: border-box;\n    position: relative;\n    display: flex;\n    align-items: center;\n    gap: 18px;\n\n    width: 100%;\n    max-width: 100%;\n    min-height: 108px;\n    padding: 18px 20px;\n\n    background:\n      radial-gradient(\n        ellipse at 8% 50%,\n        rgba(245,188,24,.18) 0%,\n        transparent 30%\n      ),\n      linear-gradient(\n        120deg,\n        #111111 0%,\n        #181818 55%,\n        #0d0d0d 100%\n      );\n\n    border: 2px solid var(--cm-border);\n    border-radius: 3px;\n\n    text-decoration: none !important;\n    font-family: inherit;\n\n    box-shadow:\n      6px 6px 0 rgba(245,188,24,.75);\n\n    overflow: hidden;\n\n    transition:\n      transform .2s ease,\n      box-shadow .2s ease,\n      border-color .2s ease;\n  }\n\n  .goingapp-city-music-olsztyn,\n  .goingapp-city-music-olsztyn * {\n    text-decoration: none !important;\n  }\n\n  .goingapp-city-music-olsztyn:hover {\n    transform: translate(-2px, -2px);\n\n    border-color: var(--cm-accent-2);\n\n    box-shadow:\n      9px 9px 0 var(--cm-accent-2),\n      0 0 26px rgba(245,188,24,.12);\n  }\n\n  .goingapp-city-music-olsztyn__arrow,\n  .goingapp-city-music-olsztyn__text,\n  .goingapp-city-music-olsztyn__cta-wrap {\n    position: relative;\n    z-index: 2;\n  }\n\n  .goingapp-city-music-olsztyn__arrow {\n    flex: 0 0 auto;\n\n    width: 50px;\n    height: 50px;\n\n    display: flex;\n    align-items: center;\n    justify-content: center;\n\n    background: var(--cm-accent);\n    color: #111111;\n\n    border-radius: 50%;\n\n    font-size: 26px;\n    font-weight: 900;\n    line-height: 1;\n\n    transition:\n      transform .22s ease,\n      background .2s ease,\n      color .2s ease;\n  }\n\n  .goingapp-city-music-olsztyn:hover\n  .goingapp-city-music-olsztyn__arrow {\n    transform: translateX(4px);\n\n    background: var(--cm-light);\n    color: #111111;\n  }\n\n  .goingapp-city-music-olsztyn__text {\n    flex: 1 1 auto;\n    min-width: 0;\n    padding-right: 8px;\n  }\n\n  .goingapp-city-music-olsztyn__title {\n    display: block;\n\n    color: var(--cm-text);\n\n    font-weight: 900;\n    font-size: clamp(17px, 3.7vw, 21px);\n    line-height: 1.12;\n\n    letter-spacing: -0.03em;\n  }\n\n  .goingapp-city-music-olsztyn__cta-wrap {\n    flex: 0 0 auto;\n  }\n\n  .goingapp-city-music-olsztyn__cta {\n    display: inline-block;\n\n    background: var(--cm-accent);\n    color: #111111;\n\n    padding: 13px 18px;\n\n    border: 2px solid var(--cm-accent);\n    border-radius: 2px;\n\n    font-size: 13px;\n    font-weight: 950;\n    letter-spacing: .05em;\n    white-space: nowrap;\n\n    box-shadow:\n      4px 4px 0 rgba(244,241,237,.18);\n\n    transition:\n      transform .2s ease,\n      background .2s ease,\n      color .2s ease;\n  }\n\n  .goingapp-city-music-olsztyn:hover\n  .goingapp-city-music-olsztyn__cta {\n    transform: translate(-2px, -2px);\n\n    background: var(--cm-light);\n    color: #111111;\n  }\n\n  @media (max-width: 600px) {\n    .goingapp-city-music-olsztyn {\n      align-items: stretch;\n      flex-wrap: wrap;\n      min-height: 0;\n      padding: 18px;\n      gap: 12px;\n    }\n\n    .goingapp-city-music-olsztyn__arrow {\n      width: 44px;\n      height: 44px;\n      font-size: 23px;\n    }\n\n    .goingapp-city-music-olsztyn__text {\n      display: flex;\n      align-items: center;\n      padding-right: 0;\n    }\n\n    .goingapp-city-music-olsztyn__cta-wrap {\n      width: 100%;\n    }\n\n    .goingapp-city-music-olsztyn__cta {\n      width: 100%;\n      text-align: center;\n      padding: 13px 15px;\n    }\n  }\n<\/style>\n\n<a href=\"https:\/\/goingapp.pl\/wydarzenie\/city-music-festival\/olsztyn-grudzien-2026\" class=\"goingapp-city-music-olsztyn\" target=\"_blank\" rel=\"noopener\" aria-label=\"Olsztyn b\u0119dzie stolic\u0105 hip-hopu. Do\u0142\u0105cz do wydarzenia!\">\n\n  <span class=\"goingapp-city-music-olsztyn__arrow\">\n    \u2192\n  <\/span>\n\n  <span class=\"goingapp-city-music-olsztyn__text\">\n    <span class=\"goingapp-city-music-olsztyn__title\">\n      Olsztyn b\u0119dzie stolic\u0105 hip-hopu. Do\u0142\u0105cz do wydarzenia!\n    <\/span>\n  <\/span>\n\n  <span class=\"goingapp-city-music-olsztyn__cta-wrap\">\n    <span class=\"goingapp-city-music-olsztyn__cta\">\n      KUP BILET\n    <\/span>\n  <\/span>\n\n<\/a>\n\n<\/p>\n\n\n\n<div style=\"height:20px\" aria-hidden=\"true\" class=\"wp-block-spacer\"><\/div>\n\n\n\n<div class=\"wp-block-rank-math-toc-block\" id=\"rank-math-toc\"><h3>Spis tre\u015bci<\/h3><nav><ul><li class=\"\"><a href=\"#g\">Gdzie i kiedy odb\u0119dzie si\u0119 City Music Festival Olsztyn?<\/a><\/li><li class=\"\"><a href=\"#o\">Co to jest City Music Festival?<\/a><\/li><li class=\"\"><a href=\"#k\">Kto zagra na City Music Festival Olsztyn?<\/a><\/li><li class=\"\"><a href=\"#d\">Dlaczego warto i\u015b\u0107 na City Music Festival Olsztyn?<\/a><\/li><li class=\"\"><a href=\"#g-1\">Gdzie kupi\u0107 bilety na City Music Festival Olsztyn?<\/a><\/li><\/ul><\/nav><\/div>\n\n\n\n<div style=\"height:20px\" aria-hidden=\"true\" class=\"wp-block-spacer\"><\/div>\n\n\n\n<p>\n<style>\n  .goingapp-pref-source--b {\n    --gps-bg: #fff5f4;\n    --gps-border: #ffd4d1;\n    --gps-text: #12121a;\n    --gps-sub: #6b6b76;\n    --gps-icon-bg: #ffffff;\n    --gps-accent: #ff3b30;\n  }\n  .goingapp-pref-source--b {\n    box-sizing: border-box;\n    display: flex;\n    align-items: center;\n    gap: 12px;\n    background: var(--gps-bg);\n    border: 1.5px solid var(--gps-border);\n    border-radius: 12px;\n    padding: 12px 16px;\n    text-decoration: none !important;\n    font-family: inherit;\n    max-width: 100%;\n    animation: gps-pulse-b 1.6s ease-in-out 2;\n    animation-delay: .4s;\n  }\n  .goingapp-pref-source--b,\n  .goingapp-pref-source--b * {\n    text-decoration: none !important;\n  }\n  .goingapp-pref-source--b * { box-sizing: border-box; }\n  .goingapp-pref-source--b__icon {\n    flex: 0 0 auto;\n    width: 34px;\n    height: 34px;\n    border-radius: 50%;\n    background: var(--gps-icon-bg);\n    display: flex;\n    align-items: center;\n    justify-content: center;\n    box-shadow: 0 1px 3px rgba(0,0,0,.08);\n  }\n  .goingapp-pref-source--b__icon svg { width: 19px; height: 19px; }\n  .goingapp-pref-source--b__text {\n    flex: 1 1 auto;\n    min-width: 0;\n    display: flex;\n    flex-direction: column;\n    gap: 1px;\n  }\n  .goingapp-pref-source--b__title {\n    color: var(--gps-text);\n    font-weight: 700;\n    font-size: clamp(13px, 3.2vw, 14px);\n    line-height: 1.3;\n  }\n  .goingapp-pref-source--b__sub {\n    color: var(--gps-sub);\n    font-weight: 500;\n    font-size: clamp(11px, 2.8vw, 12px);\n    line-height: 1.3;\n  }\n  .goingapp-pref-source--b__cta {\n    flex: 0 0 auto;\n    background: var(--gps-accent);\n    color: #fff;\n    font-size: 13px;\n    font-weight: 700;\n    padding: 8px 14px;\n    border-radius: 999px;\n    white-space: nowrap;\n  }\n  @keyframes gps-pulse-b {\n    0%, 100% { border-color: var(--gps-border); }\n    50% { border-color: var(--gps-accent); }\n  }\n  @media (max-width: 420px) {\n    .goingapp-pref-source--b { flex-wrap: wrap; }\n    .goingapp-pref-source--b__cta { width: 100%; text-align: center; margin-top: 4px; }\n  }\n<\/style>\n \n<a href=\"https:\/\/www.google.com\/preferences\/source?q=goingapp.pl\" class=\"goingapp-pref-source--b\" target=\"_blank\" rel=\"noopener nofollow\" aria-label=\"Dodaj Going. jako preferowane \u017ar\u00f3d\u0142o w Google\">\n  <span class=\"goingapp-pref-source--b__icon\">\n    <svg viewBox=\"0 0 48 48\" xmlns=\"http:\/\/www.w3.org\/2000\/svg\">\n      <path fill=\"#4285F4\" d=\"M45.12 24.5c0-1.56-.14-3.06-.4-4.5H24v8.51h11.84c-.51 2.75-2.06 5.08-4.39 6.64v5.52h7.11c4.16-3.83 6.56-9.47 6.56-16.17z\"\/>\n      <path fill=\"#34A853\" d=\"M24 46c5.94 0 10.92-1.97 14.56-5.33l-7.11-5.52c-1.97 1.32-4.49 2.1-7.45 2.1-5.73 0-10.58-3.87-12.31-9.07H4.34v5.7C7.96 41.07 15.4 46 24 46z\"\/>\n      <path fill=\"#FBBC05\" d=\"M11.69 28.18C11.25 26.86 11 25.45 11 24s.25-2.86.69-4.18v-5.7H4.34C2.85 17.09 2 20.45 2 24s.85 6.91 2.34 9.88l7.35-5.7z\"\/>\n      <path fill=\"#EA4335\" d=\"M24 10.75c3.23 0 6.13 1.11 8.41 3.29l6.31-6.31C34.91 4.18 29.93 2 24 2 15.4 2 7.96 6.93 4.34 14.12l7.35 5.7c1.73-5.2 6.58-9.07 12.31-9.07z\"\/>\n    <\/svg>\n  <\/span>\n  <span class=\"goingapp-pref-source--b__text\">\n    <span class=\"goingapp-pref-source--b__title\">Cz\u0119\u015bciej widuj Going. MORE w Google<\/span>\n    <span class=\"goingapp-pref-source--b__sub\">Dodaj nas jako preferowane \u017ar\u00f3d\u0142o<\/span>\n  <\/span>\n  <span class=\"goingapp-pref-source--b__cta\">Dodaj!<\/span>\n<\/a>\n \n<\/p>\n\n\n\n<div style=\"height:20px\" aria-hidden=\"true\" class=\"wp-block-spacer\"><\/div>\n\n\n\n<h2 class=\"wp-block-heading\" id=\"g\">Gdzie i kiedy odb\u0119dzie si\u0119 City Music Festival Olsztyn? <\/h2>\n\n\n\n<p>Premierowa ods\u0142ona warmi\u0144skiego wydarzenia odb\u0119dzie si\u0119 <strong>4 grudnia 2026 roku (pi\u0105tek<\/strong>) w <a href=\"https:\/\/goingapp.pl\/miejsce\/hala-urania-2\" data-type=\"link\" data-id=\"https:\/\/goingapp.pl\/miejsce\/hala-urania-2\" target=\"_blank\" rel=\"noreferrer noopener\">Hali Urania<\/a> w Olsztynie, przy ul. Pi\u0142sudskiego 44. Bramy obiektu otworz\u0105 si\u0119 o godzinie 17:00, za\u015b start pierwszych koncert\u00f3w zaplanowano na 18:30. <\/p>\n\n\n\n<p>Warto doda\u0107, \u017ce imprezy o bli\u017aniaczej nazwie i zbli\u017conym line-upie odb\u0119d\u0105 si\u0119 w grudniu w dw\u00f3ch innych miastach: <a href=\"https:\/\/goingapp.pl\/wydarzenie\/city-music-festival-2\/lublin-grudzien-2026\" data-type=\"link\" data-id=\"https:\/\/goingapp.pl\/wydarzenie\/city-music-festival-2\/lublin-grudzien-2026\" target=\"_blank\" rel=\"noreferrer noopener\">Lublinie<\/a> i <a href=\"https:\/\/goingapp.pl\/wydarzenie\/city-music-festival-3\/radom-grudzien-2026\" data-type=\"link\" data-id=\"https:\/\/goingapp.pl\/wydarzenie\/city-music-festival-3\/radom-grudzien-2026\" target=\"_blank\" rel=\"noreferrer noopener\">Radomiu<\/a>. Komu nie pasuje olszty\u0144ska data albo chcia\u0142by zaliczy\u0107 koncertowy tryptyk, ten powinien zwr\u00f3ci\u0107 uwag\u0119 na te eventy! <\/p>\n\n\n\n<div style=\"height:20px\" aria-hidden=\"true\" class=\"wp-block-spacer\"><\/div>\n\n\n\n<figure class=\"wp-block-image size-large\"><img loading=\"lazy\" decoding=\"async\" width=\"1024\" height=\"536\" src=\"https:\/\/goingapp.pl\/more\/wp-content\/uploads\/2026\/09\/GOING_CMF-OLSZTYNBANNER-FB-1024x536.jpg\" alt=\"City Music Festival Olsztyn\" class=\"wp-image-145168\" srcset=\"https:\/\/goingapp.pl\/more\/wp-content\/uploads\/2026\/09\/GOING_CMF-OLSZTYNBANNER-FB-1024x536.jpg 1024w, https:\/\/goingapp.pl\/more\/wp-content\/uploads\/2026\/09\/GOING_CMF-OLSZTYNBANNER-FB-300x157.jpg 300w, https:\/\/goingapp.pl\/more\/wp-content\/uploads\/2026\/09\/GOING_CMF-OLSZTYNBANNER-FB-768x402.jpg 768w, https:\/\/goingapp.pl\/more\/wp-content\/uploads\/2026\/09\/GOING_CMF-OLSZTYNBANNER-FB-370x194.jpg 370w, https:\/\/goingapp.pl\/more\/wp-content\/uploads\/2026\/09\/GOING_CMF-OLSZTYNBANNER-FB-800x419.jpg 800w, https:\/\/goingapp.pl\/more\/wp-content\/uploads\/2026\/09\/GOING_CMF-OLSZTYNBANNER-FB-740x387.jpg 740w, https:\/\/goingapp.pl\/more\/wp-content\/uploads\/2026\/09\/GOING_CMF-OLSZTYNBANNER-FB-20x10.jpg 20w, https:\/\/goingapp.pl\/more\/wp-content\/uploads\/2026\/09\/GOING_CMF-OLSZTYNBANNER-FB-92x48.jpg 92w\" sizes=\"(max-width: 1024px) 100vw, 1024px\" \/><\/figure>\n\n\n\n<div style=\"height:20px\" aria-hidden=\"true\" class=\"wp-block-spacer\"><\/div>\n\n\n\n<h2 class=\"wp-block-heading\" id=\"o\">Co to jest City Music Festival? <\/h2>\n\n\n\n<p>To cykl halowych wydarze\u0144 zorientowanych na promocj\u0119 kultury miejskiej i rapu. Jego pierwsza edycja odby\u0142a si\u0119 w maj\u00f3wk\u0119 w <a href=\"https:\/\/goingapp.pl\/miejsce\/amfiteatr-kadzielnia\" data-type=\"link\" data-id=\"https:\/\/goingapp.pl\/miejsce\/amfiteatr-kadzielnia\" target=\"_blank\" rel=\"noreferrer noopener\">Amfiteatrze Kadzielnia<\/a> w Kielcach. Wysoka frekwencja i entuzjastyczne g\u0142osy widz\u00f3w, kt\u00f3rzy bawili si\u0119 do muzyki takich artyst\u00f3w jak <a href=\"https:\/\/goingapp.pl\/artysta\/malik-montana\" data-type=\"link\" data-id=\"https:\/\/goingapp.pl\/artysta\/malik-montana\" target=\"_blank\" rel=\"noreferrer noopener\">Malik Montana<\/a>, <a href=\"https:\/\/goingapp.pl\/artysta\/vkie\" data-type=\"link\" data-id=\"https:\/\/goingapp.pl\/artysta\/vkie\" target=\"_blank\" rel=\"noreferrer noopener\">Vkie<\/a> czy <a href=\"https:\/\/goingapp.pl\/artysta\/brokies\" data-type=\"link\" data-id=\"https:\/\/goingapp.pl\/artysta\/brokies\" target=\"_blank\" rel=\"noreferrer noopener\">Brokies<\/a>, sk\u0142oni\u0142y organizator\u00f3w, by p\u00f3j\u015b\u0107 za ciosem i ruszy\u0107 w Polsk\u0119. Ze swoimi planami nie czekali do kolejnego sezonu plenerowego, tylko ruszyli na podb\u00f3j krytych aren. <\/p>\n\n\n\n<div style=\"height:20px\" aria-hidden=\"true\" class=\"wp-block-spacer\"><\/div>\n\n\n\n<figure class=\"wp-block-image size-large\"><img loading=\"lazy\" decoding=\"async\" width=\"1024\" height=\"1024\" src=\"https:\/\/goingapp.pl\/more\/wp-content\/uploads\/2026\/09\/GOING_CMF-OLSZTYNAVATAR-1-1024x1024.jpg\" alt=\"City Music Festival Olsztyn \" class=\"wp-image-145169\" srcset=\"https:\/\/goingapp.pl\/more\/wp-content\/uploads\/2026\/09\/GOING_CMF-OLSZTYNAVATAR-1-1024x1024.jpg 1024w, https:\/\/goingapp.pl\/more\/wp-content\/uploads\/2026\/09\/GOING_CMF-OLSZTYNAVATAR-1-300x300.jpg 300w, https:\/\/goingapp.pl\/more\/wp-content\/uploads\/2026\/09\/GOING_CMF-OLSZTYNAVATAR-1-150x150.jpg 150w, https:\/\/goingapp.pl\/more\/wp-content\/uploads\/2026\/09\/GOING_CMF-OLSZTYNAVATAR-1-768x768.jpg 768w, https:\/\/goingapp.pl\/more\/wp-content\/uploads\/2026\/09\/GOING_CMF-OLSZTYNAVATAR-1-180x180.jpg 180w, https:\/\/goingapp.pl\/more\/wp-content\/uploads\/2026\/09\/GOING_CMF-OLSZTYNAVATAR-1-90x90.jpg 90w, https:\/\/goingapp.pl\/more\/wp-content\/uploads\/2026\/09\/GOING_CMF-OLSZTYNAVATAR-1-370x370.jpg 370w, https:\/\/goingapp.pl\/more\/wp-content\/uploads\/2026\/09\/GOING_CMF-OLSZTYNAVATAR-1-800x800.jpg 800w, https:\/\/goingapp.pl\/more\/wp-content\/uploads\/2026\/09\/GOING_CMF-OLSZTYNAVATAR-1-20x20.jpg 20w, https:\/\/goingapp.pl\/more\/wp-content\/uploads\/2026\/09\/GOING_CMF-OLSZTYNAVATAR-1-740x740.jpg 740w, https:\/\/goingapp.pl\/more\/wp-content\/uploads\/2026\/09\/GOING_CMF-OLSZTYNAVATAR-1-48x48.jpg 48w\" sizes=\"(max-width: 1024px) 100vw, 1024px\" \/><\/figure>\n\n\n\n<div style=\"height:20px\" aria-hidden=\"true\" class=\"wp-block-spacer\"><\/div>\n\n\n\n<h2 class=\"wp-block-heading\" id=\"k\">Kto zagra na City Music Festival Olsztyn? <\/h2>\n\n\n\n<p>Pe\u0142en line-up wydarzenia zostanie podany do wiadomo\u015bci w kolejnych tygodniach, ale ju\u017c teraz wiadomo, \u017ce Hal\u0119 Urania odwiedzi <a href=\"https:\/\/goingapp.pl\/artysta\/avi\" data-type=\"link\" data-id=\"https:\/\/goingapp.pl\/artysta\/avi\" target=\"_blank\" rel=\"noreferrer noopener\">Avi<\/a>. To jeden z najbardziej charakterystycznych g\u0142os\u00f3w w polskim rapie, kt\u00f3ry na scenie wyr\u00f3\u017cnia si\u0119 wywa\u017conym, statecznym flow i licznymi odniesieniami do literatury. Popularno\u015b\u0107 przynios\u0142y mu p\u0142yty wydane z <a href=\"https:\/\/goingapp.pl\/artysta\/louis-villain\" data-type=\"link\" data-id=\"https:\/\/goingapp.pl\/artysta\/louis-villain\" target=\"_blank\" rel=\"noreferrer noopener\">Louisem Villainem<\/a>, po kt\u00f3rych wydaniu nabra\u0142 odwagi, by nagrywa\u0107 w pojedynk\u0119. Na koncie ma ju\u017c dwie solowe p\u0142yty: <em><a href=\"https:\/\/open.spotify.com\/album\/0vklKK8tv39Onnd9DnZlUt\" data-type=\"link\" data-id=\"https:\/\/open.spotify.com\/album\/0vklKK8tv39Onnd9DnZlUt\" target=\"_blank\" rel=\"noreferrer noopener\">Ma\u0142ego ksi\u0119cia<\/a> <\/em>i <em><a href=\"https:\/\/open.spotify.com\/album\/5DIOcbcpLoEa5DjDcjg4n9\" data-type=\"link\" data-id=\"https:\/\/open.spotify.com\/album\/5DIOcbcpLoEa5DjDcjg4n9\" target=\"_blank\" rel=\"noreferrer noopener\">WPR<\/a><\/em>, \u0142\u0105cznie sprzedane w nak\u0142adzie powy\u017cej 150 tysi\u0119cy egzemplarzy.  <\/p>\n\n\n\n<div style=\"height:20px\" aria-hidden=\"true\" class=\"wp-block-spacer\"><\/div>\n\n\n\n<p>\n<style>\n  .goingapp-city-music-olsztyn {\n    --cm-bg: #111111;\n    --cm-border: #f4f1ed;\n    --cm-text: #f4f1ed;\n    --cm-accent: #f5bc18;\n    --cm-accent-2: #ffcf3d;\n    --cm-light: #f4f1ed;\n\n    box-sizing: border-box;\n    position: relative;\n    display: flex;\n    align-items: center;\n    gap: 18px;\n\n    width: 100%;\n    max-width: 100%;\n    min-height: 108px;\n    padding: 18px 20px;\n\n    background:\n      radial-gradient(\n        ellipse at 8% 50%,\n        rgba(245,188,24,.18) 0%,\n        transparent 30%\n      ),\n      linear-gradient(\n        120deg,\n        #111111 0%,\n        #181818 55%,\n        #0d0d0d 100%\n      );\n\n    border: 2px solid var(--cm-border);\n    border-radius: 3px;\n\n    text-decoration: none !important;\n    font-family: inherit;\n\n    box-shadow:\n      6px 6px 0 rgba(245,188,24,.75);\n\n    overflow: hidden;\n\n    transition:\n      transform .2s ease,\n      box-shadow .2s ease,\n      border-color .2s ease;\n  }\n\n  .goingapp-city-music-olsztyn,\n  .goingapp-city-music-olsztyn * {\n    text-decoration: none !important;\n  }\n\n  .goingapp-city-music-olsztyn:hover {\n    transform: translate(-2px, -2px);\n\n    border-color: var(--cm-accent-2);\n\n    box-shadow:\n      9px 9px 0 var(--cm-accent-2),\n      0 0 26px rgba(245,188,24,.12);\n  }\n\n  .goingapp-city-music-olsztyn__arrow,\n  .goingapp-city-music-olsztyn__text,\n  .goingapp-city-music-olsztyn__cta-wrap {\n    position: relative;\n    z-index: 2;\n  }\n\n  .goingapp-city-music-olsztyn__arrow {\n    flex: 0 0 auto;\n\n    width: 50px;\n    height: 50px;\n\n    display: flex;\n    align-items: center;\n    justify-content: center;\n\n    background: var(--cm-accent);\n    color: #111111;\n\n    border-radius: 50%;\n\n    font-size: 26px;\n    font-weight: 900;\n    line-height: 1;\n\n    transition:\n      transform .22s ease,\n      background .2s ease,\n      color .2s ease;\n  }\n\n  .goingapp-city-music-olsztyn:hover\n  .goingapp-city-music-olsztyn__arrow {\n    transform: translateX(4px);\n\n    background: var(--cm-light);\n    color: #111111;\n  }\n\n  .goingapp-city-music-olsztyn__text {\n    flex: 1 1 auto;\n    min-width: 0;\n    padding-right: 8px;\n  }\n\n  .goingapp-city-music-olsztyn__title {\n    display: block;\n\n    color: var(--cm-text);\n\n    font-weight: 900;\n    font-size: clamp(17px, 3.7vw, 21px);\n    line-height: 1.12;\n\n    letter-spacing: -0.03em;\n  }\n\n  .goingapp-city-music-olsztyn__cta-wrap {\n    flex: 0 0 auto;\n  }\n\n  .goingapp-city-music-olsztyn__cta {\n    display: inline-block;\n\n    background: var(--cm-accent);\n    color: #111111;\n\n    padding: 13px 18px;\n\n    border: 2px solid var(--cm-accent);\n    border-radius: 2px;\n\n    font-size: 13px;\n    font-weight: 950;\n    letter-spacing: .05em;\n    white-space: nowrap;\n\n    box-shadow:\n      4px 4px 0 rgba(244,241,237,.18);\n\n    transition:\n      transform .2s ease,\n      background .2s ease,\n      color .2s ease;\n  }\n\n  .goingapp-city-music-olsztyn:hover\n  .goingapp-city-music-olsztyn__cta {\n    transform: translate(-2px, -2px);\n\n    background: var(--cm-light);\n    color: #111111;\n  }\n\n  @media (max-width: 600px) {\n    .goingapp-city-music-olsztyn {\n      align-items: stretch;\n      flex-wrap: wrap;\n      min-height: 0;\n      padding: 18px;\n      gap: 12px;\n    }\n\n    .goingapp-city-music-olsztyn__arrow {\n      width: 44px;\n      height: 44px;\n      font-size: 23px;\n    }\n\n    .goingapp-city-music-olsztyn__text {\n      display: flex;\n      align-items: center;\n      padding-right: 0;\n    }\n\n    .goingapp-city-music-olsztyn__cta-wrap {\n      width: 100%;\n    }\n\n    .goingapp-city-music-olsztyn__cta {\n      width: 100%;\n      text-align: center;\n      padding: 13px 15px;\n    }\n  }\n<\/style>\n\n<a href=\"https:\/\/goingapp.pl\/wydarzenie\/city-music-festival\/olsztyn-grudzien-2026\" class=\"goingapp-city-music-olsztyn\" target=\"_blank\" rel=\"noopener\" aria-label=\"Pos\u0142uchaj Aviego i innych raper\u00f3w w Olsztynie!\">\n\n  <span class=\"goingapp-city-music-olsztyn__arrow\">\n    \u2192\n  <\/span>\n\n  <span class=\"goingapp-city-music-olsztyn__text\">\n    <span class=\"goingapp-city-music-olsztyn__title\">\n      Pos\u0142uchaj Aviego i innych raper\u00f3w w Olsztynie!\n    <\/span>\n  <\/span>\n\n  <span class=\"goingapp-city-music-olsztyn__cta-wrap\">\n    <span class=\"goingapp-city-music-olsztyn__cta\">\n      KUP BILET\n    <\/span>\n  <\/span>\n\n<\/a>\n\n<\/p>\n\n\n\n<div style=\"height:20px\" aria-hidden=\"true\" class=\"wp-block-spacer\"><\/div>\n\n\n\n<figure class=\"wp-block-embed is-type-video is-provider-youtube wp-block-embed-youtube wp-embed-aspect-16-9 wp-has-aspect-ratio\"><div class=\"wp-block-embed__wrapper\">\n<iframe loading=\"lazy\"  id=\"_ytid_39451\"  width=\"1170\" height=\"658\"  data-origwidth=\"1170\" data-origheight=\"658\" src=\"https:\/\/www.youtube.com\/embed\/wZS8yQh2IjA?enablejsapi=1&#038;autoplay=0&#038;cc_load_policy=0&#038;cc_lang_pref=&#038;iv_load_policy=1&#038;loop=0&#038;modestbranding=0&#038;rel=1&#038;fs=1&#038;playsinline=0&#038;autohide=2&#038;theme=dark&#038;color=red&#038;controls=1&#038;\" class=\"__youtube_prefs__  epyt-is-override  no-lazyload\" title=\"YouTube player\"  allow=\"fullscreen; accelerometer; autoplay; clipboard-write; encrypted-media; gyroscope; picture-in-picture\" allowfullscreen data-no-lazy=\"1\" data-skipgform_ajax_framebjll=\"\"><\/iframe>\n<\/div><figcaption class=\"wp-element-caption\"><sup>Najnowszy utw\u00f3r Aviego, <em>TO MY<\/em>, znajdzie si\u0119 na kolejnej p\u0142ycie jego sta\u0142ego wsp\u00f3\u0142pracownika, Louisa Villaina. Ciekawe, czy us\u0142yszymy go w Olsztynie! <\/sup><\/figcaption><\/figure>\n\n\n\n<div style=\"height:20px\" aria-hidden=\"true\" class=\"wp-block-spacer\"><\/div>\n\n\n\n<h2 class=\"wp-block-heading\" id=\"d\">Dlaczego warto i\u015b\u0107 na City Music Festival Olsztyn?<\/h2>\n\n\n\n<p>Bo organizatorzy maj\u0105 wyj\u0105tkowo sp\u00f3jn\u0105 wizj\u0119 tego, co chc\u0105 zaprezentowa\u0107 s\u0142uchaczom. Stawiaj\u0105 na czysto rapowy line-up, prezentuj\u0105c najciekawszych artyst\u00f3w i trendy zachodz\u0105ce na scenie. Wype\u0142niaj\u0105 jesienn\u0105 luk\u0119 w kalendarzu imprez i pokazuj\u0105, \u017ce kultura hip-hopowa jest \u017cywotna o ka\u017cdej porze roku. Warto si\u0119 z ni\u0105 zetkn\u0105\u0107 w\u0142a\u015bnie w grudniu, zanim po g\u0142owie b\u0119dzie Wam chodzi\u0107 tylko <em>Last Christmas<\/em>! <\/p>\n\n\n\n<div style=\"height:20px\" aria-hidden=\"true\" class=\"wp-block-spacer\"><\/div>\n\n\n\n<h2 class=\"wp-block-heading\" id=\"g-1\">Gdzie kupi\u0107 bilety na City Music Festival Olsztyn? <\/h2>\n\n\n\n<p>Jedna wej\u015bci\u00f3wka, kilka koncert\u00f3w, ca\u0142y wiecz\u00f3r zabawy. Brakuj\u0105cym elementem w tej uk\u0142adance jest bilet, kt\u00f3ry w pierwszej puli zdob\u0119dziecie w Going. za jedynie 149 z\u0142. <a href=\"https:\/\/goingapp.pl\/wydarzenie\/city-music-festival\/olsztyn-grudzien-2026\" data-type=\"link\" data-id=\"https:\/\/goingapp.pl\/wydarzenie\/city-music-festival\/olsztyn-grudzien-2026\" target=\"_blank\" rel=\"noreferrer noopener\">Kup go jako przedwczesny prezent miko\u0142ajkowy dla siebie i swojej ekipy<\/a>. Chodz\u0105 pog\u0142oski, \u017ce nie po\u017ca\u0142ujecie! Przypominamy te\u017c, \u017ce mo\u017cecie skorzysta\u0107 z p\u0142atno\u015bci <a href=\"https:\/\/twisto.goingapp.pl\" target=\"_blank\" rel=\"noreferrer noopener\">Twisto<\/a>: Kup teraz, zap\u0142a\u0107 za 30 dni! <\/p>\n","protected":false},"excerpt":{"rendered":"<p>City Music Festival Olsztyn ju\u017c 4 grudnia 2026 roku! Festiwal \u0142\u0105cz\u0105cy kultur\u0119 miejsk\u0105, imprezowy vibe i line-up najwy\u017cszej pr\u00f3by b\u0119dzie jednym z najwa\u017cniejszych rapowych wydarze\u0144 na Warmii tej jesieni. Program halowego wydarzenia otwiera Avi, a to dopiero pocz\u0105tek muzycznych niespodzianek! \u2192 Olsztyn b\u0119dzie stolic\u0105 hip-hopu. Do\u0142\u0105cz do wydarzenia! KUP BILET Cz\u0119\u015bciej widuj Going. MORE w&hellip;<\/p>\n","protected":false},"author":63,"featured_media":145170,"comment_status":"closed","ping_status":"closed","sticky":false,"template":"","format":"standard","meta":{"footnotes":"","_wpscppro_custom_social_share_image":0,"_facebook_share_type":"default","_twitter_share_type":"default","_linkedin_share_type":"default","_pinterest_share_type":"default","_linkedin_share_type_page":"","_instagram_share_type":"default","_selected_social_profile":[]},"categories":[3238],"tags":[5034,1502,3273,3394,4331,2888,1499],"thb-sponsors":[],"class_list":["post-145165","post","type-post","status-publish","format-standard","has-post-thumbnail","hentry","category-muzyka","tag-avi","tag-festiwal","tag-more","tag-news","tag-olsztyn","tag-polski-rap","tag-rap","parent_cat_muzyka"],"publishpress_future_action":{"enabled":false,"date":"2026-09-08 19:05:49","action":"change-status","newStatus":"draft","terms":[],"taxonomy":"category"},"publishpress_future_workflow_manual_trigger":{"enabledWorkflows":[]},"_links":{"self":[{"href":"https:\/\/goingapp.pl\/more\/wp-json\/wp\/v2\/posts\/145165"}],"collection":[{"href":"https:\/\/goingapp.pl\/more\/wp-json\/wp\/v2\/posts"}],"about":[{"href":"https:\/\/goingapp.pl\/more\/wp-json\/wp\/v2\/types\/post"}],"author":[{"embeddable":true,"href":"https:\/\/goingapp.pl\/more\/wp-json\/wp\/v2\/users\/63"}],"replies":[{"embeddable":true,"href":"https:\/\/goingapp.pl\/more\/wp-json\/wp\/v2\/comments?post=145165"}],"version-history":[{"count":4,"href":"https:\/\/goingapp.pl\/more\/wp-json\/wp\/v2\/posts\/145165\/revisions"}],"predecessor-version":[{"id":145197,"href":"https:\/\/goingapp.pl\/more\/wp-json\/wp\/v2\/posts\/145165\/revisions\/145197"}],"wp:featuredmedia":[{"embeddable":true,"href":"https:\/\/goingapp.pl\/more\/wp-json\/wp\/v2\/media\/145170"}],"wp:attachment":[{"href":"https:\/\/goingapp.pl\/more\/wp-json\/wp\/v2\/media?parent=145165"}],"wp:term":[{"taxonomy":"category","embeddable":true,"href":"https:\/\/goingapp.pl\/more\/wp-json\/wp\/v2\/categories?post=145165"},{"taxonomy":"post_tag","embeddable":true,"href":"https:\/\/goingapp.pl\/more\/wp-json\/wp\/v2\/tags?post=145165"},{"taxonomy":"thb-sponsors","embeddable":true,"href":"https:\/\/goingapp.pl\/more\/wp-json\/wp\/v2\/thb-sponsors?post=145165"}],"curies":[{"name":"wp","href":"https:\/\/api.w.org\/{rel}","templated":true}]}}