{"id":15121,"date":"2019-10-09T14:10:31","date_gmt":"2019-10-09T12:10:31","guid":{"rendered":"https:\/\/goingapp.pl\/more\/?p=15121"},"modified":"2024-03-22T15:29:23","modified_gmt":"2024-03-22T14:29:23","slug":"roisin-murphy-wywiad-fest-koncert","status":"publish","type":"post","link":"https:\/\/goingapp.pl\/more\/roisin-murphy-wywiad-fest-koncert\/","title":{"rendered":"R\u00f3is\u00edn Murphy: &#8222;Wiod\u0119 bardzo przyziemne \u017cycie &#8211; to scena daje mi mo\u017cliwo\u015b\u0107 wyszalenia si\u0119 i pokazania pe\u0142nej kreatywno\u015bci\u201d"},"content":{"rendered":"\n<h2 class=\"wp-block-heading\">R\u00f3is\u00edn Murphy jest urocza, tajemnicza i bardzo utytu\u0142owana. Nie ma wielu artystek popowych, kt\u00f3re tak jak ona, konsekwentnie trwa\u0142yby w swoim stylu od lat, jednocze\u015bnie nie przestaj\u0105c szuka\u0107 nowego brzmienia. <\/h2>\n\n\n\n<p class=\"has-text-color\" style=\"font-size:17px;color:#000000\">Mimo up\u0142ywu lat nie zwalnia tempa, \u017congluje stylistykami i zawsze pracuje z bardzo ciekawymi producentami. Podczas <strong>FEST Festival<\/strong> mieli\u015bmy okazj\u0119 przekona\u0107 si\u0119 jak bardzo r\u00f3\u017cnorodne stylistycznie s\u0105 jej koncerty i na co sta\u0107&nbsp;<strong>R\u00f3is\u00edn<\/strong> (ciekawostka &#8211; imi\u0119 irlandzkiej artystki wymawiamy &#8222;Rojszin&#8221;, nie &#8222;Rojzin&#8221;!)  i jej zesp\u00f3\u0142. A sta\u0107 ich na bardzo wiele.<\/p>\n\n\n\n<p class=\"has-text-color\" style=\"font-size:17px;color:#000000\">Je\u015bli chcecie dowiedzie\u0107 si\u0119 o wsp\u00f3\u0142pracy z <strong>Matthew Herbertem<\/strong>, o wizualnych aspektach jej tw\u00f3rczo\u015bci czy o potencjalnym powrocie <strong>Moloko <\/strong>&#8211; badajcie nasz wywiad z t\u0105 wyj\u0105tkow\u0105 artystk\u0105!<\/p>\n\n\n\n<div style=\"height:20px\" aria-hidden=\"true\" class=\"wp-block-spacer\"><\/div>\n\n\n\n<h4 class=\"wp-block-heading\"><span class=\"s1\">Podobnie jak ty, Matthew Herbert jest jednym z artyst\u00f3w, kt\u00f3rych<span class=\"Apple-converted-space\">&nbsp;<\/span>bardzo szanuje i po kt\u00f3rych &#8211; szczeg\u00f3lnie w momencie dorastania &#8211; si\u0119ga\u0142em bardzo cz\u0119sto. Czy jest szansa na wasz\u0105 kolejn\u0105 kolaboracj\u0119? (Herbert by\u0142 producentem debiutanckiej p\u0142yty Murphy, Ruby Blue, przyp. red.) <\/span><\/h4>\n\n\n\n<p class=\"p1 has-text-color\" style=\"font-size:17px;color:#000000\"><span class=\"s1\">R\u00f3is\u00edn Murphy: Tak, to jest mo\u017cliwe. Na pewno jestem otwarta na wsp\u00f3\u0142prac\u0119 z nim. Wci\u0105\u017c du\u017co rozmawiamy, jeste\u015bmy w ci\u0105g\u0142ym kontakcie, wi\u0119c zobaczymy. Pewnego dnia mo\u017ce si\u0119&nbsp;to wydarzy\u0107!<\/span><\/p>\n\n\n\n<div style=\"height:20px\" aria-hidden=\"true\" class=\"wp-block-spacer\"><\/div>\n\n\n\n<h3 class=\"has-text-align-center has-background wp-block-heading\" style=\"background-color:#fff200\"><a href=\"https:\/\/goingapp.pl\/wydarzenie\/roisin-murphy\/wrzesien-2021\" target=\"_blank\" rel=\"noreferrer noopener\">R\u00f3is\u00edn Murphy wraca do Polski w maju 2022 roku!<\/a><\/h3>\n\n\n\n<div style=\"height:20px\" aria-hidden=\"true\" class=\"wp-block-spacer\"><\/div>\n\n\n\n<h4 class=\"wp-block-heading\">W momencie wydawania nowej piosenki <em>Incapable <\/em>powiedzia\u0142a\u015b w paru wywiadach, \u017ce chcesz nieco odej\u015b\u0107 od tworzenia album\u00f3w na rzecz wypuszczania pojedynczych numer\u00f3w.<\/h4>\n\n\n\n<p class=\"p1 has-text-color\" style=\"font-size:17px;color:#000000\"><span class=\"s1\">Tak naprawd\u0119&nbsp;jestem otwarta na r\u00f3\u017cne rzeczy. Je\u015bli pewien pomys\u0142 muzyczny przyjdzie mi do g\u0142owy w odpowiedniej chwili i mi przypasuje, to go zrealizuj\u0119. Tak si\u0119 sta\u0142o w\u0142a\u015bnie z Incapable. Na pewno \u015bwiat\u0142o dzienne ujrzy wi\u0119cej produkcji spod znaku R\u00f3isin i DJ Parrota. Nie wiem czy wypu\u015bcimy to jako jakie\u015b wi\u0119ksze wydawnictwo, pe\u0142ny album czy EP-k\u0119 W tym momencie nie jest jeszcze pewna. <\/span><\/p>\n\n\n\n<div style=\"height:20px\" aria-hidden=\"true\" class=\"wp-block-spacer\"><\/div>\n\n\n\n<h4 class=\"wp-block-heading\"><span class=\"s1\">A jak uk\u0142ada si\u0119 twoja wsp\u00f3\u0142praca z DJ-em Koze? Na jego ostatni albumie, <em>Knock Knock<\/em>, \u015bpiewasz w dw\u00f3ch \u015bwietnych kawa\u0142kach. Czy us\u0142yszymy wi\u0119cej efekt\u00f3w waszej wsp\u00f3\u0142pracy?<\/span><\/h4>\n\n\n\n<p class=\"p1 has-text-color\" style=\"font-size:17px;color:#000000\"><span class=\"s1\">My\u015bl\u0119, \u017ce tak, jest to jak najbardziej mo\u017cliwe! Bardzo dobrze wsp\u00f3\u0142pracowa\u0142o mi si\u0119 ze Stefanem, wi\u0119c zobaczymy. <\/span><\/p>\n\n\n\n<div style=\"height:20px\" aria-hidden=\"true\" class=\"wp-block-spacer\"><\/div>\n\n\n\n<h4 class=\"wp-block-heading\"><span class=\"s1\"><em>Overpowered<\/em>, tw\u00f3j drugi solowy album i jednocze\u015bnie najwi\u0119kszy sukcesem komercyjny, jest dla mnie osobi\u015bcie bardzo istotny. Jako nastolatek, w ci\u0119\u017cszych momentach sporo s\u0142ucha\u0142em tej p\u0142yty, uto\u017csamia\u0142em si\u0119 z tekstami, takimi jak cho\u0107by <em>Primitive<\/em>. Czy dla ciebie ten album by\u0142 odzwierciedleniem pewnego rodzaju okresu cierpienia? <\/span><\/h4>\n\n\n\n<p class=\"p1 has-text-color\" style=\"font-size:17px;color:#000000\"><span class=\"s1\">Nie, nie wydaje mi si\u0119, \u017cebym wtedy cierpia\u0142a. Mia\u0142am wiele do udowodnienia w momencie tworzenia tego albumu i to by\u0142y uczucia bardziej zwi\u0105zane z tym.<\/span><\/p>\n\n\n\n<div style=\"height:20px\" aria-hidden=\"true\" class=\"wp-block-spacer\"><\/div>\n\n\n\n<h4 class=\"wp-block-heading\"><span class=\"s1\">Moda i ca\u0142y aspekt wizualny to bardzo wa\u017cna cz\u0119\u015b\u0107 tej p\u0142yty. <\/span><\/h4>\n\n\n\n<p class=\"p1 has-text-color\" style=\"font-size:17px;color:#000000\"><span class=\"s1\">My\u015bla\u0142am dzi\u015b o tamtym momencie mojej kariery. Pomys\u0142 ok\u0142adki, na kt\u00f3ry wpad\u0142 Scott King by\u0142a nasz\u0105 pierwsz\u0105 wsp\u00f3\u0142prac\u0105. Przedstawia ona \u201cnienormaln\u0105\u201d osob\u0119 w \u201cnormalnym\u201d \u017cyciu i to bardzo dobrze oddaje to, kim jestem. To by\u0142 bardzo szybko zrealizowany pomys\u0142, kt\u00f3ry w tamtym momencie idealnie si\u0119 wpasowa\u0142 do mojej koncepcji. Przysta\u0142am na to i od tamtego czasu jestem bardzo skupiona na aspekcie wizualnym swojej pracy. W zasadzie zawsze by\u0142am, ale wtedy zrozumia\u0142am, \u017ce to nieod\u0142\u0105czna cz\u0119\u015b\u0107 mojej prezentacji jako artystki. Era \u201cOverpowered\u201d bardzo na mnie wp\u0142yn\u0119\u0142a, odkry\u0142a prawdziw\u0105 mnie. Jestem przeci\u0119tn\u0105 osob\u0105, kt\u00f3ra wiedzie bardzo przyziemne \u017cycie, ale w \u015brodku tego wszystkiego przebieram si\u0119 i daj\u0119 upust swojej kreatywno\u015bci. <\/span><\/p>\n\n\n\n<div style=\"height:20px\" aria-hidden=\"true\" class=\"wp-block-spacer\"><\/div>\n\n\n\n<h4 class=\"wp-block-heading\"><span class=\"s1\">Co masz na my\u015bli m\u00f3wi\u0105c,&nbsp;\u017ce mia\u0142a\u015b wiele do udowodnienia podczas tworzenia <em>Overpowered<\/em>?<\/span><\/h4>\n\n\n\n<p class=\"p1 has-text-color\" style=\"font-size:17px;color:#000000\"><span class=\"s1\">Chodzi mi o to, \u017ce ten album musia\u0142 wiele udowodni\u0107 w kwestii stricte muzycznej. Przynios\u0142am pomys\u0142 tej p\u0142yty do du\u017cej wytw\u00f3rni, jakim by\u0142o wtedy EMI i musia\u0142am zaprezentowa\u0107 w oczywisty spos\u00f3b wszystkie referencje muzyczne. Pracowa\u0142am wtedy z wieloma producentami, postproducentami i aran\u017cerami. W niekt\u00f3rych piosenkach wielu ludzi pracowa\u0142o nad wieloma jej aspektami. Wsp\u00f3\u0142pracownicy i wytw\u00f3rnia pozwolili mi robi\u0107 co tylko chcia\u0142am, aczkolwiek temu projektowi towarzyszy\u0142a du\u017ca presja. My\u015bla\u0142am, \u017ce musz\u0119&nbsp;spi\u0105\u0107 to wszystko razem, \u017ceby nie wyszed\u0142 z tego zwyk\u0142y, przeci\u0119tny album. Pozwolili mi w ca\u0142o\u015bci by\u0107 szefow\u0105 tego projektu, mimo,&nbsp;\u017ce powstawa\u0142 w niemal stricte popowym, \u201cfabrycznym\u201d stylu. <\/span><\/p>\n\n\n\n<div style=\"height:20px\" aria-hidden=\"true\" class=\"wp-block-spacer\"><\/div>\n\n\n\n<h4 class=\"wp-block-heading\"><span class=\"s1\">To rzadko spotykane, \u017ceby wytw\u00f3rnia tego rozmiaru da\u0142a artystce pe\u0142n\u0105&nbsp;artystyczn\u0105 kontrol\u0119.<\/span><\/h4>\n\n\n\n<p class=\"p1 has-text-color\" style=\"font-size:17px;color:#000000\"><span class=\"s1\">Tak, to prawda. To by\u0142 niesamowity czas. Niestety, kr\u00f3tko po wydaniu \u201cOverpowered\u201d, EMI znikn\u0119\u0142o z rynku i ten etap si\u0119 zako\u0144czy\u0142, ale wci\u0105\u017c, nagrywanie tej p\u0142yty by\u0142o niesamowitym do\u015bwiadczeniem. Wyobra\u017a sobie z iloma wspania\u0142ymi i utalentowanymi lud\u017ami przysz\u0142o mi pracowa\u0107 przez ten czas.<\/span><\/p>\n\n\n\n<div style=\"height:20px\" aria-hidden=\"true\" class=\"wp-block-spacer\"><\/div>\n\n\n\n<h4 class=\"wp-block-heading\"><span class=\"s1\"><em>I Am Not a Doctor<\/em>, druga p\u0142yta Moloko, zostanie ponownie wydana na winylu. Czy jest jeszcze jaki\u015b materia\u0142, kt\u00f3ry mo\u017ce ujrze\u0107 \u015bwiat\u0142o dzienne? <\/span><\/h4>\n\n\n\n<p class=\"p1 has-text-color\" style=\"font-size:17px;color:#000000\"><span class=\"s1\">W\u0142a\u015bciwie to nie wiem, wci\u0105\u017c zastanawiamy si\u0119, jak i kiedy zepniemy klamr\u0105 ten projekt. Ale co\u015b na pewno b\u0119dzie. Mo\u017ce. (\u015bmiech)<\/span><\/p>\n\n\n\n<div style=\"height:20px\" aria-hidden=\"true\" class=\"wp-block-spacer\"><\/div>\n\n\n\n<h4 class=\"wp-block-heading\"><span class=\"s1\">Jeste\u015b kojarzona ze&nbsp;\u015brodowiskiem LGBTQ, zdoby\u0142a\u015b miano pewnego rodzaju \u201cgay icon\u201d. Czy s\u0142ysza\u0142a\u015b o niedawnych, homofobicznych wydarzeniach w Bia\u0142ymstoku? Oramics, polski kolektyw skupiony wok\u00f3\u0142 muzyki elektronicznej, wyda\u0142 znakomit\u0105 kompilacj\u0119 Total Solidarity, b\u0119d\u0105cy \u201cprotestem\u201d przeciwko tym wydarzeniom.<\/span><\/h4>\n\n\n\n<p class=\"p1 has-text-color\" style=\"font-size:17px;color:#000000\"><span class=\"s1\">Niestety, nie s\u0142ysza\u0142am o tej kompilacji, ale mog\u0119 podejrzewa\u0107, \u017ce jest \u015bwietna. Niestety, mam wra\u017cenie, \u017ce jako ludzie cofamy si\u0119 i to jest bardzo niebezpieczne. To okropne, wsteczne my\u015blenie. Mam g\u0142\u0119bok\u0105 nadziej\u0119, \u017ce ta tendencja nie utrzyma si\u0119 d\u0142ugo.<\/span><\/p>\n\n\n\n<div style=\"height:20px\" aria-hidden=\"true\" class=\"wp-block-spacer\"><\/div>\n","protected":false},"excerpt":{"rendered":"<p>R\u00f3is\u00edn Murphy jest urocza, tajemnicza i bardzo utytu\u0142owana. Nie ma wielu artystek popowych, kt\u00f3re tak jak ona, konsekwentnie trwa\u0142yby w swoim stylu od lat, jednocze\u015bnie nie przestaj\u0105c szuka\u0107 nowego brzmienia. Mimo up\u0142ywu lat nie zwalnia tempa, \u017congluje stylistykami i zawsze pracuje z bardzo ciekawymi producentami. Podczas FEST Festival mieli\u015bmy okazj\u0119 przekona\u0107 si\u0119 jak bardzo r\u00f3\u017cnorodne&hellip;<\/p>\n","protected":false},"author":16,"featured_media":15530,"comment_status":"open","ping_status":"open","sticky":false,"template":"","format":"standard","meta":{"footnotes":"","_wpscppro_custom_social_share_image":0,"_facebook_share_type":"","_twitter_share_type":"","_linkedin_share_type":"","_pinterest_share_type":"","_linkedin_share_type_page":"","_instagram_share_type":"","_selected_social_profile":[]},"categories":[28],"tags":[1495,1637],"thb-sponsors":[],"class_list":["post-15121","post","type-post","status-publish","format-standard","has-post-thumbnail","hentry","category-opinie","tag-fest-festival","tag-roisin-murphy","parent_cat_opinie"],"publishpress_future_action":{"enabled":false,"date":"2026-05-07 17:08:48","action":"change-status","newStatus":"draft","terms":[],"taxonomy":"category"},"publishpress_future_workflow_manual_trigger":{"enabledWorkflows":[]},"_links":{"self":[{"href":"https:\/\/goingapp.pl\/more\/wp-json\/wp\/v2\/posts\/15121"}],"collection":[{"href":"https:\/\/goingapp.pl\/more\/wp-json\/wp\/v2\/posts"}],"about":[{"href":"https:\/\/goingapp.pl\/more\/wp-json\/wp\/v2\/types\/post"}],"author":[{"embeddable":true,"href":"https:\/\/goingapp.pl\/more\/wp-json\/wp\/v2\/users\/16"}],"replies":[{"embeddable":true,"href":"https:\/\/goingapp.pl\/more\/wp-json\/wp\/v2\/comments?post=15121"}],"version-history":[{"count":16,"href":"https:\/\/goingapp.pl\/more\/wp-json\/wp\/v2\/posts\/15121\/revisions"}],"predecessor-version":[{"id":76490,"href":"https:\/\/goingapp.pl\/more\/wp-json\/wp\/v2\/posts\/15121\/revisions\/76490"}],"wp:featuredmedia":[{"embeddable":true,"href":"https:\/\/goingapp.pl\/more\/wp-json\/wp\/v2\/media\/15530"}],"wp:attachment":[{"href":"https:\/\/goingapp.pl\/more\/wp-json\/wp\/v2\/media?parent=15121"}],"wp:term":[{"taxonomy":"category","embeddable":true,"href":"https:\/\/goingapp.pl\/more\/wp-json\/wp\/v2\/categories?post=15121"},{"taxonomy":"post_tag","embeddable":true,"href":"https:\/\/goingapp.pl\/more\/wp-json\/wp\/v2\/tags?post=15121"},{"taxonomy":"thb-sponsors","embeddable":true,"href":"https:\/\/goingapp.pl\/more\/wp-json\/wp\/v2\/thb-sponsors?post=15121"}],"curies":[{"name":"wp","href":"https:\/\/api.w.org\/{rel}","templated":true}]}}