{"id":15951,"date":"2019-10-16T15:21:33","date_gmt":"2019-10-16T13:21:33","guid":{"rendered":"https:\/\/goingapp.pl\/more\/?p=15951"},"modified":"2024-03-22T15:30:09","modified_gmt":"2024-03-22T14:30:09","slug":"3-urodziny-smolnej-headlinerzy","status":"publish","type":"post","link":"https:\/\/goingapp.pl\/more\/3-urodziny-smolnej-headlinerzy\/","title":{"rendered":"Ale b\u0119dzie! Trzy dni \u015bwi\u0119towania w ramach trzecich urodzin Smolnej"},"content":{"rendered":"\n<h4 class=\"wp-block-heading\">Tak\u0105 celebracj\u0119 to my rozumiemy! Trzecie urodziny Smolnej odb\u0119d\u0105 si\u0119 w drugi weekend listopada, a do Warszawy wpadn\u0105 znakomici did\u017ceje.<\/h4>\n\n\n\n<p style=\"color:#000000;font-size:17px\" class=\"has-text-color\"><strong>Bicep<\/strong>, <strong>Mall Grab<\/strong> oraz <strong>Oliver Koletzki<\/strong>. To mi\u0119dzy innymi ta czw\u00f3rka u\u015bwietni <strong>3. urodziny Smolnej<\/strong>. Opr\u00f3cz zagranicznych headliner\u00f3w spodziewajcie si\u0119 kilkudziesi\u0119ciu lokalnych did\u017cej\u00f3w i producent\u00f3w, kt\u00f3rzy na trzy dni przejm\u0105 sale sto\u0142ecznego klubu.<\/p>\n\n\n<p><script type=\"text\/javascript\" data-cfasync=\"false\" src=\"https:\/\/goingapp.pl\/plugins\/going\/events\/assets\/js\/embed\/out\/gi.min.js?ver=1\"><\/script> <\/p>\n<div class=\"going_frame\" data-id=\"2167021\"><\/div>\n\n\n\n<p style=\"color:#000000;font-size:17px\" class=\"has-text-color\"><a href=\"https:\/\/goingapp.pl\/more\/smolna-jesien-zima-2019-ogloszenie\/\">Jaki\u015b czas temu pisali\u015bmy o jesienno-zimowych planach klubu<\/a> <a href=\"https:\/\/www.smolna38.com\/pl\/wydarzenia\" target=\"_blank\" rel=\"noopener\">Smolna<\/a>, w kt\u00f3rym to rozk\u0142adzie znalaz\u0142o si\u0119 miejsce dla wszystkich wy\u017cej wymienionych did\u017cej\u00f3w. Teraz wiemy ju\u017c, \u017ce umil\u0105 nam \u015bwi\u0119towanie kolejnego roku na Smolnej. <\/p>\n\n\n\n<p style=\"color:#000000;font-size:17px\" class=\"has-text-color\">Pomimo tego, \u017ce <strong>Smolna<\/strong> kojarzona jest g\u0142\u00f3wnie z techno, to urodzinowi headlinerzy maj\u0105 wi\u0119cej wsp\u00f3lnego z muzyk\u0105 house. Najbli\u017cej do techno ma <strong>Koletzki<\/strong>, kt\u00f3ry jest jedn\u0105 z najbardziej kojarzonych i najcz\u0119\u015bciej graj\u0105cych w naszym kraju postaci ze \u015brodowiska tech-house&#8217;u. Niemiec od lat prowadzi swoj\u0105 wytw\u00f3rni\u0119 <strong>Stil vor Talent<\/strong>, w kt\u00f3rej ukazywa\u0142y si\u0119&nbsp;zar\u00f3wno jego autorskie albumy, jak i p\u0142yty takich artyst\u00f3w, jak m.in. <strong>HVOB, Klangkarussell, David August<\/strong> czy <strong>Niko Schwind<\/strong>. Label b\u0119dzie obchodzi\u0142&nbsp;w przysz\u0142ym roku 15-lecie istnienia.<\/p>\n\n\n\n<figure class=\"wp-block-embed-youtube wp-block-embed is-type-video is-provider-youtube wp-embed-aspect-16-9 wp-has-aspect-ratio\"><div class=\"wp-block-embed__wrapper\">\n<iframe loading=\"lazy\"  id=\"_ytid_85660\"  width=\"1170\" height=\"658\"  data-origwidth=\"1170\" data-origheight=\"658\" src=\"https:\/\/www.youtube.com\/embed\/4mtfCl5J78c?enablejsapi=1&#038;autoplay=0&#038;cc_load_policy=0&#038;cc_lang_pref=&#038;iv_load_policy=1&#038;loop=0&#038;modestbranding=0&#038;rel=1&#038;fs=1&#038;playsinline=0&#038;autohide=2&#038;theme=dark&#038;color=red&#038;controls=1&#038;\" class=\"__youtube_prefs__  epyt-is-override  no-lazyload\" title=\"YouTube player\"  allow=\"fullscreen; accelerometer; autoplay; clipboard-write; encrypted-media; gyroscope; picture-in-picture\" allowfullscreen data-no-lazy=\"1\" data-skipgform_ajax_framebjll=\"\"><\/iframe>\n<\/div><\/figure>\n\n\n\n<p style=\"color:#000000;font-size:17px\" class=\"has-text-color\">Je\u015bli chodzi o <strong>Mall Graba<\/strong> to australijski talent zaczyna\u0142 od lo-fi house&#8217;u, na kt\u00f3rego moda przemin\u0119\u0142a tak szybko, jak si\u0119 pojawi\u0142a. Na szcz\u0119\u015bcie nie sta\u0142 si\u0119&nbsp;on ofiar\u0105 tego trendu i wyszed\u0142 z niego z obronn\u0105&nbsp;r\u0119k\u0105. W tym roku ukaza\u0142y si\u0119&nbsp;dwie EP-ki jego autorstwa, kt\u00f3re wyda\u0142 w swoim w\u0142asnym labelu <strong>Looking for Problems<\/strong>. W przesz\u0142o\u015bci wsp\u00f3\u0142pracowa\u0142 m.in. z uznanymi markami &#8211; <strong>Shall Not Fade, Hot Haus, 1080p<\/strong> czy <strong>Church.<\/strong> Jedno jest pewne &#8211; jego sety to gwarancja przeta\u0144czonej nocy!<\/p>\n\n\n\n<p style=\"color:#000000;font-size:17px\" class=\"has-text-color\">Last but OCZYWI\u015aCIE not least &#8211; <strong>Bicep<\/strong>. Brytyjski duet, kt\u00f3rego kariera rozpocz\u0119\u0142a si\u0119 od internetowego bloga i dotar\u0142a na g\u0142\u00f3wne sceny wielkich festiwali i wa\u017cnych europejskich klub\u00f3w. <strong>Andrew Ferguson<\/strong> i <strong>Matthew McBriar<\/strong> dwa lata temu wydali sw\u00f3j debiutancki longplay w <strong>Ninja Tune<\/strong> i by\u0142o to idealne zwie\u0144czenie pewnego etapu trwaj\u0105cej od 2010 roku kariery. Muzycy z Belfastu bardzo mocno anga\u017cuj\u0105 si\u0119 w promowanie nowych nazwisk na scenie, w tym r\u00f3wnie\u017c&nbsp;kilku polskich producent\u00f3w.  Miksy dla Feel my Bicep nagrywali m.in. <strong>Private Press, Bartosz Kruczy\u0144ski <\/strong>i<strong><a href=\"https:\/\/goingapp.pl\/more\/playlista-tamten-i-jego-didzejskie-perelki\/\"> Tamte<\/a>n<\/strong>. Chwali si\u0119!<\/p>\n\n\n\n<div class=\"wp-block-image\"><figure class=\"aligncenter is-resized\"><img loading=\"lazy\" decoding=\"async\" src=\"http:\/\/goingapp.pl\/more\/wp-content\/uploads\/2019\/10\/3_urodziny_smolnej_poster-819x1024.png\" alt=\"Smolnej\" class=\"wp-image-15955\" width=\"458\" height=\"572\" srcset=\"https:\/\/goingapp.pl\/more\/wp-content\/uploads\/2019\/10\/3_urodziny_smolnej_poster-819x1024.png 819w, https:\/\/goingapp.pl\/more\/wp-content\/uploads\/2019\/10\/3_urodziny_smolnej_poster-240x300.png 240w\" sizes=\"(max-width: 458px) 100vw, 458px\" \/><\/figure><\/div>\n\n\n\n<p style=\"color:#000000;font-size:17px\" class=\"has-text-color\">Jak widzicie po plakacie &#8211; w trakcie tych trzech nocy nie zabraknie r\u00f3wnie\u017c znakomitych rodzimych did\u017cej\u00f3w. Wyst\u0105pi\u0105 m.in. Eltron, Deas, Phil Jensky, Sincz, Lulu Malina, Nowosad czy Siasia.<\/p>\n\n\n\n<p style=\"color:#000000;font-size:17px\" class=\"has-text-color\">3. urodziny Smolnej odb\u0119d\u0105 si\u0119 w dniach <strong>8-11 listopada<\/strong>. Zapiszcie, my b\u0119dziemy na pewno!<\/p>\n\n\n\n<figure class=\"wp-block-embed-youtube wp-block-embed is-type-video is-provider-youtube wp-embed-aspect-16-9 wp-has-aspect-ratio\"><div class=\"wp-block-embed__wrapper\">\n<iframe loading=\"lazy\"  id=\"_ytid_61458\"  width=\"1170\" height=\"658\"  data-origwidth=\"1170\" data-origheight=\"658\" src=\"https:\/\/www.youtube.com\/embed\/fY7M3pzXdUo?enablejsapi=1&#038;autoplay=0&#038;cc_load_policy=0&#038;cc_lang_pref=&#038;iv_load_policy=1&#038;loop=0&#038;modestbranding=0&#038;rel=1&#038;fs=1&#038;playsinline=0&#038;autohide=2&#038;theme=dark&#038;color=red&#038;controls=1&#038;\" class=\"__youtube_prefs__  epyt-is-override  no-lazyload\" title=\"YouTube player\"  allow=\"fullscreen; accelerometer; autoplay; clipboard-write; encrypted-media; gyroscope; picture-in-picture\" allowfullscreen data-no-lazy=\"1\" data-skipgform_ajax_framebjll=\"\"><\/iframe>\n<\/div><\/figure>\n","protected":false},"excerpt":{"rendered":"<p>Tak\u0105 celebracj\u0119 to my rozumiemy! Trzecie urodziny Smolnej odb\u0119d\u0105 si\u0119 w drugi weekend listopada, a do Warszawy wpadn\u0105 znakomici did\u017ceje. Bicep, Mall Grab oraz Oliver Koletzki. To mi\u0119dzy innymi ta czw\u00f3rka u\u015bwietni 3. urodziny Smolnej. Opr\u00f3cz zagranicznych headliner\u00f3w spodziewajcie si\u0119 kilkudziesi\u0119ciu lokalnych did\u017cej\u00f3w i producent\u00f3w, kt\u00f3rzy na trzy dni przejm\u0105 sale sto\u0142ecznego klubu. Jaki\u015b czas&hellip;<\/p>\n","protected":false},"author":5,"featured_media":15958,"comment_status":"open","ping_status":"open","sticky":false,"template":"","format":"standard","meta":{"footnotes":"","_wpscppro_custom_social_share_image":0,"_facebook_share_type":"","_twitter_share_type":"","_linkedin_share_type":"","_pinterest_share_type":"","_linkedin_share_type_page":"","_instagram_share_type":"","_selected_social_profile":[]},"categories":[29],"tags":[2634,1768,135,2350,83,97],"thb-sponsors":[],"class_list":["post-15951","post","type-post","status-publish","format-standard","has-post-thumbnail","hentry","category-news","tag-feel-my-bicep","tag-house","tag-mall-grab","tag-oliver-koletzki","tag-smolna","tag-techno","parent_cat_news"],"publishpress_future_action":{"enabled":false,"date":"2026-05-09 10:13:48","action":"change-status","newStatus":"draft","terms":[],"taxonomy":"category"},"publishpress_future_workflow_manual_trigger":{"enabledWorkflows":[]},"_links":{"self":[{"href":"https:\/\/goingapp.pl\/more\/wp-json\/wp\/v2\/posts\/15951"}],"collection":[{"href":"https:\/\/goingapp.pl\/more\/wp-json\/wp\/v2\/posts"}],"about":[{"href":"https:\/\/goingapp.pl\/more\/wp-json\/wp\/v2\/types\/post"}],"author":[{"embeddable":true,"href":"https:\/\/goingapp.pl\/more\/wp-json\/wp\/v2\/users\/5"}],"replies":[{"embeddable":true,"href":"https:\/\/goingapp.pl\/more\/wp-json\/wp\/v2\/comments?post=15951"}],"version-history":[{"count":10,"href":"https:\/\/goingapp.pl\/more\/wp-json\/wp\/v2\/posts\/15951\/revisions"}],"predecessor-version":[{"id":16070,"href":"https:\/\/goingapp.pl\/more\/wp-json\/wp\/v2\/posts\/15951\/revisions\/16070"}],"wp:featuredmedia":[{"embeddable":true,"href":"https:\/\/goingapp.pl\/more\/wp-json\/wp\/v2\/media\/15958"}],"wp:attachment":[{"href":"https:\/\/goingapp.pl\/more\/wp-json\/wp\/v2\/media?parent=15951"}],"wp:term":[{"taxonomy":"category","embeddable":true,"href":"https:\/\/goingapp.pl\/more\/wp-json\/wp\/v2\/categories?post=15951"},{"taxonomy":"post_tag","embeddable":true,"href":"https:\/\/goingapp.pl\/more\/wp-json\/wp\/v2\/tags?post=15951"},{"taxonomy":"thb-sponsors","embeddable":true,"href":"https:\/\/goingapp.pl\/more\/wp-json\/wp\/v2\/thb-sponsors?post=15951"}],"curies":[{"name":"wp","href":"https:\/\/api.w.org\/{rel}","templated":true}]}}