{"id":26539,"date":"2020-05-26T11:02:23","date_gmt":"2020-05-26T09:02:23","guid":{"rendered":"https:\/\/goingapp.pl\/more\/?p=26539"},"modified":"2024-03-22T15:40:00","modified_gmt":"2024-03-22T14:40:00","slug":"ominacje-nike-wsrod-nich-m-in-27-smierci-tobyego-obeda-i-stramer-2020","status":"publish","type":"post","link":"https:\/\/goingapp.pl\/more\/ominacje-nike-wsrod-nich-m-in-27-smierci-tobyego-obeda-i-stramer-2020\/","title":{"rendered":"Poznali\u015bmy nominacje do Nagrody Literackiej Nike, w\u015br\u00f3d nich m.in. 27 \u015bmierci Toby\u2019ego Obeda i Stramer!"},"content":{"rendered":"\n<h4 class=\"wp-block-heading\">Tradycj\u0105 jest, \u017ce w maju poznajemy nominowanych do presti\u017cowej Nagrody Literackiej Nike. Co prawda, spos\u00f3b prezentacji jest w tym roku nieco inny, ale wiemy ju\u017c, kto powalczy o statuetk\u0119 w 2020.<\/h4>\n\n\n\n<p>Szerok\u0105&nbsp;list\u0119 nominowanych ksi\u0105\u017cek podawano zawsze podczas Warszawskich Targ\u00f3w Ksi\u0105\u017cki, kt\u00f3re nie odby\u0142y si\u0119&nbsp;w tym roku z powodu pandemii koronawirusa. List\u0119 siedmiu finalist\u00f3w <strong>Nike<\/strong> poznamy we wrze\u015bniu, a zwyci\u0119\u017cczyni\u0119&nbsp;lub zwyci\u0119zc\u0119 w pierwsz\u0105 niedziel\u0119 pa\u017adziernika.<\/p>\n\n\n\n<p>Poni\u017cej przedstawiamy Wam list\u0119<strong>\u00a020 ksi\u0105\u017cek<\/strong>, kt\u00f3re stan\u0105 do walki o tegoroczn\u0105\u00a0Nagrod\u0119 Literack\u0105 Nike. Musimy przyzna\u0107, \u017ce najbardziej dziwi nas brak znakomitej <em>Zimowli<\/em> <strong>Dominiki<\/strong> <strong>S\u0142owik<\/strong>. Przypominamy, \u017ce w poprzednich latach laureatami tej nagrody zostawali m.in. <strong>Dorota<\/strong> <strong>Mas\u0142owska<\/strong> (<em>Paw<\/em> <em>kr\u00f3lowej<\/em>), <strong>Mariusz Szczygie\u0142<\/strong> (<em>Nie ma<\/em>), <strong>Marcin Wicha<\/strong> (<em>Rzeczy, kt\u00f3rych nie wyrzuci\u0142em<\/em>), <strong>Olga Tokarczuk <\/strong>(<em>Ksi\u0119gi Jakubowe<\/em> oraz <em>Bieguni<\/em>), <strong>Wies\u0142aw My\u015bliwski <\/strong>(<em>Traktat o \u0142uskaniu fasoli<\/em>), <strong>Joanna Bator<\/strong> (<em>Ciemno, prawie noc<\/em>) czy <strong>Andrzej Stasiuk<\/strong> (<em>Jad\u0105c do Babadag<\/em>). Kto zgarnie statuetk\u0119\u00a0w tym roku? My mamy swoje typy, jeste\u015bmy ciekawi Waszych!<\/p>\n\n\n\n<ul class=\"wp-block-list\"><li>Agnieszka Dauksza <em>Jaremianka<\/em>, Znak<\/li><li>Miko\u0142aj \u0141ozi\u0144ski <em><a href=\"https:\/\/www.empik.com\/stramer-lozinski-mikolaj,p1231825257,ksiazka-p?fromSearchQuery=stramer\" target=\"_blank\" rel=\"noopener\">Stramer<\/a><\/em>, Wydawnictwo Literackie<\/li><li>Joanna Gierak-Onoszko <em><a href=\"https:\/\/www.empik.com\/27-siedem-smierci-toby-ego-obeda-gierak-onoszko-joanna,p1227409140,ksiazka-p\" target=\"_blank\" rel=\"noopener\">27 \u015bmierci Toby\u2019ego Obeda<\/a><\/em>, Dowody na Istnienie<\/li><li>Konrad G\u00f3ra <em><a href=\"https:\/\/www.empik.com\/kalendarz-majow-gora-konrad,p1227061922,ksiazka-p?fromSearchQuery=konrad+g%C3%B3ra+kalendarz+maj%C3%B3w\" target=\"_blank\" rel=\"noopener\">Kalendarz maj\u00f3w<\/a><\/em>, Biuro Literackie<\/li><li>Piotr M. Majewski <em><a href=\"https:\/\/www.empik.com\/kiedy-wybuchnie-wojna-1938-studium-kryzysu-majewski-piotr-m,p1229338970,ksiazka-p\" target=\"_blank\" rel=\"noopener\">Kiedy wybuchnie wojna? 1938. Studium kryzysu<\/a><\/em>, Krytyka Polityczna<\/li><li>Izabela Morska <em><a href=\"https:\/\/www.empik.com\/znikanie-proza-jak-zastrzyk-w-serce-morska-izabela,p1230073909,ksiazka-p\" target=\"_blank\" rel=\"noopener\">Znikanie<\/a><\/em>, Znak<\/li><li>Wojciech Tochman <em><a href=\"https:\/\/www.empik.com\/panie-kogutow-placz-psow-tochman-wojciech,p1221909046,ksiazka-p\" target=\"_blank\" rel=\"noopener\">Pianie kogut\u00f3w, p\u0142acz ps\u00f3w<\/a><\/em>, Wydawnictwo Literackie<\/li><li>Tadeusz S\u0142awek <em>Kafka. \u017bycie w przestrzeni bez rozstrzygni\u0119\u0107<\/em>, Instytut Miko\u0142owski<\/li><li>Magdalena Grochowska <em><a href=\"https:\/\/www.empik.com\/zachowac-przytomnosc-w-czasach-szalenstwa-grochowska-magdalena,p1228541151,ksiazka-p\" target=\"_blank\" rel=\"noopener\">W czasach szale\u0144stwa<\/a><\/em>, Agora<\/li><li>Salcia Ha\u0142as <em><a href=\"https:\/\/www.empik.com\/potop-halas-salcia,p1222014682,ksiazka-p\" target=\"_blank\" rel=\"noopener\">Potop<\/a><\/em>, WAB<\/li><li>Monika Sznajderman <em><a href=\"https:\/\/www.empik.com\/pusty-las-sznajderman-monika,p1223167167,ksiazka-p\" target=\"_blank\" rel=\"noopener\">Pusty las<\/a><\/em>, Wydawnictwo Czarne<\/li><li>Weronika Kostyrko <em><a href=\"https:\/\/www.empik.com\/tancerka-i-zaglada-historia-poli-nirenskiej-kostyrko-weronika,p1222906514,ksiazka-p?fromSearchQuery=tancerka+i+zag%C5%82ada.+historia+poli+nire%C5%84skiej\" target=\"_blank\" rel=\"noopener\">Tancerka i zag\u0142ada. Historia Poli Nire\u0144skiej<\/a><\/em>, Czerwone i Czarne<\/li><li>Ewa Kuryluk <em><a href=\"https:\/\/www.empik.com\/feluni-kuryluk-ewa,p1223670838,ksiazka-p?fromSearchQuery=feluni\" target=\"_blank\" rel=\"noopener\">Feluni<\/a><\/em>, Wydawnictwo Literackie<\/li><li>Filip Zawada <em><a href=\"https:\/\/www.empik.com\/rozdeptalem-czarnego-kota-przez-przypadek-zawada-filip,p1221475390,ksiazka-p?fromSearchQuery=rozdepta%C5%82em+czarnego+kota+przez+prz\" target=\"_blank\" rel=\"noopener\">Rozdepta\u0142em czarnego kota przez przypadek<\/a><\/em>, Znak<\/li><li>Radek Rak<em> <\/em><a href=\"https:\/\/www.empik.com\/basn-o-wezowym-sercu-albo-wtore-slowo-o-jakobie-szeli-rak-radek,p1231442771,ksiazka-p\" target=\"_blank\" rel=\"noopener\"><em>Ba\u015b\u0144 o w\u0119\u017cowym sercu albo wt\u00f3re s\u0142owo o Jak\u00f3bie Szel<\/em>i<\/a>, Powergraph<\/li><li>Ewa Lipska <em><a href=\"https:\/\/www.empik.com\/milosc-w-trybie-awaryjnym-lipska-ewa,p1223669179,ksiazka-p\" target=\"_blank\" rel=\"noopener\">Mi\u0142o\u015b\u0107 w trybie awaryjnym<\/a><\/em>, Wydawnictwo Literackie<\/li><li>Pawe\u0142 Piotr Reszka <em><a href=\"https:\/\/www.empik.com\/pluczki-reszka-pawel-piotr,p1231754001,ksiazka-p\" target=\"_blank\" rel=\"noopener\">P\u0142uczki<\/a><\/em>, Agora<\/li><li>Tadeusz Sobolewski <em><a href=\"https:\/\/www.empik.com\/dziennik-jeszcze-jedno-zdanie-sobolewski-tadeusz,p1222431533,ksiazka-p?fromSearchQuery=dziennik.+jeszcze+jedno+zdanie\" target=\"_blank\" rel=\"noopener\">Dziennik. Jeszcze jedno zdanie<\/a><\/em>, WAB<\/li><li>Krzysztof \u015aroda <em><a href=\"https:\/\/www.empik.com\/srebro-ryb-sroda-krzysztof,p1227381127,ksiazka-p?fromSearchQuery=srebro+ryb\" target=\"_blank\" rel=\"noopener\">Srebro ryb<\/a><\/em>, Wydawnictwo Czarne<\/li><li>Adam Zagajewski <em><a href=\"https:\/\/www.empik.com\/substancja-nieuporzadkowana-zagajewski-adam,p1223257691,ksiazka-p?fromSearchQuery=substancja+nieuporz%C4%85dkowana\" target=\"_blank\" rel=\"noopener\">Substancja nieuporz\u0105dkowana<\/a><\/em>, Znak<\/li><\/ul>\n\n\n\n<h4 class=\"wp-block-heading\">Pami\u0119tajcie, \u017ce profilaktyka, higiena i przestrzeganie zasad w kontaktach mi\u0119dzyludzkich to teraz bardzo istotne sprawy. Poni\u017cej przeklejamy Wam wa\u017cn\u0105 informacj\u0119:<\/h4>\n\n\n\n<p>\u2013 cz\u0119sto i dok\u0142adnie myj r\u0119ce, u\u017cywaj\u0105c myd\u0142a i wody<\/p>\n\n\n\n<p>\u2013 kiedy kaszlesz lub kichasz, zakrywaj usta i nos \u2013 najlepiej chusteczk\u0105 lub r\u0119kawem<\/p>\n\n\n\n<p>\u2013 zachowaj co najmniej 1.5 metra odleg\u0142o\u015bci od os\u00f3b, kt\u00f3re kaszl\u0105 i kichaj\u0105<\/p>\n\n\n\n<p>\u2013 unikaj skupisk ludzkich. Stosuj si\u0119 do zalece\u0144 i komunikat\u00f3w dotycz\u0105cych przeciwdzia\u0142ania koronawirusowi<\/p>\n\n\n\n<p>Je\u015bli masz objawy lub kontakt z osob\u0105 zaka\u017con\u0105, powiadom o tym telefonicznie stacj\u0119 sanitarno-epidemiologiczn\u0105 pod numerem&nbsp;<strong>800-190-590<\/strong><\/p>\n\n\n\n<p><strong>Nie panikujcie, uwa\u017cajcie!<\/strong><\/p>\n","protected":false},"excerpt":{"rendered":"<p>Tradycj\u0105 jest, \u017ce w maju poznajemy nominowanych do presti\u017cowej Nagrody Literackiej Nike. Co prawda, spos\u00f3b prezentacji jest w tym roku nieco inny, ale wiemy ju\u017c, kto powalczy o statuetk\u0119 w 2020. Szerok\u0105&nbsp;list\u0119 nominowanych ksi\u0105\u017cek podawano zawsze podczas Warszawskich Targ\u00f3w Ksi\u0105\u017cki, kt\u00f3re nie odby\u0142y si\u0119&nbsp;w tym roku z powodu pandemii koronawirusa. List\u0119 siedmiu finalist\u00f3w Nike poznamy&hellip;<\/p>\n","protected":false},"author":5,"featured_media":26540,"comment_status":"closed","ping_status":"open","sticky":false,"template":"","format":"standard","meta":{"footnotes":"","_wpscppro_custom_social_share_image":0,"_facebook_share_type":"","_twitter_share_type":"","_linkedin_share_type":"","_pinterest_share_type":"","_linkedin_share_type_page":"","_instagram_share_type":"","_selected_social_profile":[]},"categories":[29],"tags":[3248,3273,3473,3472,3475,3474],"thb-sponsors":[],"class_list":["post-26539","post","type-post","status-publish","format-standard","has-post-thumbnail","hentry","category-news","tag-ksiazki","tag-more","tag-nagroda-literacka-nike","tag-nike","tag-poznalismy-nominacje-do-literackiej-nagrody-nike","tag-stramer","parent_cat_news"],"publishpress_future_action":{"enabled":false,"date":"2026-05-07 22:05:39","action":"change-status","newStatus":"draft","terms":[],"taxonomy":"category"},"publishpress_future_workflow_manual_trigger":{"enabledWorkflows":[]},"_links":{"self":[{"href":"https:\/\/goingapp.pl\/more\/wp-json\/wp\/v2\/posts\/26539"}],"collection":[{"href":"https:\/\/goingapp.pl\/more\/wp-json\/wp\/v2\/posts"}],"about":[{"href":"https:\/\/goingapp.pl\/more\/wp-json\/wp\/v2\/types\/post"}],"author":[{"embeddable":true,"href":"https:\/\/goingapp.pl\/more\/wp-json\/wp\/v2\/users\/5"}],"replies":[{"embeddable":true,"href":"https:\/\/goingapp.pl\/more\/wp-json\/wp\/v2\/comments?post=26539"}],"version-history":[{"count":25,"href":"https:\/\/goingapp.pl\/more\/wp-json\/wp\/v2\/posts\/26539\/revisions"}],"predecessor-version":[{"id":26582,"href":"https:\/\/goingapp.pl\/more\/wp-json\/wp\/v2\/posts\/26539\/revisions\/26582"}],"wp:featuredmedia":[{"embeddable":true,"href":"https:\/\/goingapp.pl\/more\/wp-json\/wp\/v2\/media\/26540"}],"wp:attachment":[{"href":"https:\/\/goingapp.pl\/more\/wp-json\/wp\/v2\/media?parent=26539"}],"wp:term":[{"taxonomy":"category","embeddable":true,"href":"https:\/\/goingapp.pl\/more\/wp-json\/wp\/v2\/categories?post=26539"},{"taxonomy":"post_tag","embeddable":true,"href":"https:\/\/goingapp.pl\/more\/wp-json\/wp\/v2\/tags?post=26539"},{"taxonomy":"thb-sponsors","embeddable":true,"href":"https:\/\/goingapp.pl\/more\/wp-json\/wp\/v2\/thb-sponsors?post=26539"}],"curies":[{"name":"wp","href":"https:\/\/api.w.org\/{rel}","templated":true}]}}