{"id":30264,"date":"2020-08-17T12:02:22","date_gmt":"2020-08-17T10:02:22","guid":{"rendered":"http:\/\/goingapp.pl\/more\/?p=30264"},"modified":"2024-03-22T15:43:06","modified_gmt":"2024-03-22T14:43:06","slug":"multikulturowy-jazz-i-dzwieku-peru-wschod-kultury-inne-brzmienia-juz-niebawem","status":"publish","type":"post","link":"https:\/\/goingapp.pl\/more\/multikulturowy-jazz-i-dzwieku-peru-wschod-kultury-inne-brzmienia-juz-niebawem\/","title":{"rendered":"Multikulturowy jazz i d\u017awi\u0119ku Peru. Wsch\u00f3d Kultury &#8211; Inne Brzmienia ju\u017c niebawem"},"content":{"rendered":"\n<h4 class=\"wp-block-heading\">Wsch\u00f3d Kultury &#8211; Inne Brzmienia b\u0119dzie jednym z niewielu festiwali, kt\u00f3re odb\u0119d\u0105 si\u0119\u00a0w tym roku w Polsce. A okazji do odwiedzenia Lublina na pocz\u0105tku wrze\u015bnia jest co najmniej kilka.<\/h4>\n\n\n\n<p><strong>Wsch\u00f3d Kultury &#8211; Inne Brzmienia<\/strong> co roku jest gwarancj\u0105 wyr\u00f3\u017cniaj\u0105cego si\u0119 line-upu. Do Lublina przyje\u017cd\u017ca\u0142y najwi\u0119ksze tuzy muzyki, kt\u00f3rej w \u017caden spos\u00f3b nie nale\u017cy szufladkowa\u0107. Wystarczy przypomnie\u0107, \u017ce w ostatnich latach na festiwalu go\u015bcili m.in. Lee &#8222;Scratch&#8221; Perry, Mulatu Astatke, George Clinton &amp; Parliament Funkadelic czy Einst\u00fcrzende Neubauten. W tym roku b\u0119dzie nieco skromniej, co wcale nie oznacza gorzej.<\/p>\n\n\n<p><script type=\"text\/javascript\" data-cfasync=\"false\" src=\"https:\/\/web.goingapp.pl\/plugins\/going\/events\/assets\/js\/embed\/out\/gi.min.js?ver=1\"><\/script> <\/p>\n<div class=\"going_frame\" data-id=\"2237183\"><\/div>\n\n\n\n<p>Organizatorzy festiwalu postawili na do\u015b\u0107 popularn\u0105 obecnie hybrydow\u0105 form\u0119. Cz\u0119\u015b\u0107 festiwalu odb\u0119dzie si\u0119\u00a0z udzia\u0142em publiczno\u015bci, oczywi\u015bcie zgodnie z wytycznymi i re\u017cimem sanitarnym, a cz\u0119\u015b\u0107 odb\u0119dzie si\u0119\u00a0w internecie. Program Innych Brzmie\u0144 jak zawsze obfituje w r\u00f3\u017cnorodno\u015b\u0107 i muzyk\u0119 z r\u00f3\u017cnych stron \u015bwiata, a line-up edycji 2020 tylko to potwierdza.<\/p>\n\n\n\n<p>Do najwi\u0119kszych nazw w sk\u0142adzie lubelskiego festiwalu mo\u017cna z pewno\u015bci\u0105 zaliczy\u0107 jazzowo-afrobeatowy big band <strong>Nubiyan Twist<\/strong>. 10-osobowa ekipa przyjedzie do nas z Londynu i zaprezentuje m.in. materia\u0142 z ostatniego, wydanego w 2019 roku, albumu <em>Jungle Run<\/em>. Opr\u00f3cz nich, spo\u015br\u00f3d mi\u0119dzynarodowych akcent\u00f3w nie mo\u017cna b\u0119dzie przegapi\u0107 peruwia\u0144skiego duetu <strong>Dengue Dengue Dengue.<\/strong> Mieszkaj\u0105cy na co dzie\u0144 w Berlinie muzycy wpadn\u0105\u00a0do Lublina rozkr\u0119ci\u0107 niezwykle rytmiczn\u0105 imprez\u0119.<\/p>\n\n\n\n<figure class=\"wp-block-embed-youtube wp-block-embed is-type-video is-provider-youtube wp-embed-aspect-16-9 wp-has-aspect-ratio\"><div class=\"wp-block-embed__wrapper\">\n<iframe loading=\"lazy\"  id=\"_ytid_12365\"  width=\"1170\" height=\"658\"  data-origwidth=\"1170\" data-origheight=\"658\" src=\"https:\/\/www.youtube.com\/embed\/afvfR1f-Pkk?enablejsapi=1&#038;autoplay=0&#038;cc_load_policy=0&#038;cc_lang_pref=&#038;iv_load_policy=1&#038;loop=0&#038;modestbranding=0&#038;rel=1&#038;fs=1&#038;playsinline=0&#038;autohide=2&#038;theme=dark&#038;color=red&#038;controls=1&#038;\" class=\"__youtube_prefs__  epyt-is-override  no-lazyload\" title=\"YouTube player\"  allow=\"fullscreen; accelerometer; autoplay; clipboard-write; encrypted-media; gyroscope; picture-in-picture\" allowfullscreen data-no-lazy=\"1\" data-skipgform_ajax_framebjll=\"\"><\/iframe>\n<\/div><\/figure>\n\n\n\n<p>Poza tym, w ramach Innych Brzmie\u0144 wyst\u0105pi szereg polskich artyst\u00f3w. Scena jazzowa, underground czy indie b\u0119d\u0105 w tym roku reprezentowane w godny spos\u00f3b. Zespo\u0142u <strong>EABS<\/strong> \u017cadnemu fanowi jazzu przedstawia\u0107 nie musimy. Autorzy znakomitych album\u00f3w <em>Slavic<\/em> <em>Spirits<\/em> i <em>Repetitions<\/em> <em>&#8211; Letters to Krzysztof Komeda<\/em> maj\u0105 w Polsce szczeg\u00f3lny status. Opr\u00f3cz nich zagraj\u0105 m.in. <strong>Daniel Spaleniak, 1984, Javva <\/strong>czy posiadaj\u0105cy spory rozg\u0142os poza granicami naszego kraju band <strong>Trupa Trupa<\/strong>.<\/p>\n\n\n\n<p>A \u017ceby tego wszystkiego by\u0142o ma\u0142o, to organizatorzy zadbali r\u00f3wnie\u017c o pozamuzyczne atrakcje. W\u015br\u00f3d nich m.in. wystawa plakat\u00f3w ilustratora <strong>Dawida Ryskiego<\/strong>, spotkanie z niezale\u017cn\u0105 wytw\u00f3rni\u0105 <strong>Antena<\/strong> <strong>Krzyku<\/strong>, <strong>Targi Ma\u0142ych Wydawc\u00f3w<\/strong> czy prezentacje ksi\u0105\u017cek w ramach cyklu <strong>Wschodni Express.<\/strong><\/p>\n\n\n\n<p><strong>Wsch\u00f3d Kultury &#8211; Inne Brzmienia<\/strong> odb\u0119dzie si\u0119 w dniach<strong> 3-6 wrze\u015bnia<\/strong> w Lublinie. Darmowe zaproszenia na festiwal s\u0105 dost\u0119pne za po\u015brednictwem <strong>Going.<\/strong><\/p>\n\n\n\n<figure class=\"wp-block-embed-youtube wp-block-embed is-type-video is-provider-youtube wp-embed-aspect-16-9 wp-has-aspect-ratio\"><div class=\"wp-block-embed__wrapper\">\n<iframe loading=\"lazy\"  id=\"_ytid_73655\"  width=\"1170\" height=\"658\"  data-origwidth=\"1170\" data-origheight=\"658\" src=\"https:\/\/www.youtube.com\/embed\/unwUDkbro8Q?enablejsapi=1&#038;autoplay=0&#038;cc_load_policy=0&#038;cc_lang_pref=&#038;iv_load_policy=1&#038;loop=0&#038;modestbranding=0&#038;rel=1&#038;fs=1&#038;playsinline=0&#038;autohide=2&#038;theme=dark&#038;color=red&#038;controls=1&#038;\" class=\"__youtube_prefs__  epyt-is-override  no-lazyload\" title=\"YouTube player\"  allow=\"fullscreen; accelerometer; autoplay; clipboard-write; encrypted-media; gyroscope; picture-in-picture\" allowfullscreen data-no-lazy=\"1\" data-skipgform_ajax_framebjll=\"\"><\/iframe>\n<\/div><\/figure>\n","protected":false},"excerpt":{"rendered":"<p>Wsch\u00f3d Kultury &#8211; Inne Brzmienia b\u0119dzie jednym z niewielu festiwali, kt\u00f3re odb\u0119d\u0105 si\u0119\u00a0w tym roku w Polsce. A okazji do odwiedzenia Lublina na pocz\u0105tku wrze\u015bnia jest co najmniej kilka. Wsch\u00f3d Kultury &#8211; Inne Brzmienia co roku jest gwarancj\u0105 wyr\u00f3\u017cniaj\u0105cego si\u0119 line-upu. Do Lublina przyje\u017cd\u017ca\u0142y najwi\u0119ksze tuzy muzyki, kt\u00f3rej w \u017caden spos\u00f3b nie nale\u017cy szufladkowa\u0107. Wystarczy&hellip;<\/p>\n","protected":false},"author":5,"featured_media":30268,"comment_status":"closed","ping_status":"open","sticky":false,"template":"","format":"standard","meta":{"footnotes":"","_wpscppro_custom_social_share_image":0,"_facebook_share_type":"","_twitter_share_type":"","_linkedin_share_type":"","_pinterest_share_type":"","_linkedin_share_type_page":"","_instagram_share_type":"","_selected_social_profile":[]},"categories":[28,3194],"tags":[896,3090,3538,3273,558],"thb-sponsors":[],"class_list":["post-30264","post","type-post","status-publish","format-standard","has-post-thumbnail","hentry","category-opinie","category-polecamy","tag-dengue-dengue-dengue","tag-festiwale","tag-koncerty","tag-more","tag-wschod-kultury-inne-brzmienia","parent_cat_opinie"],"publishpress_future_action":{"enabled":false,"date":"2026-05-08 22:18:51","action":"change-status","newStatus":"draft","terms":[],"taxonomy":"category"},"publishpress_future_workflow_manual_trigger":{"enabledWorkflows":[]},"_links":{"self":[{"href":"https:\/\/goingapp.pl\/more\/wp-json\/wp\/v2\/posts\/30264"}],"collection":[{"href":"https:\/\/goingapp.pl\/more\/wp-json\/wp\/v2\/posts"}],"about":[{"href":"https:\/\/goingapp.pl\/more\/wp-json\/wp\/v2\/types\/post"}],"author":[{"embeddable":true,"href":"https:\/\/goingapp.pl\/more\/wp-json\/wp\/v2\/users\/5"}],"replies":[{"embeddable":true,"href":"https:\/\/goingapp.pl\/more\/wp-json\/wp\/v2\/comments?post=30264"}],"version-history":[{"count":10,"href":"https:\/\/goingapp.pl\/more\/wp-json\/wp\/v2\/posts\/30264\/revisions"}],"predecessor-version":[{"id":30279,"href":"https:\/\/goingapp.pl\/more\/wp-json\/wp\/v2\/posts\/30264\/revisions\/30279"}],"wp:featuredmedia":[{"embeddable":true,"href":"https:\/\/goingapp.pl\/more\/wp-json\/wp\/v2\/media\/30268"}],"wp:attachment":[{"href":"https:\/\/goingapp.pl\/more\/wp-json\/wp\/v2\/media?parent=30264"}],"wp:term":[{"taxonomy":"category","embeddable":true,"href":"https:\/\/goingapp.pl\/more\/wp-json\/wp\/v2\/categories?post=30264"},{"taxonomy":"post_tag","embeddable":true,"href":"https:\/\/goingapp.pl\/more\/wp-json\/wp\/v2\/tags?post=30264"},{"taxonomy":"thb-sponsors","embeddable":true,"href":"https:\/\/goingapp.pl\/more\/wp-json\/wp\/v2\/thb-sponsors?post=30264"}],"curies":[{"name":"wp","href":"https:\/\/api.w.org\/{rel}","templated":true}]}}