{"id":36125,"date":"2020-12-23T13:09:12","date_gmt":"2020-12-23T12:09:12","guid":{"rendered":"http:\/\/goingapp.pl\/more\/?p=36125"},"modified":"2024-03-22T15:47:52","modified_gmt":"2024-03-22T14:47:52","slug":"summer-contrast-2021-wywiad","status":"publish","type":"post","link":"https:\/\/goingapp.pl\/more\/summer-contrast-2021-wywiad\/","title":{"rendered":"&#8222;Wracamy do korzeni&#8221; &#8211; Hubert Czarny opowiada nam o Summer Contrast Festival 2021"},"content":{"rendered":"\n<h4 class=\"wp-block-heading\">Ruszy\u0142a sprzeda\u017c bilet\u00f3w na kolejn\u0105 edycj\u0119 Summer Contrast Festival. Je\u015bli interesuje Was zabawa przy porywaj\u0105cej muzyce elektronicznej w malowniczej le\u015bnej scenerii, rozwa\u017ccie wycieczk\u0119 do Rogalinka. Wi\u0119cej o przysz\u0142orocznej ods\u0142onie opowiedzia\u0142 nam jeden z organizator\u00f3w, Hubert Czarny. <\/h4>\n\n\n\n<p>Po\u0142o\u017cona w wojew\u00f3dztwie zachodnio-pomorskim wioska urzeka swoimi wyj\u0105tkowymi okoliczno\u015bciami przyrody. <strong>Festiwal odb\u0119dzie si\u0119 mi\u0119dzy 4 a 9 sierpnia na prywatnym ranczo usytuowanym tu\u017c przy rzece.<\/strong> Trwaj\u0105cy pi\u0119\u0107 dni event przemienia t\u0119 przestrze\u0144 w prawdziwe rozrywkowe El Dorado.<\/p>\n\n\n\n<figure class=\"wp-block-embed-youtube wp-block-embed is-type-video is-provider-youtube wp-embed-aspect-16-9 wp-has-aspect-ratio\"><div class=\"wp-block-embed__wrapper\">\n<iframe loading=\"lazy\"  id=\"_ytid_56335\"  width=\"1170\" height=\"658\"  data-origwidth=\"1170\" data-origheight=\"658\" src=\"https:\/\/www.youtube.com\/embed\/Ors4dWfSQNs?enablejsapi=1&#038;autoplay=0&#038;cc_load_policy=0&#038;cc_lang_pref=&#038;iv_load_policy=1&#038;loop=0&#038;modestbranding=0&#038;rel=1&#038;fs=1&#038;playsinline=0&#038;autohide=2&#038;theme=dark&#038;color=red&#038;controls=1&#038;\" class=\"__youtube_prefs__  epyt-is-override  no-lazyload\" title=\"YouTube player\"  allow=\"fullscreen; accelerometer; autoplay; clipboard-write; encrypted-media; gyroscope; picture-in-picture\" allowfullscreen data-no-lazy=\"1\" data-skipgform_ajax_framebjll=\"\"><\/iframe>\n<\/div><\/figure>\n\n\n\n<p><strong>Summer Contrast Festival to a\u017c pi\u0119\u0107 scen, kt\u00f3re ugoszcz\u0105 znanych mi\u0119dzynarodowych i lokalnych artyst\u00f3w.<\/strong> Kr\u00f3lowa\u0107 b\u0119dzie oczywi\u015bcie muzyka elektroniczna, ale szeroki przekr\u00f3j gatunkowy (w tym m. in. drum and bass, techno, minimal i house) powinien sprawi\u0107, \u017ce ka\u017cdy znajdzie tu co\u015b dla siebie. W ramach poprzednich edycji festiwal go\u015bci\u0142 takie tuzy jak <strong>Acid Pauli<\/strong>, <strong>Extrawelt <\/strong>czy <strong>Britta Arnold <\/strong>&#8211; o muzyczn\u0105 jako\u015b\u0107 nie ma wi\u0119c si\u0119 co martwi\u0107.<\/p>\n\n\n\n<figure class=\"wp-block-image size-large\"><img loading=\"lazy\" decoding=\"async\" width=\"1024\" height=\"768\" src=\"https:\/\/goingapp.pl\/more\/wp-content\/uploads\/2020\/12\/summer-1024x768.jpg\" alt=\"\" class=\"wp-image-36130\" srcset=\"https:\/\/goingapp.pl\/more\/wp-content\/uploads\/2020\/12\/summer-1024x768.jpg 1024w, https:\/\/goingapp.pl\/more\/wp-content\/uploads\/2020\/12\/summer-300x225.jpg 300w, https:\/\/goingapp.pl\/more\/wp-content\/uploads\/2020\/12\/summer-768x576.jpg 768w, https:\/\/goingapp.pl\/more\/wp-content\/uploads\/2020\/12\/summer-370x278.jpg 370w, https:\/\/goingapp.pl\/more\/wp-content\/uploads\/2020\/12\/summer-800x600.jpg 800w, https:\/\/goingapp.pl\/more\/wp-content\/uploads\/2020\/12\/summer-20x15.jpg 20w, https:\/\/goingapp.pl\/more\/wp-content\/uploads\/2020\/12\/summer-185x139.jpg 185w, https:\/\/goingapp.pl\/more\/wp-content\/uploads\/2020\/12\/summer-740x555.jpg 740w, https:\/\/goingapp.pl\/more\/wp-content\/uploads\/2020\/12\/summer-400x300.jpg 400w, https:\/\/goingapp.pl\/more\/wp-content\/uploads\/2020\/12\/summer-64x48.jpg 64w\" sizes=\"(max-width: 1024px) 100vw, 1024px\" \/><figcaption>mat. promocyjne Summer Contrast Festival<\/figcaption><\/figure>\n\n\n\n<p>Jak pisz\u0105 organizatorzy: <strong>&#8222;Summer Contrast dedykujemy wszystkim fanom szeroko poj\u0119tej sztuki<\/strong>&#8222;. Nale\u017cy pami\u0119ta\u0107, \u017ce wydarzenie to nie skupia si\u0119 tylko i wy\u0142\u0105cznie na muzyce. Festiwalowicze i festiwalowiczki dostaj\u0105 mo\u017cliwo\u015b\u0107 wzi\u0119cia udzia\u0142u w ca\u0142ym szeregu przer\u00f3\u017cnych atrakcji, w tym warsztat\u00f3w, zaj\u0119\u0107 grupowych i paneli dyskusyjnych. Dzi\u0119ki temu proces regeneracji po nocnych wra\u017ceniach powinien przebiega\u0107 znacznie szybciej i przyjemniej. <strong>Wi\u0119cej o przysz\u0142orocznej edycji <a href=\"https:\/\/goingapp.pl\/wydarzenie\/summer-contrast-festival-2022\/lipiec-2022\">Summer Contrast Festival<\/a> opowiedzia\u0142 nam jego organizator i dyrektor artystyczny, Hubert Czarny. <\/strong><\/p>\n\n\n\n<p><strong>W nazwie tegorocznej edycji widnieje zwrot &#8222;Back To The Roots&#8221;. Co stoi za tym has\u0142em?<\/strong><\/p>\n\n\n\n<p><em>Z roku na rok program festiwalu delikatnie si\u0119 zmienia\u0142. Starali\u015bmy si\u0119 \u015bci\u0105ga\u0107 artyst\u00f3w, kt\u00f3rzy w naszym kraju nie grali, wschodz\u0105ce gwiazdy oraz nowe style, takie jak na przyk\u0142ad modne w ostatnim czasie &#8221;orientale&#8221;. <strong>W tym roku wracamy do korzeni czyli: techno \/ minimall a na scenie psy trance&nbsp; goa.<\/strong><br><\/em><\/p>\n\n\n\n<figure class=\"wp-block-embed-youtube wp-block-embed is-type-video is-provider-youtube wp-embed-aspect-16-9 wp-has-aspect-ratio\"><div class=\"wp-block-embed__wrapper\">\n<iframe loading=\"lazy\"  id=\"_ytid_78597\"  width=\"1170\" height=\"658\"  data-origwidth=\"1170\" data-origheight=\"658\" src=\"https:\/\/www.youtube.com\/embed\/wiL_EnLSUdg?enablejsapi=1&#038;autoplay=0&#038;cc_load_policy=0&#038;cc_lang_pref=&#038;iv_load_policy=1&#038;loop=0&#038;modestbranding=0&#038;rel=1&#038;fs=1&#038;playsinline=0&#038;autohide=2&#038;theme=dark&#038;color=red&#038;controls=1&#038;\" class=\"__youtube_prefs__  epyt-is-override  no-lazyload\" title=\"YouTube player\"  allow=\"fullscreen; accelerometer; autoplay; clipboard-write; encrypted-media; gyroscope; picture-in-picture\" allowfullscreen data-no-lazy=\"1\" data-skipgform_ajax_framebjll=\"\"><\/iframe>\n<\/div><\/figure>\n\n\n\n<p><strong>Wiemy, \u017ce na festiwalu znajdzie si\u0119 5 r\u00f3\u017cnych scen. Czy mo\u017cemy dowiedzie\u0107 si\u0119 o nich czego\u015b wi\u0119cej?<\/strong><\/p>\n\n\n\n<p><em>Przede wszystkim&nbsp;ca\u0142y teren festiwalu zostaje przesuni\u0119ty w g\u0142\u0105b dzia\u0142ki, na kt\u00f3rej si\u0119 odbywa. Scena g\u0142\u00f3wna przenosi si\u0119 r\u00f3wnie\u017c spod d\u0119bu, sprawiaj\u0105c, \u017ce tamten teren przemieni si\u0119 w stref\u0119 chilloutowo-spacerow\u0105. W przysz\u0142ym roku spotykamy&nbsp;si\u0119 na scenie chillout&#8217; owej&nbsp;przylegaj\u0105cej do chilli villi, na kt\u00f3rej zagoszcz\u0105 ambienty oraz muzyka down tempo. Nast\u0119pnie nad rzek\u0105 odpalamy scen\u0119 dzienn\u0105 przylegaj\u0105c\u0105 do naturalnego k\u0105pieliska, gdzie b\u0119dziemy mogli us\u0142ysze\u0107 s\u0142oneczny tech house \/ deep house oraz oriental. <strong>G\u0142\u00f3wn\u0105 scen\u0119 natomiast umiejscawiamy mi\u0119dzy drzewami w okolicznym lesie. Na przysz\u0142orocznym mainie szykujemy specjalny pokaz audiowizualny. <\/strong>\u015aci\u0105gamy r\u00f3wnie\u017c \u015bmietank\u0119 artyst\u00f3w reprezentuj\u0105cych gatunki techno oraz minimal. Scena psychodeliczna czyli Shroom Stage &#8221;schodzi z tonu&#8221; i w tym roku zaserwuje &#8221;goa psytrance&#8221;<\/em><\/p>\n\n\n\n<figure class=\"wp-block-embed-youtube wp-block-embed is-type-video is-provider-youtube wp-embed-aspect-16-9 wp-has-aspect-ratio\"><div class=\"wp-block-embed__wrapper\">\n<iframe loading=\"lazy\"  id=\"_ytid_43891\"  width=\"1170\" height=\"658\"  data-origwidth=\"1170\" data-origheight=\"658\" src=\"https:\/\/www.youtube.com\/embed\/oBkNKJGU_rg?enablejsapi=1&#038;autoplay=0&#038;cc_load_policy=0&#038;cc_lang_pref=&#038;iv_load_policy=1&#038;loop=0&#038;modestbranding=0&#038;rel=1&#038;fs=1&#038;playsinline=0&#038;autohide=2&#038;theme=dark&#038;color=red&#038;controls=1&#038;\" class=\"__youtube_prefs__  epyt-is-override  no-lazyload\" title=\"YouTube player\"  allow=\"fullscreen; accelerometer; autoplay; clipboard-write; encrypted-media; gyroscope; picture-in-picture\" allowfullscreen data-no-lazy=\"1\" data-skipgform_ajax_framebjll=\"\"><\/iframe>\n<\/div><\/figure>\n\n\n\n<p><strong>Summer&nbsp;Contrast Festival to nie tylko muzyka. Czego mo\u017cemy si\u0119 spodziewa\u0107 poza koncertami?<\/strong><\/p>\n\n\n\n<p><em>Przede wszystkim&nbsp;mo\u017cemy si\u0119 spodziewa\u0107 rodzinnej atmosfery. Tegoroczny program muzyczny k\u0142adzie nacisk na artyst\u00f3w, kt\u00f3rzy inspirowali nas przy tworzeniu festiwalu, aczkolwiek zdecydowanie dodamy par\u0119 smaczk\u00f3w, kt\u00f3re utrzymaj\u0105 nasz\u0105 kuchni\u0119 muzyczn\u0105 w stylu fusion. Poza koncertami mo\u017cna liczy\u0107 na warsztaty. W przysz\u0142ym roku uruchomimy panel dyskusyjny oraz \u015bci\u0105gamy paru wyk\u0142adowc\u00f3w z bliskich nam dziedzin. Po za tym standardowo na miejscu b\u0119dzie mo\u017cna wzi\u0105\u0107 udzia\u0142 w zaj\u0119ciach z jogi, odda\u0107 si\u0119 koj\u0105cym masa\u017com, kupi\u0107 ciekawe r\u0119kodzie\u0142o.<br><\/em><\/p>\n\n\n\n<p><strong>Wasz wymarzony booking to&#8230;?&nbsp;<\/strong><\/p>\n\n\n\n<p><em>Shpongle&nbsp;Live oraz trio w sk\u0142adzie Leszek Mo\u017cd\u017cer, Zohar fresco, Lars Danielsson.&nbsp;<\/em><\/p>\n\n\n\n<p class=\"has-text-align-center has-background\" style=\"background-color:#ffee06\"><strong><a href=\"https:\/\/www.summercontrast.com\/tickets\" target=\"_blank\" rel=\"noopener\">Wi\u0119cej informacji o biletach na Summer Contrast znajdziecie tutaj. <\/a><\/strong><\/p>\n","protected":false},"excerpt":{"rendered":"<p>Ruszy\u0142a sprzeda\u017c bilet\u00f3w na kolejn\u0105 edycj\u0119 Summer Contrast Festival. Je\u015bli interesuje Was zabawa przy porywaj\u0105cej muzyce elektronicznej w malowniczej le\u015bnej scenerii, rozwa\u017ccie wycieczk\u0119 do Rogalinka. Wi\u0119cej o przysz\u0142orocznej ods\u0142onie opowiedzia\u0142 nam jeden z organizator\u00f3w, Hubert Czarny. Po\u0142o\u017cona w wojew\u00f3dztwie zachodnio-pomorskim wioska urzeka swoimi wyj\u0105tkowymi okoliczno\u015bciami przyrody. Festiwal odb\u0119dzie si\u0119 mi\u0119dzy 4 a 9 sierpnia na&hellip;<\/p>\n","protected":false},"author":5,"featured_media":37352,"comment_status":"closed","ping_status":"open","sticky":false,"template":"","format":"standard","meta":{"footnotes":"","_wpscppro_custom_social_share_image":0,"_facebook_share_type":"","_twitter_share_type":"","_linkedin_share_type":"","_pinterest_share_type":"","_linkedin_share_type_page":"","_instagram_share_type":"","_selected_social_profile":[]},"categories":[28],"tags":[3273],"thb-sponsors":[],"class_list":["post-36125","post","type-post","status-publish","format-standard","has-post-thumbnail","hentry","category-opinie","tag-more","parent_cat_opinie"],"publishpress_future_action":{"enabled":false,"date":"2026-05-08 09:21:18","action":"change-status","newStatus":"draft","terms":[],"taxonomy":"category"},"publishpress_future_workflow_manual_trigger":{"enabledWorkflows":[]},"_links":{"self":[{"href":"https:\/\/goingapp.pl\/more\/wp-json\/wp\/v2\/posts\/36125"}],"collection":[{"href":"https:\/\/goingapp.pl\/more\/wp-json\/wp\/v2\/posts"}],"about":[{"href":"https:\/\/goingapp.pl\/more\/wp-json\/wp\/v2\/types\/post"}],"author":[{"embeddable":true,"href":"https:\/\/goingapp.pl\/more\/wp-json\/wp\/v2\/users\/5"}],"replies":[{"embeddable":true,"href":"https:\/\/goingapp.pl\/more\/wp-json\/wp\/v2\/comments?post=36125"}],"version-history":[{"count":18,"href":"https:\/\/goingapp.pl\/more\/wp-json\/wp\/v2\/posts\/36125\/revisions"}],"predecessor-version":[{"id":66593,"href":"https:\/\/goingapp.pl\/more\/wp-json\/wp\/v2\/posts\/36125\/revisions\/66593"}],"wp:featuredmedia":[{"embeddable":true,"href":"https:\/\/goingapp.pl\/more\/wp-json\/wp\/v2\/media\/37352"}],"wp:attachment":[{"href":"https:\/\/goingapp.pl\/more\/wp-json\/wp\/v2\/media?parent=36125"}],"wp:term":[{"taxonomy":"category","embeddable":true,"href":"https:\/\/goingapp.pl\/more\/wp-json\/wp\/v2\/categories?post=36125"},{"taxonomy":"post_tag","embeddable":true,"href":"https:\/\/goingapp.pl\/more\/wp-json\/wp\/v2\/tags?post=36125"},{"taxonomy":"thb-sponsors","embeddable":true,"href":"https:\/\/goingapp.pl\/more\/wp-json\/wp\/v2\/thb-sponsors?post=36125"}],"curies":[{"name":"wp","href":"https:\/\/api.w.org\/{rel}","templated":true}]}}