{"id":47008,"date":"2021-04-28T13:41:59","date_gmt":"2021-04-28T11:41:59","guid":{"rendered":"http:\/\/goingapp.pl\/more\/?p=47008"},"modified":"2024-03-22T15:53:21","modified_gmt":"2024-03-22T14:53:21","slug":"konferencja-premiera-28-kwietnia-odwilz-koncerty-wracaja-news","status":"publish","type":"post","link":"https:\/\/goingapp.pl\/more\/konferencja-premiera-28-kwietnia-odwilz-koncerty-wracaja-news\/","title":{"rendered":"NO DOBRA, TERAZ TO JU\u017b NA PEWNO WRACAJ\u0104! Optymistyczne wie\u015bci koncertowo-imprezowe"},"content":{"rendered":"\n<h4 class=\"wp-block-heading\">Na to chyba czekali wszyscy. Po maj\u00f3wce zapowiada si\u0119 d\u0142ugo wyczekiwana odwil\u017c. Muzea, galerie, kina i teatry wracaj\u0105 w maju! Mo\u017cliwe, \u017ce ju\u017c nied\u0142ugo b\u0119dziemy mogli si\u0119 bawi\u0107 na koncertach.<\/h4>\n\n\n\n<h2 class=\"wp-block-heading\"><\/h2>\n\n\n\n<h2 class=\"wp-block-heading\"><\/h2>\n\n\n\n<h2 class=\"wp-block-heading\"><\/h2>\n\n\n\n<p>Jeszcze niedawno w ramach <a href=\"https:\/\/goingapp.pl\/more\/going-soon-widzimy-sie-pod-scena-konkurs\/\">akcji Going. SOON<\/a> przypominali\u015bmy sobie, jak to by\u0142o na koncertach i imprezach. Nostalgiczna podr\u00f3\u017c zawiod\u0142a nas a\u017c do kultowych fotek z najbardziej obleganych i s\u0142awnych miejsc\u00f3wek, gzie mogli\u015bmy fantazjowa\u0107 o tym,<a href=\"https:\/\/goingapp.pl\/more\/zdjecia-imprezy-koncerty\/\"> jak to jest by\u0107 Bianc\u0105 Jagger w Studio 54<\/a>. Czy te wspomnienia mog\u0105 sta\u0107 si\u0119 rzeczywisto\u015bci\u0105? Wiele wskazuje na to, \u017ce tak. I to jeszcze w maju! <\/p>\n\n\n\n<h2 class=\"wp-block-heading\"><\/h2>\n\n\n\n<h2 class=\"wp-block-heading\"><\/h2>\n\n\n\n<h2 class=\"wp-block-heading\"><\/h2>\n\n\n\n<p>Dzisiejsza konferencja premiera nie pozostawia w\u0105tpliwo\u015bci, \u017ce <strong>\u017cycie kulturalne wraz z ko\u0144cem maj\u00f3wki b\u0119dzie prze\u017cywa\u0107 sw\u00f3j renesans<\/strong>. Od 4 maja b\u0119dziemy mogli odwiedzi\u0107 muzea i galerie, a ju\u017c od po\u0142owy miesi\u0105ca obejrze\u0107 film czy spektakl w kinach i tetrach. Oczywi\u015bcie na pierwszy rzut id\u0105 wszystkie plenerowe inicjatywy, w drugiej po\u0142owie miesi\u0105ca mo\u017cemy liczy\u0107 nq<\/p>\n\n\n\n<h2 class=\"wp-block-heading\"><\/h2>\n\n\n\n<h2 class=\"wp-block-heading\"><\/h2>\n\n\n\n<h2 class=\"wp-block-heading\"><\/h2>\n\n\n\n<p><strong>Po bardzo d\u0142ugim okresie zamkni\u0119cia otworz\u0105 si\u0119 m.in. restauracje.<\/strong> Najpierw, powoli, od 15 maja, w formie zewn\u0119trznych ogr\u00f3dk\u00f3w. P\u00f3\u017aniej, od 29 maja, zje\u015b\u0107 b\u0119dziemy mogli wewn\u0105trz naszych ulubionych knajp i lokali (<strong><a href=\"https:\/\/goingapp.pl\/more\/going-omnomnom-x-mlodsza-siostra-wywiad-michal-grochowiak\/\">M\u0142odsza Siostro! Oto nadchodzimy!<\/a><\/strong>). Czy nie pi\u0119knie b\u0119dzie usi\u0105\u015b\u0107 w pe\u0142nym s\u0142o\u0144cu w<strong> pog\u0142osowej Fali nad Wis\u0142\u0105<\/strong>? Ekipa nadwi\u015bla\u0144skiej miejsc\u00f3wki ju\u017c zapowiada plenerowe otwarcie. <\/p>\n\n\n\n<h2 class=\"wp-block-heading\"><\/h2>\n\n\n\n<h2 class=\"wp-block-heading\"><\/h2>\n\n\n\n<h2 class=\"wp-block-heading\"><\/h2>\n\n\n\n<center><iframe loading=\"lazy\" src=\"https:\/\/www.facebook.com\/plugins\/post.php?href=https%3A%2F%2Fwww.facebook.com%2Ffalapawilon%2Fposts%2F946096329469219&amp;width=500&amp;show_text=true&amp;height=646&amp;appId\" width=\"500\" height=\"646\" style=\"border:none;overflow:hidden\" scrolling=\"no\" frameborder=\"0\" allowfullscreen=\"true\" allow=\"autoplay; clipboard-write; encrypted-media; picture-in-picture; web-share\"><\/iframe><\/center>\n\n\n\n<h2 class=\"wp-block-heading\"><\/h2>\n\n\n\n<h2 class=\"wp-block-heading\"><\/h2>\n\n\n\n<h2 class=\"wp-block-heading\"><\/h2>\n\n\n\n<p>Mo\u017ce ju\u017c nied\u0142ugo b\u0119dziemy si\u0119 bawi\u0107 przy muzyce od ulubionego dejota czy dejotki? A mo\u017ce uda nam si\u0119 wpa\u015b\u0107 na koncert ukochanego idola, np. naszej ulubienicy Beaty Kozidrak? <\/p>\n\n\n\n<h2 class=\"wp-block-heading\"><\/h2>\n\n\n\n<h2 class=\"wp-block-heading\"><\/h2>\n\n\n\n<h2 class=\"wp-block-heading\"><\/h2>\n\n\n\n<p><strong><em>Co z koncertami i festiwalami letnimi?<\/em> <\/strong>&#8211; pad\u0142o pytanie podczas konferencji ze strony Wirtualnej Polski. <\/p>\n\n\n\n<h2 class=\"wp-block-heading\"><\/h2>\n\n\n\n<h2 class=\"wp-block-heading\"><\/h2>\n\n\n\n<h2 class=\"wp-block-heading\"><\/h2>\n\n\n\n<p><em><strong>Od 15 maja dopuszczamy mo\u017cliwo\u015b\u0107 organizacji wydarze\u0144 kulturalnych na \u015bwie\u017cym powietrzu.<\/strong> Oczywi\u015bcie z zachowaniem re\u017cimu sanitarnego. Te imprezy musz\u0105 si\u0119 wpisywa\u0107 w te w\u0142a\u015bnie wyznaczniki czy standardy, kt\u00f3re na t\u0119 chwil\u0119 proponujemy dla kultury<\/em> &#8211; powiedzia\u0142 minister Niedzielski. <\/p>\n\n\n\n<h2 class=\"wp-block-heading\"><\/h2>\n\n\n\n<h2 class=\"wp-block-heading\"><\/h2>\n\n\n\n<h2 class=\"wp-block-heading\"><\/h2>\n\n\n<p><center><iframe loading=\"lazy\" src=\"https:\/\/www.facebook.com\/plugins\/video.php?height=314&#038;href=https%3A%2F%2Fwww.facebook.com%2Fgoingapp%2Fvideos%2F190717366172825%2F&#038;show_text=false&#038;width=560\" width=\"100%\" height=\"450\" style=\"border:none;overflow:hidden\" scrolling=\"no\" frameborder=\"0\" allowfullscreen=\"true\" allow=\"autoplay; clipboard-write; encrypted-media; picture-in-picture; web-share\" allowFullScreen=\"true\"><\/iframe><\/center><\/p>\n\n\n\n<h2 class=\"wp-block-heading\"><\/h2>\n\n\n\n<h2 class=\"wp-block-heading\"><\/h2>\n\n\n\n<h2 class=\"wp-block-heading\"><\/h2>\n\n\n\n<p>Sezon letni nadal stoi jeszcze pod znakiem zapytania &#8211; tu rz\u0105d pozostawi\u0142 sobie czas na decyzj\u0119. Wszystko zale\u017ce\u0107 b\u0119dzie od ilo\u015bci zachorowa\u0144 w okresie nadchodz\u0105cych wakacji. Przy dobrych wiatrach ju\u017c nied\u0142ugo b\u0119dziemy mogli znowu odwiedzi\u0107 warszawsk\u0105 <a href=\"https:\/\/goingapp.pl\/more\/lato-na-pradze-ogloszenie-praga-centrum-sanah-rosalie-eabs\/\"><strong>Prag\u0119 Centrum<\/strong> w ramach cyklu <strong>Lato na Pradze<\/strong><\/a>, lub kilka rozsianych po ca\u0142ej Polsce miejsc\u00f3wek, gdzie odb\u0119d\u0105 si\u0119 <a href=\"https:\/\/goingapp.pl\/more\/lato-w-plenerze-pierwsze-ogloszenie-krol-paluch\/\">koncerty z cyklu <strong>Lato w Plenerze<\/strong><\/a>. Ten ostatni mo\u017cecie sprawdzi\u0107 pod k\u0105tem Waszego znaku zodiaku &#8211; <a href=\"https:\/\/goingapp.pl\/more\/zodiakary-lato-w-plenerze-horoskop-koncertowy-zabson-mery-spolsky-paluch\/\">goingowe zodiakary przygotowa\u0142y specjalny koncertowy horoskop<\/a>! A je\u015bli nie koncerty, to mo\u017ce plenerowe festiwale? Tu te\u017c gwiazdy powiedzia\u0142y, co wiedzia\u0142y i tak powsta\u0142<a href=\"https:\/\/goingapp.pl\/more\/festiwalowy-kalendarz-zodiakary-festiwale-na-kazdy-znak-zodiaku\/\"> astrologiczny przewodnik dla rejwer\u00f3w i rejwerek<\/a>. <\/p>\n\n\n\n<h2 class=\"wp-block-heading\"><\/h2>\n\n\n\n<h2 class=\"wp-block-heading\"><\/h2>\n\n\n\n<h2 class=\"wp-block-heading\"><\/h2>\n\n\n<p><center><iframe loading=\"lazy\" width=\"100%\" height=\"450\" src=\"https:\/\/www.youtube.com\/embed\/-2aHSbZ9p0U\" title=\"YouTube video player\" frameborder=\"0\" allow=\"accelerometer; autoplay; clipboard-write; encrypted-media; gyroscope; picture-in-picture\" allowfullscreen=\"\"><\/iframe><\/center><\/p>\n\n\n\n<h2 class=\"wp-block-heading\"><\/h2>\n\n\n\n<h2 class=\"wp-block-heading\"><\/h2>\n\n\n\n<h2 class=\"wp-block-heading\"><\/h2>\n\n\n\n<p>A je\u015bli jeste\u015bcie po prostu wyg\u0142odniali plenerk\u00f3w, obczajcie nasz\u0105 <a href=\"https:\/\/goingapp.pl\/more\/plenerowe-fomo-5-letnich-miejscowek-na-ktorych-otwarcie-czekamy-lunapark-wyspa-tamka\/\">topk\u0119 lokali pod chmurk\u0105, na kt\u00f3rych otwarcie czekamy<\/a>. <strong>Letnie FOMO <\/strong>b\u0119dziemy leczy\u0107 na bie\u017c\u0105co, dostarczaj\u0105c Wam kolejne polecajki z miejsc\u00f3wkami na wolnym powietrzu. Zw\u0142aszcza, \u017ce <strong>od 15 maja zostanie zniesiony obowi\u0105zek noszenia maseczek na zewn\u0105trz. <\/strong><\/p>\n\n\n\n<h2 class=\"wp-block-heading\"><\/h2>\n\n\n\n<h2 class=\"wp-block-heading\"><\/h2>\n\n\n\n<h2 class=\"wp-block-heading\"><\/h2>\n\n\n\n<p>To oznacza o wiele wi\u0119ksz\u0105 swobod\u0119 &#8211; oczywi\u015bcie przy zachowaniu re\u017cimu sanitarnego.   W perspektywie &#8211; odbycie si\u0119 planowanych na lato imprez i festiwali. <\/p>\n\n\n\n<h2 class=\"wp-block-heading\"><\/h2>\n\n\n\n<h2 class=\"wp-block-heading\"><\/h2>\n\n\n\n<h2 class=\"wp-block-heading\"><\/h2>\n\n\n\n<p class=\"has-text-align-center has-background\" style=\"background-color:#fff900\"><strong><a href=\"https:\/\/goingapp.pl\/\">A bilety na nie wszystkie z\u0142apiecie w Going. <\/a><\/strong><\/p>\n","protected":false},"excerpt":{"rendered":"<p>Na to chyba czekali wszyscy. Po maj\u00f3wce zapowiada si\u0119 d\u0142ugo wyczekiwana odwil\u017c. Muzea, galerie, kina i teatry wracaj\u0105 w maju! Mo\u017cliwe, \u017ce ju\u017c nied\u0142ugo b\u0119dziemy mogli si\u0119 bawi\u0107 na koncertach. Jeszcze niedawno w ramach akcji Going. SOON przypominali\u015bmy sobie, jak to by\u0142o na koncertach i imprezach. Nostalgiczna podr\u00f3\u017c zawiod\u0142a nas a\u017c do kultowych fotek z&hellip;<\/p>\n","protected":false},"author":12,"featured_media":47045,"comment_status":"closed","ping_status":"open","sticky":false,"template":"","format":"standard","meta":{"footnotes":"","_wpscppro_custom_social_share_image":0,"_facebook_share_type":"","_twitter_share_type":"","_linkedin_share_type":"","_pinterest_share_type":"","_linkedin_share_type_page":"","_instagram_share_type":"","_selected_social_profile":[]},"categories":[29],"tags":[170,3538,3505,4689,3273,3592,1765,4300],"thb-sponsors":[],"class_list":["post-47008","post","type-post","status-publish","format-standard","has-post-thumbnail","hentry","category-news","tag-koncert","tag-koncerty","tag-lato-na-pradze","tag-lato-w-plenerze","tag-more","tag-plener","tag-praga-centrum","tag-premier-morawiecki","parent_cat_news"],"publishpress_future_action":{"enabled":false,"date":"2026-05-06 21:19:08","action":"change-status","newStatus":"draft","terms":[],"taxonomy":"category"},"publishpress_future_workflow_manual_trigger":{"enabledWorkflows":[]},"_links":{"self":[{"href":"https:\/\/goingapp.pl\/more\/wp-json\/wp\/v2\/posts\/47008"}],"collection":[{"href":"https:\/\/goingapp.pl\/more\/wp-json\/wp\/v2\/posts"}],"about":[{"href":"https:\/\/goingapp.pl\/more\/wp-json\/wp\/v2\/types\/post"}],"author":[{"embeddable":true,"href":"https:\/\/goingapp.pl\/more\/wp-json\/wp\/v2\/users\/12"}],"replies":[{"embeddable":true,"href":"https:\/\/goingapp.pl\/more\/wp-json\/wp\/v2\/comments?post=47008"}],"version-history":[{"count":29,"href":"https:\/\/goingapp.pl\/more\/wp-json\/wp\/v2\/posts\/47008\/revisions"}],"predecessor-version":[{"id":47053,"href":"https:\/\/goingapp.pl\/more\/wp-json\/wp\/v2\/posts\/47008\/revisions\/47053"}],"wp:featuredmedia":[{"embeddable":true,"href":"https:\/\/goingapp.pl\/more\/wp-json\/wp\/v2\/media\/47045"}],"wp:attachment":[{"href":"https:\/\/goingapp.pl\/more\/wp-json\/wp\/v2\/media?parent=47008"}],"wp:term":[{"taxonomy":"category","embeddable":true,"href":"https:\/\/goingapp.pl\/more\/wp-json\/wp\/v2\/categories?post=47008"},{"taxonomy":"post_tag","embeddable":true,"href":"https:\/\/goingapp.pl\/more\/wp-json\/wp\/v2\/tags?post=47008"},{"taxonomy":"thb-sponsors","embeddable":true,"href":"https:\/\/goingapp.pl\/more\/wp-json\/wp\/v2\/thb-sponsors?post=47008"}],"curies":[{"name":"wp","href":"https:\/\/api.w.org\/{rel}","templated":true}]}}