{"id":5851,"date":"2019-02-08T11:13:04","date_gmt":"2019-02-08T10:13:04","guid":{"rendered":"https:\/\/goingapp.pl\/more\/?p=5851"},"modified":"2024-03-22T15:17:49","modified_gmt":"2024-03-22T14:17:49","slug":"nasi-ludzie-tattoo-konwent","status":"publish","type":"post","link":"https:\/\/goingapp.pl\/more\/nasi-ludzie-tattoo-konwent\/","title":{"rendered":"Nasi Ludzie: Tattoo Konwent"},"content":{"rendered":"\n<h4 class=\"wp-block-heading\">Pozna\u0144 Tattoo Konwent odb\u0119dzie si\u0119 po raz czwarty. Spodziewajcie si\u0119 znakomitych artyst\u00f3w, elektryzuj\u0105cych koncert\u00f3w i d\u0142ugich godzin wype\u0142nionych rywalizacj\u0105, rozrywk\u0105 i rodzinn\u0105 atmosfer\u0105.<\/h4>\n\n\n\n<p style=\"font-size:17px\" class=\"has-text-color has-very-dark-gray-color\">W ramach cyklu <strong>Nasi Ludzie<\/strong> porozmawiali\u015bmy z organizatorami <strong>Tattoo Konwent &#8211; Marcinem Pacze\u015bnym i Micha\u0142em Nowakowskim<\/strong>, kt\u00f3rzy wyja\u015bniaj\u0105, o co w tym ca\u0142ym \u015bwi\u0119cie tatua\u017cu chodzi!<\/p>\n\n\n<p><script type=\"text\/javascript\" data-cfasync=\"false\" src=\"https:\/\/goingapp.pl\/plugins\/going\/events\/assets\/js\/embed\/out\/gi.min.js?ver=1\"><\/script> <\/p>\n<div class=\"going_frame\" data-id=\"2085034\"><\/div>\n\n\n\n<div class=\"wp-block-image\"><figure class=\"aligncenter is-resized\"><img loading=\"lazy\" decoding=\"async\" src=\"http:\/\/goingapp.pl\/more\/wp-content\/uploads\/2019\/02\/foto-Marta-Wujek-1024x683.jpg\" alt=\"Tattoo Konwent\" class=\"wp-image-6896\" width=\"637\" height=\"424\" srcset=\"https:\/\/goingapp.pl\/more\/wp-content\/uploads\/2019\/02\/foto-Marta-Wujek-1024x683.jpg 1024w, https:\/\/goingapp.pl\/more\/wp-content\/uploads\/2019\/02\/foto-Marta-Wujek-300x200.jpg 300w\" sizes=\"(max-width: 637px) 100vw, 637px\" \/><figcaption>fot. Marta Wujek<\/figcaption><\/figure><\/div>\n\n\n\n<p style=\"font-size:17px\" class=\"has-text-color has-very-dark-gray-color\"><strong>Jak opisaliby\u015bcie swoj\u0105 inicjatyw\u0119 &#8211; w jakich okoliczno\u015bciach powsta\u0142a, jaka jest idea, cel i za\u0142o\u017cenia? <\/strong><\/p>\n\n\n\n<p style=\"font-size:17px\" class=\"has-text-color has-very-dark-gray-color\"><strong>Marcin Pacze\u015bny:<\/strong> <strong>Tattoo Konwent<\/strong> to znany festiwal tatua\u017cu artystycznego &#8211; najwi\u0119kszy w tej cz\u0119\u015bci Europy cykl imprez tego rodzaju. Gdy <strong>w 2009 roku w Gda\u0144sku odby\u0142a si\u0119 pierwsza edycja eventu<\/strong>, salon\u00f3w tatua\u017cu w Polsce by\u0142o znacznie mniej. Poprzez konwencj\u0119 chcieli\u015bmy w jednym miejscu po\u0142\u0105czy\u0107 mi\u0142o\u015bnik\u00f3w ozdabiania cia\u0142a i najbardziej utalentowanych artyst\u00f3w z r\u00f3\u017cnych zak\u0105tk\u00f3w kraju. Mo\u017cna wi\u0119c \u015bmia\u0142o powiedzie\u0107, \u017ce tworzyli\u015bmy scen\u0119 tatua\u017cu, z jak\u0105 mamy do czynienia obecnie. Przez lata festiwal zmienia\u0142 si\u0119, a nasze za\u0142o\u017cenia i misje ewoluowa\u0142y. Udowadniamy, \u017ce tatua\u017c jest sztuk\u0105 i w ten spos\u00f3b zmieniamy spo\u0142eczne postrzeganie tej formy wyra\u017cania siebie. <\/p>\n\n\n\n<p style=\"font-size:17px\" class=\"has-text-color has-very-dark-gray-color\"><strong>Czym si\u0119 kierujecie dobieraj\u0105c artyst\u00f3w na wasze konwenty? <\/strong><\/p>\n\n\n\n<p style=\"font-size:17px\" class=\"has-text-color has-very-dark-gray-color\">MP: Tattoo Konwent to impreza zar\u00f3wno dla mi\u0142o\u015bnik\u00f3w tatua\u017cu, jak i dla samych tatuator\u00f3w. Staramy si\u0119 by\u0107 jak najbardziej otwarci, dlatego niemal ka\u017cde studio mo\u017ce wystawi\u0107 si\u0119 na naszej imprezie. Dzi\u0119ki temu, odwiedzaj\u0105cy o r\u00f3\u017cnych gustach i indywidualnych preferencjach znajd\u0105 na konwencie artyst\u00f3w, kt\u00f3rzy ich zainteresuj\u0105. <\/p>\n\n\n\n<p style=\"font-size:17px\" class=\"has-text-color has-very-dark-gray-color\"><strong> Z jakich wydarze\u0144 do tej pory jeste\u015bcie najbardziej dumni, jaka edycja najbardziej zapad\u0142a wam w pami\u0119\u0107 i dlaczego? <\/strong><\/p>\n\n\n\n<p style=\"font-size:17px\" class=\"has-text-color has-very-dark-gray-color\"><strong>Micha\u0142 Nowakowski: <\/strong>Ci\u0119\u017cko przywo\u0142ywa\u0107 jeden przyk\u0142ad, bo nieskromnie m\u00f3wi\u0105c, mo\u017cemy pochwali\u0107 si\u0119 wieloma sukcesami. W kategorii inicjatyw, z kt\u00f3rych jeste\u015bmy dumni, znale\u017a\u0107 si\u0119 musz\u0105 nasze edycje tematyczne \u2013 kierowanych do os\u00f3b starszych czy rodzin z dzie\u0107mi. <strong>Super by\u0142o zobaczy\u0107 jak na nasz festiwal wpadaj\u0105 wydziarani seniorzy lub obserwowa\u0107, jak ich mniej ekstrawaganccy r\u00f3wie\u015bnicy kr\u0105\u017c\u0105 po evencie i przygl\u0105daj\u0105 si\u0119 tatua\u017com z zaciekawieniem.<\/strong> <strong>Podobnie z obserwowaniem dzieciak\u00f3w bawi\u0105cych si\u0119 na konwencie. Daje to nadziej\u0119, \u017ce ro\u015bnie nam pokolenie wolne od p\u0142ytkich uprzedze\u0144.<\/strong> W ramach dzia\u0142a\u0144 zwi\u0105zanych z naszym ubieg\u0142orocznym has\u0142em &#8211; \u201eDo\u0142\u0105cz do rodziny\u201d &#8211; <strong>na rzecz stowarzyszenia SOS Wioski Dzieci\u0119ce przekazali\u015bmy przesz\u0142o 16 000 z\u0142. <\/strong>Wtedy te\u017c odby\u0142a si\u0119 akcja \u201eDzieciaki dziaraj\u0105\u201d, w trakcie kt\u00f3rej tatuatorzy z Zajawa Tattoo przenosili na sk\u00f3r\u0119 rodzic\u00f3w rysunki ich dzieci. <\/p>\n\n\n\n<div class=\"wp-block-image\"><figure class=\"aligncenter is-resized\"><img loading=\"lazy\" decoding=\"async\" src=\"http:\/\/goingapp.pl\/more\/wp-content\/uploads\/2019\/02\/29355184_1626327264152029_697516276046681108_o-1024x681.jpg\" alt=\"Konwent Tattoo\" class=\"wp-image-5883\" width=\"638\" height=\"423\" srcset=\"https:\/\/goingapp.pl\/more\/wp-content\/uploads\/2019\/02\/29355184_1626327264152029_697516276046681108_o-1024x681.jpg 1024w, https:\/\/goingapp.pl\/more\/wp-content\/uploads\/2019\/02\/29355184_1626327264152029_697516276046681108_o-300x200.jpg 300w\" sizes=\"(max-width: 638px) 100vw, 638px\" \/><figcaption>fot. B.Modrzejewski<\/figcaption><\/figure><\/div>\n\n\n\n<p style=\"font-size:17px\" class=\"has-text-color has-very-dark-gray-color\">Ciesz\u0105 nas te\u017c &nbsp;rekordy frekwencji i w tej materii zawsze mo\u017cemy liczy\u0107 na Pozna\u0144! Z tego powodu w pami\u0119\u0107 zapad\u0142a nam na pewno pierwsza edycja w stolicy Wielkopolski, kt\u00f3r\u0105 odwiedzi\u0142a w\u00f3wczas historycznie rekordowa na polskie warunki liczba blisko 8 500 os\u00f3b. Zainteresowanie tatua\u017cem w\u015br\u00f3d Poznaniak\u00f3w stale ro\u015bnie&#8230; W ubieg\u0142ym roku by\u0142o ich jeszcze wi\u0119cej &#8211; 9 500. Liczymy, \u017ce rok 2019 te\u017c nas nie rozczaruje i tym razem <strong>przekroczymy magiczn\u0105 barier\u0119 10 000 odwiedzaj\u0105cych!<\/strong> <\/p>\n\n\n\n<p style=\"font-size:17px\" class=\"has-text-color has-very-dark-gray-color\"><strong>Jaka jest przysz\u0142o\u015b\u0107 waszego konwentu (w perspektywie 5-10 lat), co planujecie zmieni\u0107, mo\u017ce ulepszy\u0107? <\/strong><\/p>\n\n\n\n<p style=\"font-size:17px\" class=\"has-text-color has-very-dark-gray-color\"><strong>MN: <\/strong>Tattoo Konwent od lat si\u0119 rozwija, tak jak sztuka tatua\u017cu i bran\u017ca w Polsce. Chcemy wprowadza\u0107 powiew \u015bwie\u017co\u015bci do koncepcji konwentu tatua\u017cu. Zar\u00f3wno na \u015bwiecie, jak i w Polsce wszystkie konwencje realizowane s\u0105 wed\u0142ug podobnego schematu, kt\u00f3ry my od kilku lat rozwijamy, staraj\u0105c si\u0119 dostarcza\u0107 odwiedzaj\u0105cym wi\u0119cej nowych wra\u017ce\u0144&#8230; Nie mo\u017cemy wiele na t\u0119 chwil\u0119 zdradzi\u0107, ale od 2016 roku nie czuli\u015bmy takiego wyzwania je\u015bli chodzi o plany na najbli\u017cszy rok. Chcemy da\u0107 podwaliny pod kolejny kamie\u0144 milowy w historii imprez tattoo i rozwin\u0105\u0107 festiwal w stron\u0119, o kt\u00f3rej chyba nikt na \u015bwiecie jeszcze nie pomy\u015bla\u0142. Mog\u0119 obieca\u0107, \u017ce tegoroczne edycje zapadn\u0105 w pami\u0119\u0107 wszystkim, ale wi\u0119cej na ten temat dowiecie si\u0119, je\u015bli przyjedziecie na nasz event&#8230;<\/p>\n\n\n\n<div class=\"wp-block-image\"><figure class=\"aligncenter is-resized\"><img loading=\"lazy\" decoding=\"async\" src=\"http:\/\/goingapp.pl\/more\/wp-content\/uploads\/2019\/02\/29354857_1626329337485155_8308104245429940338_o-1024x681.jpg\" alt=\"Konwent Tattoo\" class=\"wp-image-5884\" width=\"636\" height=\"422\" srcset=\"https:\/\/goingapp.pl\/more\/wp-content\/uploads\/2019\/02\/29354857_1626329337485155_8308104245429940338_o-1024x681.jpg 1024w, https:\/\/goingapp.pl\/more\/wp-content\/uploads\/2019\/02\/29354857_1626329337485155_8308104245429940338_o-300x200.jpg 300w\" sizes=\"(max-width: 636px) 100vw, 636px\" \/><figcaption>fot. B.Modrzejewski<\/figcaption><\/figure><\/div>\n\n\n\n<div class=\"wp-block-image\"><figure class=\"aligncenter is-resized\"><img loading=\"lazy\" decoding=\"async\" src=\"http:\/\/goingapp.pl\/more\/wp-content\/uploads\/2019\/02\/DSC6919-1024x683.jpg\" alt=\"\" class=\"wp-image-6898\" width=\"642\" height=\"427\" srcset=\"https:\/\/goingapp.pl\/more\/wp-content\/uploads\/2019\/02\/DSC6919-1024x683.jpg 1024w, https:\/\/goingapp.pl\/more\/wp-content\/uploads\/2019\/02\/DSC6919-300x200.jpg 300w\" sizes=\"(max-width: 642px) 100vw, 642px\" \/><figcaption>fot. B. Modrzejewski<\/figcaption><\/figure><\/div>\n\n\n\n<p style=\"font-size:17px\" class=\"has-text-color has-very-dark-gray-color\"><strong>Podzielicie si\u0119 jak\u0105\u015b anegdot\u0105? Wymy\u015blne oczekiwania i fanaberie artyst\u00f3w, przygody z publik\u0105, zaskakuj\u0105ce zwroty akcji, przygody mro\u017c\u0105ce krew w \u017cy\u0142ach etc.?<\/strong><\/p>\n\n\n\n<p style=\"font-size:17px\" class=\"has-text-color has-very-dark-gray-color\"><strong>Micha\u0142 Nowakowski: <\/strong>Powiem szczerze, \u017ce przez tyle lat i blisko 30 edycji organizowanych przez t\u0119 sam\u0105, mocno odjechan\u0105 ekip\u0119 nazbiera\u0142o si\u0119 sporo anegdot, ale te najlepsze nie nadaj\u0105 si\u0119&nbsp;do publikacji.<\/p>\n\n\n\n<p style=\"font-size:17px\" class=\"has-text-color has-very-dark-gray-color\"><strong>Marcin Pacze\u015bny:<\/strong> Oczywi\u015bcie znajdzie si\u0119 kilka mniej hardkorowych akcji, kt\u00f3re wspominamy ze \u015bmiechem. Dla przyk\u0142adu: <strong>w ubieg\u0142ym roku w Poznaniu, odwiedzaj\u0105cy notorycznie mylili nasz event z odbywaj\u0105cymi si\u0119 obok targami kosmetyczno-fryzjerskimi. Dopiero w \u015brodku &#8211; ju\u017c po zakupieniu biletu &#8211; orientowali si\u0119, \u017ce pomylili imprezy.<\/strong> Na naszej imprezie pojawiaj\u0105 si\u0119 te\u017c oczywi\u015bcie osoby znane &#8211; palestra od rapu przez punk po elektronik\u0119. Na przyk\u0142ad popularny dzi\u015b raper <strong>\u017babson<\/strong> zrobi\u0142 sobie swoj\u0105 pierwsz\u0105 dziar\u0119 na Gda\u0144sk Tattoo Konwencie, gdzie by\u0142 jedn\u0105 z gwiazd wieczoru. Zdarzy\u0142o si\u0119 tak\u017ce, \u017ce reporter jednej z wi\u0119kszych stacji telewizyjnych spontanicznie zdecydowa\u0142 si\u0119 na tatuowanie w trakcie relacji live z Wroc\u0142aw Tattoo Konwent. To r\u00f3wnie\u017c by\u0142a jego pierwsza dziara. <\/p>\n\n\n\n<p style=\"font-size:17px\" class=\"has-text-color has-very-dark-gray-color\"><strong>Czym wasz konwent wyr\u00f3\u017cnia si\u0119 na tle innych, co jest w nim wyj\u0105tkowego?<\/strong><\/p>\n\n\n\n<p style=\"font-size:17px\" class=\"has-text-color has-very-dark-gray-color\"><strong>Micha\u0142 Nowakowski: <\/strong>Staramy si\u0119 poszerza\u0107 formu\u0142\u0119 typowej konwencji tatua\u017cu. Chyba dobrze nam idzie, bo widzimy, \u017ce inspirujemy tak\u017ce organizator\u00f3w innych event\u00f3w tego typu z naszego podw\u00f3rka. &nbsp;Aran\u017cujemy stref\u0119 mody i designu, customowej motoryzacji oraz inne przestrzenie tematyczne. Do tego dochodz\u0105 koncerty, pokazy, sety did\u017cejskie, festiwal foodtruck\u00f3w etc. W ramach wsp\u00f3\u0142pracy ze sponsorami <strong>wypu\u015bcili\u015bmy na przyk\u0142ad konwentowe piwo czy 5 kolekcji ciuch\u00f3w dost\u0119pnych w salonach w ca\u0142ej Polsce.<\/strong> Jak te\u017c wspomina\u0142em wcze\u015bniej, otwieramy si\u0119 na szerok\u0105 publiczno\u015b\u0107, dzia\u0142amy CSR-owo, prowadzamy sporo nowatorskich akcji towarzysz\u0105cych \u2013 na pewno jeste\u015bmy dumni z naszego autorskiego pomys\u0142u czyli<strong> \u201eDziarki w ciemno\u201d<\/strong>, w trakcie kt\u00f3rej znani arty\u015bci ukryci za kotar\u0105 tatuowali zwyci\u0119zc\u00f3w zorganizowanego przez nas konkursu. Ch\u0119tnych nie brakowa\u0142o, mimo \u017ce \u017caden z tatuowanych, a\u017c do ostatniej kreski nie wiedzia\u0142, co artysta utrwali\u0142 na jego ciele. <\/p>\n\n\n\n<div class=\"wp-block-image\"><figure class=\"aligncenter is-resized\"><img loading=\"lazy\" decoding=\"async\" src=\"http:\/\/goingapp.pl\/more\/wp-content\/uploads\/2019\/02\/29355214_1626329057485183_94027784610436353_o-1024x681.jpg\" alt=\"Konwent Tattoo\" class=\"wp-image-5885\" width=\"648\" height=\"430\" srcset=\"https:\/\/goingapp.pl\/more\/wp-content\/uploads\/2019\/02\/29355214_1626329057485183_94027784610436353_o-1024x681.jpg 1024w, https:\/\/goingapp.pl\/more\/wp-content\/uploads\/2019\/02\/29355214_1626329057485183_94027784610436353_o-300x200.jpg 300w\" sizes=\"(max-width: 648px) 100vw, 648px\" \/><figcaption>fot. B.Modrzejewski<\/figcaption><\/figure><\/div>\n\n\n\n<p style=\"font-size:17px\" class=\"has-text-color has-very-dark-gray-color\"><strong>Trzy has\u0142a, kt\u00f3re najlepiej was opisuj\u0105, to:<\/strong><\/p>\n\n\n\n<p style=\"font-size:17px\" class=\"has-text-color has-very-dark-gray-color\"><strong>Marcin Pacze\u015bny: <\/strong>Tattoo Konwent to: przede wszystkim <strong>RODZINA<\/strong> i <strong>EKIPA<\/strong>, zar\u00f3wno je\u015bli chodzi o to, \u017ce my jako organizatorzy jeste\u015bmy zgranym teamem, jak i to, \u017ce tworzymy wydarzenia dla wszystkich, a nie hermetycznego grona os\u00f3b zwi\u0105zanych z bran\u017c\u0105. Po drugie to <strong>ho\u0142d dla indywidualizmu<\/strong> &#8211; tworzymy ekosystem dla ludzi, kt\u00f3rzy nie boj\u0105&nbsp;si\u0119 wyra\u017ca\u0107 siebie. Po trzecie w ko\u0144cu, ale nie ostatnie &#8211; <strong>jest to \u015bwi\u0119to tatua\u017cu, muzyki i wszelkich przejaw\u00f3w kreatywno\u015bci.<\/strong><\/p>\n\n\n\n<p style=\"font-size:17px\" class=\"has-text-color has-very-dark-gray-color\">Pozna\u0144 Tattoo Konwent odb\u0119dzie si\u0119 w dniach <strong>6-7 kwietnia<\/strong> w hali <strong>MTP<\/strong>. Bilety na to wydarzenie dost\u0119pne s\u0105&nbsp;w <strong>Going.<\/strong>!<\/p>\n\n\n\n<p><br><\/p>\n\n\n\n<p><br><\/p>\n\n\n\n<p><br><\/p>\n","protected":false},"excerpt":{"rendered":"<p>Pozna\u0144 Tattoo Konwent odb\u0119dzie si\u0119 po raz czwarty. Spodziewajcie si\u0119 znakomitych artyst\u00f3w, elektryzuj\u0105cych koncert\u00f3w i d\u0142ugich godzin wype\u0142nionych rywalizacj\u0105, rozrywk\u0105 i rodzinn\u0105 atmosfer\u0105. W ramach cyklu Nasi Ludzie porozmawiali\u015bmy z organizatorami Tattoo Konwent &#8211; Marcinem Pacze\u015bnym i Micha\u0142em Nowakowskim, kt\u00f3rzy wyja\u015bniaj\u0105, o co w tym ca\u0142ym \u015bwi\u0119cie tatua\u017cu chodzi! Jak opisaliby\u015bcie swoj\u0105 inicjatyw\u0119 &#8211; w&hellip;<\/p>\n","protected":false},"author":3,"featured_media":6017,"comment_status":"open","ping_status":"open","sticky":false,"template":"","format":"standard","meta":{"footnotes":"","_wpscppro_custom_social_share_image":0,"_facebook_share_type":"","_twitter_share_type":"","_linkedin_share_type":"","_pinterest_share_type":"","_linkedin_share_type_page":"","_instagram_share_type":"","_selected_social_profile":[]},"categories":[28],"tags":[1480,94,1481],"thb-sponsors":[],"class_list":["post-5851","post","type-post","status-publish","format-standard","has-post-thumbnail","hentry","category-opinie","tag-konwent-tattoo","tag-nasi-ludzie","tag-poznan-tattoo-konwent","parent_cat_opinie"],"publishpress_future_action":{"enabled":false,"date":"2026-05-09 07:39:11","action":"change-status","newStatus":"draft","terms":[],"taxonomy":"category"},"publishpress_future_workflow_manual_trigger":{"enabledWorkflows":[]},"_links":{"self":[{"href":"https:\/\/goingapp.pl\/more\/wp-json\/wp\/v2\/posts\/5851"}],"collection":[{"href":"https:\/\/goingapp.pl\/more\/wp-json\/wp\/v2\/posts"}],"about":[{"href":"https:\/\/goingapp.pl\/more\/wp-json\/wp\/v2\/types\/post"}],"author":[{"embeddable":true,"href":"https:\/\/goingapp.pl\/more\/wp-json\/wp\/v2\/users\/3"}],"replies":[{"embeddable":true,"href":"https:\/\/goingapp.pl\/more\/wp-json\/wp\/v2\/comments?post=5851"}],"version-history":[{"count":19,"href":"https:\/\/goingapp.pl\/more\/wp-json\/wp\/v2\/posts\/5851\/revisions"}],"predecessor-version":[{"id":6899,"href":"https:\/\/goingapp.pl\/more\/wp-json\/wp\/v2\/posts\/5851\/revisions\/6899"}],"wp:featuredmedia":[{"embeddable":true,"href":"https:\/\/goingapp.pl\/more\/wp-json\/wp\/v2\/media\/6017"}],"wp:attachment":[{"href":"https:\/\/goingapp.pl\/more\/wp-json\/wp\/v2\/media?parent=5851"}],"wp:term":[{"taxonomy":"category","embeddable":true,"href":"https:\/\/goingapp.pl\/more\/wp-json\/wp\/v2\/categories?post=5851"},{"taxonomy":"post_tag","embeddable":true,"href":"https:\/\/goingapp.pl\/more\/wp-json\/wp\/v2\/tags?post=5851"},{"taxonomy":"thb-sponsors","embeddable":true,"href":"https:\/\/goingapp.pl\/more\/wp-json\/wp\/v2\/thb-sponsors?post=5851"}],"curies":[{"name":"wp","href":"https:\/\/api.w.org\/{rel}","templated":true}]}}