{"id":59520,"date":"2021-08-28T10:08:38","date_gmt":"2021-08-28T08:08:38","guid":{"rendered":"http:\/\/goingapp.pl\/more\/?p=59520"},"modified":"2021-08-30T17:26:10","modified_gmt":"2021-08-30T15:26:10","slug":"avant-art-festival-2021-karnety-wroclaw-warszawa-prison-religion-siksa-dillon-bilety","status":"publish","type":"post","link":"https:\/\/goingapp.pl\/more\/avant-art-festival-2021-karnety-wroclaw-warszawa-prison-religion-siksa-dillon-bilety\/","title":{"rendered":"DUMA, Ko\u015bci\u00f3\u0142 Nihilist\u00f3w, Prison Religion i inni &#8211; ruszy\u0142a sprzeda\u017c karnet\u00f3w na Avant Art Festival"},"content":{"rendered":"\n<h4 class=\"wp-block-heading\">Do Wroc\u0142awia i Warszawy powraca jeden z najbardziej awangardowych festiwali ever. Avant Art Festival to prawdziwa uczta dla kolekcjoner\u00f3w muzycznych pere\u0142ek. <\/h4>\n\n\n\n<h2 class=\"wp-block-heading\"><\/h2>\n\n\n\n<h2 class=\"wp-block-heading\"><\/h2>\n\n\n\n<h2 class=\"wp-block-heading\"><\/h2>\n\n\n\n<p>Niby festiwalowe lato dobiega powoli ko\u0144ca, ale sezon jesienny zapowiada si\u0119 r\u00f3wnie ekscytuj\u0105co. Dla tych, kt\u00f3rzy w muzyce szukaj\u0105 nieoczywisto\u015bci a od znanych plakatowych headliner\u00f3w wol\u0105 przede wszystkim ekscytuj\u0105c\u0105 eksploracj\u0119 tego, co nowe i \u015bwie\u017ce, mamy \u015bwietn\u0105 wiadomo\u015b\u0107 &#8211; <strong>znamy program Avant Art Festival<\/strong>. Inicjatywa zawita pomi\u0119dzy 20 a 25 wrze\u015bnia do Wroc\u0142awia, by na prze\u0142omie pa\u017adziernika i wrze\u015bnia przenie\u015b\u0107 si\u0119 do Warszawy. Czego mo\u017cemy si\u0119 spodziewa\u0107 po kolejnej edycji festiwalu? <\/p>\n\n\n\n<h2 class=\"wp-block-heading\"><\/h2>\n\n\n\n<h2 class=\"wp-block-heading\"><\/h2>\n\n\n\n<h2 class=\"wp-block-heading\"><\/h2>\n\n\n\n<figure class=\"wp-block-embed-youtube wp-block-embed is-type-video is-provider-youtube wp-embed-aspect-16-9 wp-has-aspect-ratio\"><div class=\"wp-block-embed__wrapper\">\n<iframe loading=\"lazy\"  id=\"_ytid_51523\"  width=\"1170\" height=\"658\"  data-origwidth=\"1170\" data-origheight=\"658\" src=\"https:\/\/www.youtube.com\/embed\/oLlOISjDtIU?enablejsapi=1&#038;autoplay=0&#038;cc_load_policy=0&#038;cc_lang_pref=&#038;iv_load_policy=1&#038;loop=0&#038;modestbranding=0&#038;rel=1&#038;fs=1&#038;playsinline=0&#038;autohide=2&#038;theme=dark&#038;color=red&#038;controls=1&#038;\" class=\"__youtube_prefs__  epyt-is-override  no-lazyload\" title=\"YouTube player\"  allow=\"fullscreen; accelerometer; autoplay; clipboard-write; encrypted-media; gyroscope; picture-in-picture\" allowfullscreen data-no-lazy=\"1\" data-skipgform_ajax_framebjll=\"\"><\/iframe>\n<\/div><\/figure>\n\n\n\n<h2 class=\"wp-block-heading\"><\/h2>\n\n\n\n<h2 class=\"wp-block-heading\"><\/h2>\n\n\n\n<h2 class=\"wp-block-heading\"><\/h2>\n\n\n\n<figure class=\"wp-block-pullquote\"><blockquote><p><em><strong>Avant Art Festival powraca do idei festiwalu \u201eo muzyce\u201d, czyli przegl\u0105du najciekawszych i najbardziej oryginalnych, zdaniem kurator\u00f3w festiwalu, zjawisk artystycznych, w kt\u00f3rych MUZYKA odgrywa pierwszoplanow\u0105 rol\u0119. <\/strong><\/em><\/p><cite>pisz\u0105 organizatorzy. <\/cite><\/blockquote><\/figure>\n\n\n\n<h2 class=\"wp-block-heading\"><\/h2>\n\n\n\n<h2 class=\"wp-block-heading\"><\/h2>\n\n\n\n<h2 class=\"wp-block-heading\"><\/h2>\n\n\n\n<p>I rzeczywi\u015bcie, zar\u00f3wno we Wroc\u0142awiu, jak i Warszawie czeka nas spotkanie ze \u015bwietn\u0105 polsk\u0105 muzyk\u0105 awangardow\u0105. Na uwag\u0119 zas\u0142uguje m.in. duet <strong>SIKSA<\/strong>. Ekspresyjna i bezkompromisowa <strong>Alex Freiheit<\/strong> w duecie z basist\u0105 <strong>Burim <\/strong>to esencja nowoczesnego punk-rocka. Muzyczno-performerskie koncerty zapadaj\u0105 w pami\u0119\u0107 niczym emocjonalny rollercoaster, kt\u00f3rym po prostu trzeba (chce!) si\u0119 przejecha\u0107. We Wroc\u0142awiu zesp\u00f3\u0142 wyst\u0105pi z premier\u0105 nowego projektu<em> <strong>SIKSA. Stabat Mater Dolorosa &#8211; Musical o \u015bmierci i dziewczynie<\/strong><\/em>. <\/p>\n\n\n\n<h2 class=\"wp-block-heading\"><\/h2>\n\n\n\n<h2 class=\"wp-block-heading\"><\/h2>\n\n\n\n<h2 class=\"wp-block-heading\"><\/h2>\n\n\n\n<figure class=\"wp-block-embed-youtube wp-block-embed is-type-video is-provider-youtube wp-embed-aspect-16-9 wp-has-aspect-ratio\"><div class=\"wp-block-embed__wrapper\">\n<iframe loading=\"lazy\"  id=\"_ytid_46391\"  width=\"1170\" height=\"658\"  data-origwidth=\"1170\" data-origheight=\"658\" src=\"https:\/\/www.youtube.com\/embed\/IO_eR06Bw7g?enablejsapi=1&#038;autoplay=0&#038;cc_load_policy=0&#038;cc_lang_pref=&#038;iv_load_policy=1&#038;loop=0&#038;modestbranding=0&#038;rel=1&#038;fs=1&#038;playsinline=0&#038;autohide=2&#038;theme=dark&#038;color=red&#038;controls=1&#038;\" class=\"__youtube_prefs__  epyt-is-override  no-lazyload\" title=\"YouTube player\"  allow=\"fullscreen; accelerometer; autoplay; clipboard-write; encrypted-media; gyroscope; picture-in-picture\" allowfullscreen data-no-lazy=\"1\" data-skipgform_ajax_framebjll=\"\"><\/iframe>\n<\/div><figcaption>Duet SIKSA zobaczymy na premierowym koncercie we Wroc\u0142awiu. <\/figcaption><\/figure>\n\n\n\n<h2 class=\"wp-block-heading\"><\/h2>\n\n\n\n<h2 class=\"wp-block-heading\"><\/h2>\n\n\n\n<h2 class=\"wp-block-heading\"><\/h2>\n\n\n\n<p>Na uwag\u0119 zas\u0142uguje r\u00f3wnie\u017c kompozytorka <strong>Aleksandra S\u0142y\u017c<\/strong>, kt\u00f3rej dronowe \u015bciany d\u017awi\u0119k\u00f3w (dos\u0142ownie) wgniot\u0105 Was w pod\u0142og\u0119. Eksperymentuj\u0105ca z choreografi\u0105 artystka tworzy noise&#8217;owe, metaliczne struktury, kt\u00f3re miejscami przyt\u0142aczaj\u0105ce i niewygodne, prowadz\u0105 ostatecznie do przyjemnej medytacji. <\/p>\n\n\n\n<h2 class=\"wp-block-heading\"><\/h2>\n\n\n\n<h2 class=\"wp-block-heading\"><\/h2>\n\n\n\n<h2 class=\"wp-block-heading\"><\/h2>\n\n\n\n<h4 class=\"has-text-align-center has-background wp-block-heading\" style=\"background-color:#fff707\"><a href=\"https:\/\/goingapp.pl\/wydarzenie\/avant-art-festival-2021-wroclaw-i-karnet\/wrzesien-2021?fbclid=IwAR3yszsjXEAzYJGz7IlbKfA86A4-T2Iuj9uVhHLFXGFGKneAOLkJ4yWAp0Y\">Bilety na wroc\u0142awsk\u0105 edycj\u0119 z\u0142apiecie w Going. <\/a><\/h4>\n\n\n\n<h2 class=\"wp-block-heading\"><\/h2>\n\n\n\n<h2 class=\"wp-block-heading\"><\/h2>\n\n\n\n<h2 class=\"wp-block-heading\"><\/h2>\n\n\n\n<figure class=\"wp-block-embed-youtube wp-block-embed is-type-video is-provider-youtube wp-embed-aspect-16-9 wp-has-aspect-ratio\"><div class=\"wp-block-embed__wrapper\">\n<iframe loading=\"lazy\"  id=\"_ytid_28745\"  width=\"1170\" height=\"658\"  data-origwidth=\"1170\" data-origheight=\"658\" src=\"https:\/\/www.youtube.com\/embed\/Av7gzhYlxgs?enablejsapi=1&#038;autoplay=0&#038;cc_load_policy=0&#038;cc_lang_pref=&#038;iv_load_policy=1&#038;loop=0&#038;modestbranding=0&#038;rel=1&#038;fs=1&#038;playsinline=0&#038;autohide=2&#038;theme=dark&#038;color=red&#038;controls=1&#038;\" class=\"__youtube_prefs__  epyt-is-override  no-lazyload\" title=\"YouTube player\"  allow=\"fullscreen; accelerometer; autoplay; clipboard-write; encrypted-media; gyroscope; picture-in-picture\" allowfullscreen data-no-lazy=\"1\" data-skipgform_ajax_framebjll=\"\"><\/iframe>\n<\/div><figcaption>Aleksandr\u0119 S\u0142y\u017c us\u0142yszycie we Wroc\u0142awiu. <\/figcaption><\/figure>\n\n\n\n<h2 class=\"wp-block-heading\"><\/h2>\n\n\n\n<h2 class=\"wp-block-heading\"><\/h2>\n\n\n\n<h2 class=\"wp-block-heading\"><\/h2>\n\n\n\n<p>Je\u015bli w elektronice szukacie zadumy i niepokoju, polecamy wyst\u0119p projektu<strong> Zaumne<\/strong>. Artysta w swoich kawa\u0142kach cz\u0119sto posi\u0142kuje si\u0119 found footage, tworz\u0105c d\u017awi\u0119kowe poczt\u00f3wki z odleg\u0142ych, trudnych do jednoznacznej lokalizacji krain. Jego najnowsza EP-ka <strong><em>\u00c9l\u00e9vation<\/em><\/strong> wydana w labelu MONDOJ to subtelna podr\u00f3\u017c przez niejednoznaczne, emocjonalne krajobrazy.  <\/p>\n\n\n\n<h2 class=\"wp-block-heading\"><\/h2>\n\n\n\n<h2 class=\"wp-block-heading\"><\/h2>\n\n\n\n<h2 class=\"wp-block-heading\"><\/h2>\n\n\n\n<figure class=\"wp-block-embed-youtube wp-block-embed is-type-video is-provider-youtube wp-embed-aspect-16-9 wp-has-aspect-ratio\"><div class=\"wp-block-embed__wrapper\">\n<iframe loading=\"lazy\"  id=\"_ytid_42578\"  width=\"1170\" height=\"658\"  data-origwidth=\"1170\" data-origheight=\"658\" src=\"https:\/\/www.youtube.com\/embed\/J-F1GOwuTOs?enablejsapi=1&#038;autoplay=0&#038;cc_load_policy=0&#038;cc_lang_pref=&#038;iv_load_policy=1&#038;loop=0&#038;modestbranding=0&#038;rel=1&#038;fs=1&#038;playsinline=0&#038;autohide=2&#038;theme=dark&#038;color=red&#038;controls=1&#038;\" class=\"__youtube_prefs__  epyt-is-override  no-lazyload\" title=\"YouTube player\"  allow=\"fullscreen; accelerometer; autoplay; clipboard-write; encrypted-media; gyroscope; picture-in-picture\" allowfullscreen data-no-lazy=\"1\" data-skipgform_ajax_framebjll=\"\"><\/iframe>\n<\/div><\/figure>\n\n\n\n<h2 class=\"wp-block-heading\"><\/h2>\n\n\n\n<h2 class=\"wp-block-heading\"><\/h2>\n\n\n\n<h2 class=\"wp-block-heading\"><\/h2>\n\n\n\n<figure class=\"wp-block-pullquote\"><blockquote><p><em>Podobnie jak w ubieg\u0142ym roku, organizatorzy postanowili <strong>wspiera\u0107 g\u0142\u00f3wnie polskich artyst\u00f3w<\/strong>, cho\u0107 nie zabraknie r\u00f3wnie\u017c <strong>gwiazd muzyki eksperymentalnej z Nowego Jorku, Zurychu, Berlina czy przedstawicieli kultowego wydawnictwa Nyege Nyege Tape<\/strong>.&nbsp;<\/em><\/p><\/blockquote><\/figure>\n\n\n\n<h2 class=\"wp-block-heading\"><\/h2>\n\n\n\n<h2 class=\"wp-block-heading\"><\/h2>\n\n\n\n<h2 class=\"wp-block-heading\"><\/h2>\n\n\n\n<p>Dlatego mo\u017cemy liczy\u0107 na reprezentant\u00f3w \u015bwiatowej sceny alternatywnej. W stolicy wyst\u0105pi m.in. kenijski duet noise&#8217;owy <strong>DUMA<\/strong>, kt\u00f3ry \u015bwietnie miesza metal, elektronik\u0119 i rap, wytwarzaj\u0105c na swoich koncertach jedyn\u0105 w swoim rodzaju muzyczn\u0105 eksplozj\u0119 niepohamowanej energii. Martin Khanja i Sam Karugu wyp\u0142yn\u0119li z metalowej sceny Nairobi, wykorzystuj\u0105c swoje do\u015bwiadczenie zdobyte w zespo\u0142ach o takich uroczych nazwach jak Lust of a Dying Breed czy Seeds of Datura. Sw\u00f3j debiut nagrali w <strong>Nyege Nyege Studios<\/strong>. <\/p>\n\n\n\n<h2 class=\"wp-block-heading\"><\/h2>\n\n\n\n<h2 class=\"wp-block-heading\"><\/h2>\n\n\n\n<h2 class=\"wp-block-heading\"><\/h2>\n\n\n\n<figure class=\"wp-block-embed-youtube wp-block-embed is-type-video is-provider-youtube wp-embed-aspect-16-9 wp-has-aspect-ratio\"><div class=\"wp-block-embed__wrapper\">\n<iframe loading=\"lazy\"  id=\"_ytid_11811\"  width=\"1170\" height=\"658\"  data-origwidth=\"1170\" data-origheight=\"658\" src=\"https:\/\/www.youtube.com\/embed\/ffxLsl8MWXE?enablejsapi=1&#038;autoplay=0&#038;cc_load_policy=0&#038;cc_lang_pref=&#038;iv_load_policy=1&#038;loop=0&#038;modestbranding=0&#038;rel=1&#038;fs=1&#038;playsinline=0&#038;autohide=2&#038;theme=dark&#038;color=red&#038;controls=1&#038;\" class=\"__youtube_prefs__  epyt-is-override  no-lazyload\" title=\"YouTube player\"  allow=\"fullscreen; accelerometer; autoplay; clipboard-write; encrypted-media; gyroscope; picture-in-picture\" allowfullscreen data-no-lazy=\"1\" data-skipgform_ajax_framebjll=\"\"><\/iframe>\n<\/div><\/figure>\n\n\n\n<h2 class=\"wp-block-heading\"><\/h2>\n\n\n\n<h2 class=\"wp-block-heading\"><\/h2>\n\n\n\n<h2 class=\"wp-block-heading\"><\/h2>\n\n\n\n<h4 class=\"has-text-align-center has-background wp-block-heading\" style=\"background-color:#fff707\"><a href=\"https:\/\/goingapp.pl\/wydarzenie\/avant-art-festival-2021-warszawa-i-karnet\/pazdziernik-2021?fbclid=IwAR3mAICKgvjeW1nyco860H2K86fuhrLjPFieth0_00QYREx1bMVnW5v-gcU\">Wej\u015bci\u00f3wki na Avant Art Festival w Warszawie kupicie tutaj. <\/a><\/h4>\n\n\n\n<h2 class=\"wp-block-heading\"><\/h2>\n\n\n\n<h2 class=\"wp-block-heading\"><\/h2>\n\n\n\n<h2 class=\"wp-block-heading\"><\/h2>\n\n\n\n<p>W Warszawie towarzyszy\u0107 im b\u0119dzie <strong>Prison Religion<\/strong>. Pochodz\u0105cy z Ameryki arty\u015bci troch\u0119 inaczej rozumiej\u0105 &#8222;muzyk\u0119 klubow\u0105&#8221;, okraszaj\u0105c j\u0105 pot\u0119\u017cn\u0105 dawk\u0105 bezkompromisowego noise&#8217;u i agresywnego rapu. Duet znany jest z prowokacji. Nic dziwnego, \u017ce jeden z ich album\u00f3w &#8211; <em>O Fucc Im On The Wrong Planet <\/em>&#8211; trwa zaledwie 12 minut! Koncert na Avant Art z pewno\u015bci\u0105 potrwa d\u0142u\u017cej &#8211; i na to liczymy! <\/p>\n\n\n\n<h2 class=\"wp-block-heading\"><\/h2>\n\n\n\n<h2 class=\"wp-block-heading\"><\/h2>\n\n\n\n<h2 class=\"wp-block-heading\"><\/h2>\n\n\n\n<figure class=\"wp-block-embed-youtube wp-block-embed is-type-video is-provider-youtube wp-embed-aspect-16-9 wp-has-aspect-ratio\"><div class=\"wp-block-embed__wrapper\">\n<iframe loading=\"lazy\"  id=\"_ytid_61222\"  width=\"1170\" height=\"658\"  data-origwidth=\"1170\" data-origheight=\"658\" src=\"https:\/\/www.youtube.com\/embed\/QaYCpLX2VGM?enablejsapi=1&#038;autoplay=0&#038;cc_load_policy=0&#038;cc_lang_pref=&#038;iv_load_policy=1&#038;loop=0&#038;modestbranding=0&#038;rel=1&#038;fs=1&#038;playsinline=0&#038;autohide=2&#038;theme=dark&#038;color=red&#038;controls=1&#038;\" class=\"__youtube_prefs__  epyt-is-override  no-lazyload\" title=\"YouTube player\"  allow=\"fullscreen; accelerometer; autoplay; clipboard-write; encrypted-media; gyroscope; picture-in-picture\" allowfullscreen data-no-lazy=\"1\" data-skipgform_ajax_framebjll=\"\"><\/iframe>\n<\/div><\/figure>\n\n\n\n<h2 class=\"wp-block-heading\"><\/h2>\n\n\n\n<h2 class=\"wp-block-heading\"><\/h2>\n\n\n\n<h2 class=\"wp-block-heading\"><\/h2>\n\n\n\n<p>Na naszej li\u015bcie pojawi\u0142a si\u0119 kolejna ekstremalna performerka. <strong>Pan Daijing<\/strong> zaczyna\u0142a od szokuj\u0105cych wyst\u0119p\u00f3w naszpikowanych nawi\u0105zaniami do kultury BDSM oraz tradycyjnego azjatyckiego teatru. Dzi\u015b artystka tworzy liryczny noise, co\u015b na kszta\u0142t poetyckiego krzyku. Na pewno spodoba si\u0119 fanom chocia\u017cby dokona\u0144 wenezuelskiego muzyka i performera &#8211; Arki. <\/p>\n\n\n\n<h2 class=\"wp-block-heading\"><\/h2>\n\n\n\n<h2 class=\"wp-block-heading\"><\/h2>\n\n\n\n<h2 class=\"wp-block-heading\"><\/h2>\n\n\n\n<figure class=\"wp-block-embed-youtube wp-block-embed is-type-video is-provider-youtube wp-embed-aspect-16-9 wp-has-aspect-ratio\"><div class=\"wp-block-embed__wrapper\">\n<iframe loading=\"lazy\"  id=\"_ytid_28815\"  width=\"1170\" height=\"658\"  data-origwidth=\"1170\" data-origheight=\"658\" src=\"https:\/\/www.youtube.com\/embed\/q_yZUy4Zcyg?enablejsapi=1&#038;autoplay=0&#038;cc_load_policy=0&#038;cc_lang_pref=&#038;iv_load_policy=1&#038;loop=0&#038;modestbranding=0&#038;rel=1&#038;fs=1&#038;playsinline=0&#038;autohide=2&#038;theme=dark&#038;color=red&#038;controls=1&#038;\" class=\"__youtube_prefs__  epyt-is-override  no-lazyload\" title=\"YouTube player\"  allow=\"fullscreen; accelerometer; autoplay; clipboard-write; encrypted-media; gyroscope; picture-in-picture\" allowfullscreen data-no-lazy=\"1\" data-skipgform_ajax_framebjll=\"\"><\/iframe>\n<\/div><\/figure>\n\n\n\n<h2 class=\"wp-block-heading\"><\/h2>\n\n\n\n<h2 class=\"wp-block-heading\"><\/h2>\n\n\n\n<h2 class=\"wp-block-heading\"><\/h2>\n\n\n\n<p>Je\u015bli b\u0119dziecie chcieli odetchn\u0105\u0107 od tych wszystkich dronowo-noise&#8217;owo-punkowych eksperyment\u00f3w, koniecznie wpadajcie na wyst\u0119p<strong> Beatrice Dillon<\/strong>. Brytyjska artystka w 2020 roku wypu\u015bci\u0142a sw\u00f3j pierwszy album <strong><em>Workaround<\/em><\/strong>. Opublikowany nak\u0142adem labelu PAN kr\u0105\u017cek w recenzji na Pitchforku zosta\u0142 okre\u015blony jako &#8222;cudowny paradoks&#8221;. Jej produkcjom niekiedy blisko do Autechre, innym razem do Matmos. Punkt obowi\u0105zkowy warszawskiego programu! <\/p>\n\n\n\n<h2 class=\"wp-block-heading\"><\/h2>\n\n\n\n<h2 class=\"wp-block-heading\"><\/h2>\n\n\n\n<h2 class=\"wp-block-heading\"><\/h2>\n\n\n\n<figure class=\"wp-block-embed-youtube wp-block-embed is-type-video is-provider-youtube wp-embed-aspect-4-3 wp-has-aspect-ratio\"><div class=\"wp-block-embed__wrapper\">\n<iframe loading=\"lazy\"  id=\"_ytid_71285\"  width=\"1170\" height=\"658\"  data-origwidth=\"1170\" data-origheight=\"658\" src=\"https:\/\/www.youtube.com\/embed\/B4GhUHJxCqo?enablejsapi=1&#038;autoplay=0&#038;cc_load_policy=0&#038;cc_lang_pref=&#038;iv_load_policy=1&#038;loop=0&#038;modestbranding=0&#038;rel=1&#038;fs=1&#038;playsinline=0&#038;autohide=2&#038;theme=dark&#038;color=red&#038;controls=1&#038;\" class=\"__youtube_prefs__  epyt-is-override  no-lazyload\" title=\"YouTube player\"  allow=\"fullscreen; accelerometer; autoplay; clipboard-write; encrypted-media; gyroscope; picture-in-picture\" allowfullscreen data-no-lazy=\"1\" data-skipgform_ajax_framebjll=\"\"><\/iframe>\n<\/div><\/figure>\n\n\n\n<h2 class=\"wp-block-heading\"><\/h2>\n\n\n\n<h2 class=\"wp-block-heading\"><\/h2>\n\n\n\n<h2 class=\"wp-block-heading\"><\/h2>\n\n\n\n<p>Avant Art to nie tylko koncerty. Obu edycjom b\u0119dzie towarzyszy\u0107 wystawa <strong>Ko\u015bcio\u0142a Nihilist\u00f3w<\/strong>. Wroc\u0142awska grupa nie zna formalnych ani ideowych ogranicze\u0144, tworz\u0105c post-apokaliptyczne wizje (niedalekiej?) przysz\u0142o\u015bci. Arty\u015bci zgrabnie lawiruj\u0105 pomi\u0119dzy sacrum a profanum, tradycj\u0105 a popkultur\u0105, za nic maj\u0105c sobie stare, dobre decorum. Nie bez powodu ich rebeliancka sztuka to sta\u0142y punkt programu obydwu ods\u0142on festiwalu. <\/p>\n\n\n\n<h2 class=\"wp-block-heading\"><\/h2>\n\n\n\n<h2 class=\"wp-block-heading\"><\/h2>\n\n\n\n<h2 class=\"wp-block-heading\"><\/h2>\n\n\n\n<figure class=\"wp-block-embed-youtube wp-block-embed is-type-video is-provider-youtube wp-embed-aspect-16-9 wp-has-aspect-ratio\"><div class=\"wp-block-embed__wrapper\">\n<iframe loading=\"lazy\"  id=\"_ytid_81889\"  width=\"1170\" height=\"658\"  data-origwidth=\"1170\" data-origheight=\"658\" src=\"https:\/\/www.youtube.com\/embed\/zUUPmoq0Ah8?enablejsapi=1&#038;autoplay=0&#038;cc_load_policy=0&#038;cc_lang_pref=&#038;iv_load_policy=1&#038;loop=0&#038;modestbranding=0&#038;rel=1&#038;fs=1&#038;playsinline=0&#038;autohide=2&#038;theme=dark&#038;color=red&#038;controls=1&#038;\" class=\"__youtube_prefs__  epyt-is-override  no-lazyload\" title=\"YouTube player\"  allow=\"fullscreen; accelerometer; autoplay; clipboard-write; encrypted-media; gyroscope; picture-in-picture\" allowfullscreen data-no-lazy=\"1\" data-skipgform_ajax_framebjll=\"\"><\/iframe>\n<\/div><\/figure>\n\n\n\n<h2 class=\"wp-block-heading\"><\/h2>\n\n\n\n<h2 class=\"wp-block-heading\"><\/h2>\n\n\n\n<h2 class=\"wp-block-heading\"><\/h2>\n\n\n\n<h4 class=\"has-text-align-center has-background wp-block-heading\" style=\"background-color:#fff707\"><a href=\"https:\/\/www.facebook.com\/AvantArtFestival\" target=\"_blank\" rel=\"noopener\">Ca\u0142y line-up obu edycji sprawdzicie tutaj.<\/a><\/h4>\n","protected":false},"excerpt":{"rendered":"<p>Do Wroc\u0142awia i Warszawy powraca jeden z najbardziej awangardowych festiwali ever. Avant Art Festival to prawdziwa uczta dla kolekcjoner\u00f3w muzycznych pere\u0142ek. Niby festiwalowe lato dobiega powoli ko\u0144ca, ale sezon jesienny zapowiada si\u0119 r\u00f3wnie ekscytuj\u0105co. Dla tych, kt\u00f3rzy w muzyce szukaj\u0105 nieoczywisto\u015bci a od znanych plakatowych headliner\u00f3w wol\u0105 przede wszystkim ekscytuj\u0105c\u0105 eksploracj\u0119 tego, co nowe i&hellip;<\/p>\n","protected":false},"author":12,"featured_media":59570,"comment_status":"closed","ping_status":"open","sticky":false,"template":"","format":"standard","meta":{"footnotes":"","_wpscppro_custom_social_share_image":0,"_facebook_share_type":"","_twitter_share_type":"","_linkedin_share_type":"","_pinterest_share_type":"","_linkedin_share_type_page":"","_instagram_share_type":"","_selected_social_profile":[]},"categories":[3194],"tags":[5413,220,5463,5462,2990,5464,5461,238,6,74,673],"thb-sponsors":[],"class_list":["post-59520","post","type-post","status-publish","format-standard","has-post-thumbnail","hentry","category-polecamy","tag-aleksandra-slyz","tag-avant-art-festival","tag-beatrice-dillon","tag-duma","tag-nyege-nyege","tag-pan-daijing","tag-prison-religion","tag-siksa","tag-warszawa","tag-wroclaw","tag-zaumne","parent_cat_polecamy"],"publishpress_future_action":{"enabled":false,"date":"2026-05-08 17:47:17","action":"change-status","newStatus":"draft","terms":[],"taxonomy":"category"},"publishpress_future_workflow_manual_trigger":{"enabledWorkflows":[]},"_links":{"self":[{"href":"https:\/\/goingapp.pl\/more\/wp-json\/wp\/v2\/posts\/59520"}],"collection":[{"href":"https:\/\/goingapp.pl\/more\/wp-json\/wp\/v2\/posts"}],"about":[{"href":"https:\/\/goingapp.pl\/more\/wp-json\/wp\/v2\/types\/post"}],"author":[{"embeddable":true,"href":"https:\/\/goingapp.pl\/more\/wp-json\/wp\/v2\/users\/12"}],"replies":[{"embeddable":true,"href":"https:\/\/goingapp.pl\/more\/wp-json\/wp\/v2\/comments?post=59520"}],"version-history":[{"count":63,"href":"https:\/\/goingapp.pl\/more\/wp-json\/wp\/v2\/posts\/59520\/revisions"}],"predecessor-version":[{"id":59606,"href":"https:\/\/goingapp.pl\/more\/wp-json\/wp\/v2\/posts\/59520\/revisions\/59606"}],"wp:featuredmedia":[{"embeddable":true,"href":"https:\/\/goingapp.pl\/more\/wp-json\/wp\/v2\/media\/59570"}],"wp:attachment":[{"href":"https:\/\/goingapp.pl\/more\/wp-json\/wp\/v2\/media?parent=59520"}],"wp:term":[{"taxonomy":"category","embeddable":true,"href":"https:\/\/goingapp.pl\/more\/wp-json\/wp\/v2\/categories?post=59520"},{"taxonomy":"post_tag","embeddable":true,"href":"https:\/\/goingapp.pl\/more\/wp-json\/wp\/v2\/tags?post=59520"},{"taxonomy":"thb-sponsors","embeddable":true,"href":"https:\/\/goingapp.pl\/more\/wp-json\/wp\/v2\/thb-sponsors?post=59520"}],"curies":[{"name":"wp","href":"https:\/\/api.w.org\/{rel}","templated":true}]}}