{"id":75196,"date":"2022-04-12T11:17:02","date_gmt":"2022-04-12T09:17:02","guid":{"rendered":"https:\/\/goingapp.pl\/more\/?p=75196"},"modified":"2022-04-13T17:07:28","modified_gmt":"2022-04-13T15:07:28","slug":"david-lynch-nowy-film-cannes","status":"publish","type":"post","link":"https:\/\/goingapp.pl\/more\/david-lynch-nowy-film-cannes\/","title":{"rendered":"David Lynch z nowym filmem w Cannes?"},"content":{"rendered":"\n<h2 class=\"wp-block-heading\">Wszystko wskazuje na to, \u017ce doczekamy si\u0119 nowego, pe\u0142nometra\u017cowego filmu od Davida Lyncha. Jak donosz\u0105 media, obraz ma zadebiutowa\u0107 jeszcze w tym roku w Cannes.<\/h2>\n\n\n\n<p>W zesz\u0142ym roku pisa\u0142em o specjalnym, tajemniczym projekcie, kt\u00f3ry David Lynch mia\u0142 zrealizowa\u0107 na zam\u00f3wienie Netflixa. Mowa o serialu z robocz\u0105 nazw\u0105 <em>Wisteria<\/em> znanym r\u00f3wnie\u017c jako <em>Unrecorded Night<\/em>. <\/p>\n\n\n\n<div style=\"height:20px\" aria-hidden=\"true\" class=\"wp-block-spacer\"><\/div>\n\n\n\n<blockquote class=\"wp-block-quote is-layout-flow wp-block-quote-is-layout-flow\"><p><em>Ju\u017c w listopadzie 2020 roku A.V. Club&nbsp;<strong><a href=\"https:\/\/www.avclub.com\/its-rumor-time-david-lynch-might-be-making-a-netflix-s-1845768564\" target=\"_blank\" rel=\"noopener\">donosi\u0142, \u017ce Lynch i jego sta\u0142a wsp\u00f3\u0142pracowniczka Sabrina S. Sutherland<\/a><\/strong>&nbsp;maj\u0105 rozpocz\u0105\u0107 w maju kr\u0119cenie nowego serialu. W\u00f3wczas niewiele wskazywa\u0142o, \u017ce ma on jakiekolwiek powi\u0105zanie z Twin Peaks. Od tej pory sporo si\u0119 jednak zmieni\u0142o.<\/em><\/p><cite><a href=\"https:\/\/goingapp.pl\/more\/nowy-david-lynch-kontynuacja-twin-peaks-wisteria-unrecorded-night-news\/\">Nowy Lynch kontynuacj\u0105 Twin Peaks?<\/a><\/cite><\/blockquote>\n\n\n\n<div style=\"height:20px\" aria-hidden=\"true\" class=\"wp-block-spacer\"><\/div>\n\n\n\n<p>Na temat <em><strong>Wisterii <\/strong><\/em>zrobi\u0142o si\u0119 jednak w ostatnim czasie cicho, co wcale nie oznacza, \u017ce projekt zosta\u0142 pogrzebany.<\/p>\n\n\n\n<div style=\"height:20px\" aria-hidden=\"true\" class=\"wp-block-spacer\"><\/div>\n\n\n\n<div class=\"wp-block-image\"><figure class=\"aligncenter size-large is-resized\"><img loading=\"lazy\" decoding=\"async\" src=\"https:\/\/goingapp.pl\/more\/wp-content\/uploads\/2022\/04\/dernsds-1024x610.jpg\" alt=\"david lynch nowy film\" class=\"wp-image-75241\" width=\"768\" height=\"458\" srcset=\"https:\/\/goingapp.pl\/more\/wp-content\/uploads\/2022\/04\/dernsds-1024x610.jpg 1024w, https:\/\/goingapp.pl\/more\/wp-content\/uploads\/2022\/04\/dernsds-300x179.jpg 300w, https:\/\/goingapp.pl\/more\/wp-content\/uploads\/2022\/04\/dernsds-768x458.jpg 768w, https:\/\/goingapp.pl\/more\/wp-content\/uploads\/2022\/04\/dernsds-370x220.jpg 370w, https:\/\/goingapp.pl\/more\/wp-content\/uploads\/2022\/04\/dernsds-20x12.jpg 20w, https:\/\/goingapp.pl\/more\/wp-content\/uploads\/2022\/04\/dernsds-185x110.jpg 185w, https:\/\/goingapp.pl\/more\/wp-content\/uploads\/2022\/04\/dernsds-740x441.jpg 740w, https:\/\/goingapp.pl\/more\/wp-content\/uploads\/2022\/04\/dernsds-400x238.jpg 400w, https:\/\/goingapp.pl\/more\/wp-content\/uploads\/2022\/04\/dernsds-81x48.jpg 81w\" sizes=\"(max-width: 768px) 100vw, 768px\" \/><figcaption>Laura Dern w Inland Empire<\/figcaption><\/figure><\/div>\n\n\n\n<h2 class=\"has-text-align-center wp-block-heading\">David Lynch z pierwszym pe\u0142nometra\u017cowym filmem od 15 lat?<\/h2>\n\n\n\n<p>Dzisiejsze poruszenie zosta\u0142o wywo\u0142ane przez tweet filmowego krytyka <strong>Kaleema Aftaba<\/strong>:<\/p>\n\n\n\n<div style=\"height:20px\" aria-hidden=\"true\" class=\"wp-block-spacer\"><\/div>\n\n\n\n<blockquote class=\"twitter-tweet\"><p lang=\"en\" dir=\"ltr\">There is going to be a movie at Cannes from one of the best American directors in history! He made two of my all time favourite movies (and we can argue all night over others) and fave TV series. This movie has been kept well under wraps&#8230; some even doubt it exists!<\/p>\u2014 Kaleem Aftab (@aftabamon) <a href=\"https:\/\/twitter.com\/aftabamon\/status\/1511860815703547906?ref_src=twsrc%5Etfw\" target=\"_blank\" rel=\"noopener\">April 7, 2022<\/a><\/blockquote> <script async=\"\" src=\"https:\/\/platform.twitter.com\/widgets.js\" charset=\"utf-8\"><\/script>\n\n\n\n<div style=\"height:20px\" aria-hidden=\"true\" class=\"wp-block-spacer\"><\/div>\n\n\n\n<p>Informacje te potwierdzi\u0142o tak\u017ce <a href=\"https:\/\/variety.com\/2022\/film\/global\/david-lynch-new-film-cannes-film-festival-predictions-lightyear-1235229734\/\" rel=\"nofollow noopener\" target=\"_blank\"><strong>Variety<\/strong> <\/a>wskazuj\u0105c, \u017ce dwa &#8211; dobrze poinformowane &#8211; \u017ar\u00f3d\u0142a r\u00f3wnie\u017c posiadaj\u0105 dowody, by wierzy\u0107, \u017ce na tegorocznym festiwalu w <strong>Cannes <\/strong>Lynch zaprezentuje swoje pe\u0142nometra\u017cowe dzie\u0142o. Wed\u0142ug doniesie\u0144 w filmie maj\u0105 si\u0119 pojawi\u0107 stali wsp\u00f3\u0142pracownicy autora <strong>Twin Peaks <\/strong>w tym <strong>Laura Dern<\/strong>. Niekt\u00f3rzy twierdz\u0105, \u017ce obraz mo\u017ce by\u0107 rozbudowanym prologiem wspomnianej <em><strong>Wisterii<\/strong><\/em>. Nie mo\u017cna tego wykluczy\u0107. Jak wiemy <strong><em>Mulholland Drive <\/em><\/strong>r\u00f3wnie\u017c mia\u0142o by\u0107 pierwotnie pierwszym odcinkiem nowego serialu Lyncha. Jednak z powodu zmiany za\u0142o\u017ce\u0144 przez stacj\u0119 <strong>ABC<\/strong>, projekt przerodzi\u0142 si\u0119 finalnie w film.<\/p>\n\n\n\n<div style=\"height:20px\" aria-hidden=\"true\" class=\"wp-block-spacer\"><\/div>\n\n\n\n<figure class=\"wp-block-embed-youtube wp-block-embed is-type-video is-provider-youtube wp-embed-aspect-16-9 wp-has-aspect-ratio\"><div class=\"wp-block-embed__wrapper\">\n<iframe loading=\"lazy\"  id=\"_ytid_88402\"  width=\"1170\" height=\"658\"  data-origwidth=\"1170\" data-origheight=\"658\" src=\"https:\/\/www.youtube.com\/embed\/p1sj2D_4_NY?enablejsapi=1&#038;autoplay=0&#038;cc_load_policy=0&#038;cc_lang_pref=&#038;iv_load_policy=1&#038;loop=0&#038;modestbranding=0&#038;rel=1&#038;fs=1&#038;playsinline=0&#038;autohide=2&#038;theme=dark&#038;color=red&#038;controls=1&#038;\" class=\"__youtube_prefs__  epyt-is-override  no-lazyload\" title=\"YouTube player\"  allow=\"fullscreen; accelerometer; autoplay; clipboard-write; encrypted-media; gyroscope; picture-in-picture\" allowfullscreen data-no-lazy=\"1\" data-skipgform_ajax_framebjll=\"\"><\/iframe>\n<\/div><\/figure>\n\n\n\n<div style=\"height:20px\" aria-hidden=\"true\" class=\"wp-block-spacer\"><\/div>\n\n\n\n<p>Niedawno \u015bwiat obieg\u0142a wie\u015b\u0107 o go\u015bcinnym udziale Lyncha w projekcie innego wielkiego re\u017cysera, czyli <strong>Stevena Spielberga<\/strong>. Chodzi o <strong><em>The Fabelmans<\/em><\/strong>, w kt\u00f3rym David Lynch mia\u0142by przypomnie\u0107 \u015bwiatu o swoich aktorskich talentach. Jak wida\u0107 mistrz jest w ostatnim czasie bardzo aktywny. To daje powa\u017cne podstawy, by wierzy\u0107, \u017ce mamy szans\u0119 ujrze\u0107 jego pierwszy film od czasu <em><strong>Inland Empire<\/strong><\/em>, kt\u00f3re mia\u0142o swoj\u0105 premier\u0119 w 2007 roku. Ostateczn\u0105 list\u0119 film\u00f3w zg\u0142oszonych na 75-t\u0105 edycj\u0119 festiwalu w Cannes poznamy ju\u017c w czwartek. I w\u0142a\u015bnie wtedy zagadka zostanie ostatecznie rozwi\u0105zana.<\/p>\n","protected":false},"excerpt":{"rendered":"<p>Wszystko wskazuje na to, \u017ce doczekamy si\u0119 nowego, pe\u0142nometra\u017cowego filmu od Davida Lyncha. Jak donosz\u0105 media, obraz ma zadebiutowa\u0107 jeszcze w tym roku w Cannes. W zesz\u0142ym roku pisa\u0142em o specjalnym, tajemniczym projekcie, kt\u00f3ry David Lynch mia\u0142 zrealizowa\u0107 na zam\u00f3wienie Netflixa. Mowa o serialu z robocz\u0105 nazw\u0105 Wisteria znanym r\u00f3wnie\u017c jako Unrecorded Night. Ju\u017c w&hellip;<\/p>\n","protected":false},"author":22,"featured_media":75231,"comment_status":"closed","ping_status":"open","sticky":false,"template":"","format":"standard","meta":{"footnotes":"","_wpscppro_custom_social_share_image":0,"_facebook_share_type":"","_twitter_share_type":"","_linkedin_share_type":"","_pinterest_share_type":"","_linkedin_share_type_page":"","_instagram_share_type":"","_selected_social_profile":[]},"categories":[29,5139],"tags":[5877,5876,4499,5875],"thb-sponsors":[],"class_list":["post-75196","post","type-post","status-publish","format-standard","has-post-thumbnail","hentry","category-news","category-kultura","tag-laura-dern","tag-steven-spielberg","tag-twin-peaks","tag-wisteria","parent_cat_news"],"publishpress_future_action":{"enabled":false,"date":"2026-05-06 11:47:11","action":"change-status","newStatus":"draft","terms":[],"taxonomy":"category"},"publishpress_future_workflow_manual_trigger":{"enabledWorkflows":[]},"_links":{"self":[{"href":"https:\/\/goingapp.pl\/more\/wp-json\/wp\/v2\/posts\/75196"}],"collection":[{"href":"https:\/\/goingapp.pl\/more\/wp-json\/wp\/v2\/posts"}],"about":[{"href":"https:\/\/goingapp.pl\/more\/wp-json\/wp\/v2\/types\/post"}],"author":[{"embeddable":true,"href":"https:\/\/goingapp.pl\/more\/wp-json\/wp\/v2\/users\/22"}],"replies":[{"embeddable":true,"href":"https:\/\/goingapp.pl\/more\/wp-json\/wp\/v2\/comments?post=75196"}],"version-history":[{"count":10,"href":"https:\/\/goingapp.pl\/more\/wp-json\/wp\/v2\/posts\/75196\/revisions"}],"predecessor-version":[{"id":75288,"href":"https:\/\/goingapp.pl\/more\/wp-json\/wp\/v2\/posts\/75196\/revisions\/75288"}],"wp:featuredmedia":[{"embeddable":true,"href":"https:\/\/goingapp.pl\/more\/wp-json\/wp\/v2\/media\/75231"}],"wp:attachment":[{"href":"https:\/\/goingapp.pl\/more\/wp-json\/wp\/v2\/media?parent=75196"}],"wp:term":[{"taxonomy":"category","embeddable":true,"href":"https:\/\/goingapp.pl\/more\/wp-json\/wp\/v2\/categories?post=75196"},{"taxonomy":"post_tag","embeddable":true,"href":"https:\/\/goingapp.pl\/more\/wp-json\/wp\/v2\/tags?post=75196"},{"taxonomy":"thb-sponsors","embeddable":true,"href":"https:\/\/goingapp.pl\/more\/wp-json\/wp\/v2\/thb-sponsors?post=75196"}],"curies":[{"name":"wp","href":"https:\/\/api.w.org\/{rel}","templated":true}]}}