{"id":75199,"date":"2022-04-12T16:56:32","date_gmt":"2022-04-12T14:56:32","guid":{"rendered":"https:\/\/goingapp.pl\/more\/?p=75199"},"modified":"2024-09-11T16:43:26","modified_gmt":"2024-09-11T14:43:26","slug":"her-docs-swiatowy-dzien-sztuki-hilma-af-klint-kino-luna","status":"publish","type":"post","link":"https:\/\/goingapp.pl\/more\/her-docs-swiatowy-dzien-sztuki-hilma-af-klint-kino-luna\/","title":{"rendered":"P\u0142e\u0107 w art worldzie &#8211; HER Docs zaprasza na film o pionierce abstrakcji"},"content":{"rendered":"\n<h3 class=\"wp-block-heading\">Dlaczego wci\u0105\u017c pytamy, gdzie s\u0105 wielkie artystki? Odpowiedzi mo\u017ce udzieli\u0107 film &#8222;Hilma af Klint. Pionierka abstrakcji&#8221; Haliny Dyrschki. Festiwal film\u00f3w dokumentalnych HER Docs ju\u017c 13.04 zaprasza do warszawskiego Kina Luna na wyj\u0105tkow\u0105 histori\u0119 o szwedzkiej malarce, spirytystce i medium. Pokazowi towarzyszy\u0107 b\u0119dzie dyskusja z udzia\u0142em m.in. Andy Rottenberg. <\/h3>\n\n\n\n<p>Z dzie\u0142ami Hilmy af Klint zetkn\u0119\u0142am si\u0119 w trakcie moich w\u0142asnych bada\u0144 nad spirytyzmem. Wraz z has\u0142em &#8222;spirytyzm&#8221; z pewno\u015bci\u0105 od razu pojawia si\u0119 Wam w g\u0142owie typowa scenka z seansu &#8211; zgromadzeni wok\u00f3\u0142 sk\u0105panego w p\u00f3\u0142mroku sto\u0142u ludzie, trzymaj\u0105c si\u0119 za r\u0119ce, wywo\u0142uj\u0105 duchy. Gdzie\u015b w tle przyda\u0142aby si\u0119 jeszcze tablica ouija. To pewna klisza XIX-wiecznego spirytyzmu powielana ochoczo w filmach grozy. Troch\u0119 inaczej wygl\u0105da\u0142y jednak seanse, kt\u00f3re Hilma organizowa\u0142a od 1896 roku. <\/p>\n\n\n\n<div style=\"height:20px\" aria-hidden=\"true\" class=\"wp-block-spacer\"><\/div>\n\n\n\n<div class=\"wp-block-image\"><figure class=\"aligncenter size-large\"><img loading=\"lazy\" decoding=\"async\" width=\"1024\" height=\"576\" src=\"https:\/\/goingapp.pl\/more\/wp-content\/uploads\/2022\/04\/Hilma-Portraet-1024x576.jpg\" alt=\"HER Docs film\" class=\"wp-image-75281\" srcset=\"https:\/\/goingapp.pl\/more\/wp-content\/uploads\/2022\/04\/Hilma-Portraet-1024x576.jpg 1024w, https:\/\/goingapp.pl\/more\/wp-content\/uploads\/2022\/04\/Hilma-Portraet-300x169.jpg 300w, https:\/\/goingapp.pl\/more\/wp-content\/uploads\/2022\/04\/Hilma-Portraet-768x432.jpg 768w, https:\/\/goingapp.pl\/more\/wp-content\/uploads\/2022\/04\/Hilma-Portraet-370x208.jpg 370w, https:\/\/goingapp.pl\/more\/wp-content\/uploads\/2022\/04\/Hilma-Portraet-800x450.jpg 800w, https:\/\/goingapp.pl\/more\/wp-content\/uploads\/2022\/04\/Hilma-Portraet-20x11.jpg 20w, https:\/\/goingapp.pl\/more\/wp-content\/uploads\/2022\/04\/Hilma-Portraet-185x104.jpg 185w, https:\/\/goingapp.pl\/more\/wp-content\/uploads\/2022\/04\/Hilma-Portraet-740x416.jpg 740w, https:\/\/goingapp.pl\/more\/wp-content\/uploads\/2022\/04\/Hilma-Portraet-400x225.jpg 400w, https:\/\/goingapp.pl\/more\/wp-content\/uploads\/2022\/04\/Hilma-Portraet-85x48.jpg 85w\" sizes=\"(max-width: 1024px) 100vw, 1024px\" \/><figcaption>Kadr z filmu Haliny Dyrschki &#8222;Hilma af Klint. Pionierka abstrakcji&#8221;, mat. promocyjne <\/figcaption><\/figure><\/div>\n\n\n\n<div style=\"height:20px\" aria-hidden=\"true\" class=\"wp-block-spacer\"><\/div>\n\n\n\n<p>Trudno oddzieli\u0107 sztuk\u0119 &#8222;pionierki abstrakcji&#8221; od duchowo\u015bci i jednocze\u015bnie feminizmu. Szwedzka artystka i mistyczka zaprasza na cykliczne spotkania spirytystyczne same kobiety. Seans rozpoczyna\u0142 si\u0119 od czytania Biblii i g\u0142\u0119bokiej medytacji. Niekiedy Hilma wyst\u0119powa\u0142a podczas spotka\u0144 w roli medium. Z czasem grupa zostanie ochrzczona jako &#8222;De Fem&#8221;, czyli &#8222;pi\u0119\u0107&#8221;. Nazwa pochodzi od liczby uczestniczek. W kameralnym gronie kobiety badaj\u0105 niewidoczn\u0105 warstw\u0119 rzeczywisto\u015bci przez 10 lat. <\/p>\n\n\n\n<div style=\"height:20px\" aria-hidden=\"true\" class=\"wp-block-spacer\"><\/div>\n\n\n\n<figure class=\"wp-block-embed-wordpress wp-block-embed is-type-wp-embed is-provider-magazyn-going-more\"><div class=\"wp-block-embed__wrapper\">\n<blockquote class=\"wp-embedded-content\" data-secret=\"fxHMIjJRQt\"><a href=\"https:\/\/goingapp.pl\/more\/jedyne-nieopowiedziane-historie-polskich-fotografek-monika-szewczyk-wittek-wywiad-dom-spotkan-z-historia\/\">Czy w Polsce jest za ma\u0142o fotografek? Wywiad z Monik\u0105 Szewczyk-Wittek<\/a><\/blockquote><iframe loading=\"lazy\" class=\"wp-embedded-content\" sandbox=\"allow-scripts\" security=\"restricted\" style=\"position: absolute; clip: rect(1px, 1px, 1px, 1px);\" title=\"&#8222;Czy w Polsce jest za ma\u0142o fotografek? Wywiad z Monik\u0105 Szewczyk-Wittek&#8221; &#8212; Magazyn Going. MORE\" src=\"https:\/\/goingapp.pl\/more\/jedyne-nieopowiedziane-historie-polskich-fotografek-monika-szewczyk-wittek-wywiad-dom-spotkan-z-historia\/embed\/#?secret=fxHMIjJRQt\" data-secret=\"fxHMIjJRQt\" width=\"600\" height=\"338\" frameborder=\"0\" marginwidth=\"0\" marginheight=\"0\" scrolling=\"no\"><\/iframe>\n<\/div><figcaption>Pytanie &#8222;dlaczego nie by\u0142o wielkich artystek&#8221; mo\u017cemy r\u00f3wnie dobrze zada\u0107 w dziedzinie fotografii. Rozmawia\u0142am o tym z Monik\u0105 Szewczyk-Wittek, autork\u0105 ksi\u0105\u017cki <em>Jedyne. Nieopowiedziane historie polskich fotografek. <\/em><\/figcaption><\/figure>\n\n\n\n<div style=\"height:20px\" aria-hidden=\"true\" class=\"wp-block-spacer\"><\/div>\n\n\n\n<p>W trakcie seans\u00f3w, jako efekt tzw. pisma automatycznego, powstawa\u0142y przesycone tajemnicz\u0105 energi\u0105 obrazy. Ko\u0142a, trapezy, floralne motywy buduj\u0105ce monumentalne organiczne konstrukcje odnosi\u0142y si\u0119 do rzeczywisto\u015bci dalece odbiegaj\u0105cej od tej &#8222;obiektywnej&#8221;. Rysunki sta\u0142y si\u0119 impulsami do tworzenia wielkoformatowych dzie\u0142 malarskich. Czy\u017cby eksperymenty szwedzkiej artystki wyprzedza\u0142y tzw. pierwsz\u0105 akwarel\u0119 abstrakcyjn\u0105 Kandinsky&#8217;ego z 1910 roku? <\/p>\n\n\n\n<div style=\"height:20px\" aria-hidden=\"true\" class=\"wp-block-spacer\"><\/div>\n\n\n\n<figure class=\"wp-block-embed-youtube wp-block-embed is-type-video is-provider-youtube wp-embed-aspect-16-9 wp-has-aspect-ratio\"><div class=\"wp-block-embed__wrapper\">\n<iframe loading=\"lazy\"  id=\"_ytid_64441\"  width=\"1170\" height=\"658\"  data-origwidth=\"1170\" data-origheight=\"658\" src=\"https:\/\/www.youtube.com\/embed\/UGw9sAxhXXw?enablejsapi=1&#038;autoplay=0&#038;cc_load_policy=0&#038;cc_lang_pref=&#038;iv_load_policy=1&#038;loop=0&#038;modestbranding=0&#038;rel=1&#038;fs=1&#038;playsinline=0&#038;autohide=2&#038;theme=dark&#038;color=red&#038;controls=1&#038;\" class=\"__youtube_prefs__  epyt-is-override  no-lazyload\" title=\"YouTube player\"  allow=\"fullscreen; accelerometer; autoplay; clipboard-write; encrypted-media; gyroscope; picture-in-picture\" allowfullscreen data-no-lazy=\"1\" data-skipgform_ajax_framebjll=\"\"><\/iframe>\n<\/div><\/figure>\n\n\n\n<div style=\"height:20px\" aria-hidden=\"true\" class=\"wp-block-spacer\"><\/div>\n\n\n\n<p>Tak, zdecydowanie! Po wielu latach okazuje si\u0119, \u017ce rosyjski malarz, grafik i teoretyk nie mia\u0142 monopolu na abstrakcj\u0119. Historia Hilmy af Klint pokazuje dobitnie jak niepe\u0142na jest nasza wiedza o \u015bwiecie i jak selektywna, jako dziedzina akademicka, potrafi by\u0107 historia sztuki. Film dokumentalny w re\u017cyserii Haliny Dyrschki &#8222;Hilma af Klint. Pionierka abstrakcji&#8221; to podr\u00f3\u017c po archiwach, kt\u00f3rej celem jest odzyskanie kobiecego dziedzictwa. <\/p>\n\n\n\n<div style=\"height:20px\" aria-hidden=\"true\" class=\"wp-block-spacer\"><\/div>\n\n\n\n<figure class=\"wp-block-pullquote\"><blockquote><p><strong>Pokazywany premierowo podczas 2. edycji HER Docs Film Festival w 2021 roku dokument powr\u00f3ci specjalnie na \u015awiatowy Dzie\u0144 Sztuki do Kina Luna ju\u017c 13 kwietnia. <\/strong><\/p><\/blockquote><\/figure>\n\n\n\n<div style=\"height:20px\" aria-hidden=\"true\" class=\"wp-block-spacer\"><\/div>\n\n\n\n<div class=\"wp-block-image\"><figure class=\"aligncenter size-large\"><img loading=\"lazy\" decoding=\"async\" width=\"1024\" height=\"576\" src=\"https:\/\/goingapp.pl\/more\/wp-content\/uploads\/2022\/04\/HILMA-malt-3-1024x576.jpg\" alt=\"HER Docs film\" class=\"wp-image-75435\" srcset=\"https:\/\/goingapp.pl\/more\/wp-content\/uploads\/2022\/04\/HILMA-malt-3-1024x576.jpg 1024w, https:\/\/goingapp.pl\/more\/wp-content\/uploads\/2022\/04\/HILMA-malt-3-300x169.jpg 300w, https:\/\/goingapp.pl\/more\/wp-content\/uploads\/2022\/04\/HILMA-malt-3-768x432.jpg 768w, https:\/\/goingapp.pl\/more\/wp-content\/uploads\/2022\/04\/HILMA-malt-3-370x208.jpg 370w, https:\/\/goingapp.pl\/more\/wp-content\/uploads\/2022\/04\/HILMA-malt-3-800x450.jpg 800w, https:\/\/goingapp.pl\/more\/wp-content\/uploads\/2022\/04\/HILMA-malt-3-20x11.jpg 20w, https:\/\/goingapp.pl\/more\/wp-content\/uploads\/2022\/04\/HILMA-malt-3-185x104.jpg 185w, https:\/\/goingapp.pl\/more\/wp-content\/uploads\/2022\/04\/HILMA-malt-3-740x416.jpg 740w, https:\/\/goingapp.pl\/more\/wp-content\/uploads\/2022\/04\/HILMA-malt-3-400x225.jpg 400w, https:\/\/goingapp.pl\/more\/wp-content\/uploads\/2022\/04\/HILMA-malt-3-85x48.jpg 85w\" sizes=\"(max-width: 1024px) 100vw, 1024px\" \/><figcaption>Kadr z filmu Haliny Dyrschki &#8222;Hilma af Klint. Pionierka abstrakcji&#8221;, mat. promocyjne<\/figcaption><\/figure><\/div>\n\n\n\n<div style=\"height:20px\" aria-hidden=\"true\" class=\"wp-block-spacer\"><\/div>\n\n\n\n<figure class=\"wp-block-embed-wordpress wp-block-embed is-type-wp-embed is-provider-magazyn-going-more\"><div class=\"wp-block-embed__wrapper\">\n<blockquote class=\"wp-embedded-content\" data-secret=\"kaL0EjkfG5\"><a href=\"https:\/\/goingapp.pl\/more\/muzeum-herstorii-sztuki-w-krakowie-aska-warchal-beneschi-wywiad\/\">Mit &#8222;wielkiego artysty&#8221; zaorany: wywiad z Muzeum HERstorii Sztuki na Dzie\u0144 Kobiet<\/a><\/blockquote><iframe loading=\"lazy\" class=\"wp-embedded-content\" sandbox=\"allow-scripts\" security=\"restricted\" style=\"position: absolute; clip: rect(1px, 1px, 1px, 1px);\" title=\"&#8222;Mit &#8222;wielkiego artysty&#8221; zaorany: wywiad z Muzeum HERstorii Sztuki na Dzie\u0144 Kobiet&#8221; &#8212; Magazyn Going. MORE\" src=\"https:\/\/goingapp.pl\/more\/muzeum-herstorii-sztuki-w-krakowie-aska-warchal-beneschi-wywiad\/embed\/#?secret=kaL0EjkfG5\" data-secret=\"kaL0EjkfG5\" width=\"600\" height=\"338\" frameborder=\"0\" marginwidth=\"0\" marginheight=\"0\" scrolling=\"no\"><\/iframe>\n<\/div><figcaption>(nie tylko) O micie &#8222;wielkiego artysty&#8221; i przypadku Hilmy af Klint rozmawia\u0142am z A\u015bk\u0105 Warcha\u0142-Beneschi z Muzeum HERstorii Sztuki w Krakowie.<\/figcaption><\/figure>\n\n\n\n<div style=\"height:20px\" aria-hidden=\"true\" class=\"wp-block-spacer\"><\/div>\n\n\n\n<p>Pokazowi b\u0119dzie towarzyszy\u0107 <strong>specjalna dyskusja o p\u0142ci w artworldzie (i nie tylko)<\/strong>, w kt\u00f3rej udzia\u0142 wezm\u0105: historyczka sztuki, krytyczka i publicystka <strong>Anda Rottenberg<\/strong>, artystka wizualna <strong>Agata S\u0142owak<\/strong>, artystka wizualna, pisarka i kuratorka <strong>Agata Cie\u015blak<\/strong>, oraz krytyczka sztuki, kuratorka wystaw prowadz\u0105ca warszawsk\u0105 galeri\u0119 lokal_30 <strong>Agnieszka Rayzacher<\/strong>. <\/p>\n\n\n\n<p>Pokaz i spotkanie organizowane s\u0105 przy wsp\u00f3\u0142pracy z Goethe-Institut w Warszawie i Kinem Luna. <\/p>\n\n\n\n<div style=\"height:20px\" aria-hidden=\"true\" class=\"wp-block-spacer\"><\/div>\n\n\n\n<h3 class=\"has-text-align-center has-background wp-block-heading\" style=\"background-color:#bfdcfd\"><a href=\"https:\/\/goingapp.pl\/wydarzenie\/dlaczego-wciaz-pytamy-gdzie-sa-wielkie-artystki-pokaz-i-rozmowa\/kwiecien-2022\">Wi\u0119cej o wydarzeniu dowiecie si\u0119 tutaj<\/a><\/h3>\n\n\n\n<p><\/p>\n","protected":false},"excerpt":{"rendered":"<p>Dlaczego wci\u0105\u017c pytamy, gdzie s\u0105 wielkie artystki? Odpowiedzi mo\u017ce udzieli\u0107 film &#8222;Hilma af Klint. Pionierka abstrakcji&#8221; Haliny Dyrschki. Festiwal film\u00f3w dokumentalnych HER Docs ju\u017c 13.04 zaprasza do warszawskiego Kina Luna na wyj\u0105tkow\u0105 histori\u0119 o szwedzkiej malarce, spirytystce i medium. Pokazowi towarzyszy\u0107 b\u0119dzie dyskusja z udzia\u0142em m.in. Andy Rottenberg. Z dzie\u0142ami Hilmy af Klint zetkn\u0119\u0142am si\u0119&hellip;<\/p>\n","protected":false},"author":12,"featured_media":75285,"comment_status":"closed","ping_status":"open","sticky":false,"template":"","format":"standard","meta":{"footnotes":"","_wpscppro_custom_social_share_image":0,"_facebook_share_type":"","_twitter_share_type":"","_linkedin_share_type":"","_pinterest_share_type":"","_linkedin_share_type_page":"","_instagram_share_type":"","_selected_social_profile":[]},"categories":[3194,5139],"tags":[5881,2250,1679,3271,3163,1548],"thb-sponsors":[],"class_list":["post-75199","post","type-post","status-publish","format-standard","has-post-thumbnail","hentry","category-polecamy","category-kultura","tag-anda-rottenberg","tag-feminizm","tag-film","tag-filmy","tag-her-docs","tag-kino-luna","parent_cat_polecamy"],"publishpress_future_action":{"enabled":false,"date":"2026-05-08 10:43:58","action":"change-status","newStatus":"draft","terms":[],"taxonomy":"category"},"publishpress_future_workflow_manual_trigger":{"enabledWorkflows":[]},"_links":{"self":[{"href":"https:\/\/goingapp.pl\/more\/wp-json\/wp\/v2\/posts\/75199"}],"collection":[{"href":"https:\/\/goingapp.pl\/more\/wp-json\/wp\/v2\/posts"}],"about":[{"href":"https:\/\/goingapp.pl\/more\/wp-json\/wp\/v2\/types\/post"}],"author":[{"embeddable":true,"href":"https:\/\/goingapp.pl\/more\/wp-json\/wp\/v2\/users\/12"}],"replies":[{"embeddable":true,"href":"https:\/\/goingapp.pl\/more\/wp-json\/wp\/v2\/comments?post=75199"}],"version-history":[{"count":44,"href":"https:\/\/goingapp.pl\/more\/wp-json\/wp\/v2\/posts\/75199\/revisions"}],"predecessor-version":[{"id":75460,"href":"https:\/\/goingapp.pl\/more\/wp-json\/wp\/v2\/posts\/75199\/revisions\/75460"}],"wp:featuredmedia":[{"embeddable":true,"href":"https:\/\/goingapp.pl\/more\/wp-json\/wp\/v2\/media\/75285"}],"wp:attachment":[{"href":"https:\/\/goingapp.pl\/more\/wp-json\/wp\/v2\/media?parent=75199"}],"wp:term":[{"taxonomy":"category","embeddable":true,"href":"https:\/\/goingapp.pl\/more\/wp-json\/wp\/v2\/categories?post=75199"},{"taxonomy":"post_tag","embeddable":true,"href":"https:\/\/goingapp.pl\/more\/wp-json\/wp\/v2\/tags?post=75199"},{"taxonomy":"thb-sponsors","embeddable":true,"href":"https:\/\/goingapp.pl\/more\/wp-json\/wp\/v2\/thb-sponsors?post=75199"}],"curies":[{"name":"wp","href":"https:\/\/api.w.org\/{rel}","templated":true}]}}