{"id":80192,"date":"2022-07-04T10:44:27","date_gmt":"2022-07-04T08:44:27","guid":{"rendered":"https:\/\/goingapp.pl\/more\/?p=80192"},"modified":"2022-07-04T11:26:47","modified_gmt":"2022-07-04T09:26:47","slug":"jas-kapela-walka-wiersze-wojownik-mdma","status":"publish","type":"post","link":"https:\/\/goingapp.pl\/more\/jas-kapela-walka-wiersze-wojownik-mdma\/","title":{"rendered":"Walka, ale z hejtem. Ja\u015b Kapela o swoim tomiku wierszy"},"content":{"rendered":"\n<h3 class=\"wp-block-heading\">Ja\u015b Kapela i walka z hejtem. Lewicowy aktywista wyda\u0142 tomik wierszy &#8222;Wojownik MDMA&#8221;, w kt\u00f3rym odnosi si\u0119 do tego, jak jest traktowany w sieci.<\/h3>\n\n\n\n<p>Ja\u015b Kapela jest osobowo\u015bci\u0105 internetow\u0105 i lewicowym aktywist\u0105. Szersza publiczno\u015b\u0107 pozna\u0142a go za spraw\u0105 g\u0142o\u015bnego wyst\u0119pu w Hejt Parku Krzysztofa Stanowskiego. Nast\u0119pnie przysz\u0142a walka z Ziemowitem Kossakowskim w oktagonie Prime Show MMA. Ta z kolei zako\u0144czy\u0142a si\u0119 du\u017cym sukcesem&#8230; i dziesi\u0105tkami mem\u00f3w.<\/p>\n\n\n\n<div style=\"height:20px\" aria-hidden=\"true\" class=\"wp-block-spacer\"><\/div>\n\n\n\n<figure class=\"wp-block-image size-large\"><img loading=\"lazy\" decoding=\"async\" width=\"674\" height=\"1024\" src=\"https:\/\/goingapp.pl\/more\/wp-content\/uploads\/2022\/07\/kapela-okladka-1-674x1024.jpg\" alt=\"Ja\u015b Kapela - walka z hejtem\" class=\"wp-image-80195\" srcset=\"https:\/\/goingapp.pl\/more\/wp-content\/uploads\/2022\/07\/kapela-okladka-1-674x1024.jpg 674w, https:\/\/goingapp.pl\/more\/wp-content\/uploads\/2022\/07\/kapela-okladka-1-197x300.jpg 197w, https:\/\/goingapp.pl\/more\/wp-content\/uploads\/2022\/07\/kapela-okladka-1-370x562.jpg 370w, https:\/\/goingapp.pl\/more\/wp-content\/uploads\/2022\/07\/kapela-okladka-1-185x281.jpg 185w, https:\/\/goingapp.pl\/more\/wp-content\/uploads\/2022\/07\/kapela-okladka-1-20x30.jpg 20w, https:\/\/goingapp.pl\/more\/wp-content\/uploads\/2022\/07\/kapela-okladka-1-400x608.jpg 400w, https:\/\/goingapp.pl\/more\/wp-content\/uploads\/2022\/07\/kapela-okladka-1-32x48.jpg 32w\" sizes=\"(max-width: 674px) 100vw, 674px\" \/><\/figure>\n\n\n\n<div style=\"height:20px\" aria-hidden=\"true\" class=\"wp-block-spacer\"><\/div>\n\n\n\n<p><em>Wojownik MDMA<\/em> to ksi\u0105\u017cka poetycka, na kt\u00f3r\u0105 sk\u0142adaj\u0105 si\u0119 wiersze opublikowane w przesz\u0142o\u015bci, jak i ca\u0142kiem nowe utwory. Jak pisze o tomiku Marta Konarzewska: <em>To jest opowie\u015b\u0107 o \u015bwiecie po hejcie, z doznania hejtu i z odpowiedzi na przemoc id\u0105 tu s\u0142owa. Bez obciachu jest ta poezja i m\u00f3wi rzeczy proste, w tym jej bezwstydno\u015b\u0107 i si\u0142a kuglarska. Frazy biegaj\u0105 po g\u0142owie, jak gdyby w zwariowanym ta\u0144cu.<\/em><\/p>\n\n\n\n<p>Spytany, czym dla niego jest <em>Wojownik MDMA<\/em> Ja\u015b Kapela wspomina: <em>Po wyst\u0119pie w Hejt parku wielu os\u00f3b na\u015bmiewa\u0142o si\u0119 ze mnie i mojej poezji. Dlatego bardzo ucieszy\u0142em si\u0119 z propozycji od Staromiejskiego Domu Kultury, kt\u00f3ry zaproponowa\u0142 mi wydanie nowego tomiku i da\u0142 woln\u0105 r\u0119k\u0119, co do jego kszta\u0142tu.<\/em> <\/p>\n\n\n\n<p>I dodaje:<em> <\/em>T<em>o poniek\u0105d podsumowanie mojej kariery poetyckiej, zbi\u00f3r prawie wszystkich wierszy, kt\u00f3re w \u017cyciu napisa\u0142em i uzna\u0142em za warte publikacji w papierze. Co oczywi\u015bcie nie oznacza, \u017ce zamierzam przesta\u0107 pisa\u0107 wiersze, bo planuj\u0119 to robi\u0107 dalej<\/em>. <\/p>\n\n\n\n<div style=\"height:20px\" aria-hidden=\"true\" class=\"wp-block-spacer\"><\/div>\n\n\n\n<h4 class=\"wp-block-heading\">Z hejtem na co dzie\u0144<\/h4>\n\n\n\n<p>Kapela otwarcie m\u00f3wi o do\u015bwiadczeniu internetowej przemocy, kt\u00f3ra spada na niego ka\u017cdego dnia. Tomik wierszy jest form\u0105, poprzez kt\u00f3r\u0105 odpowiada na hejt na w\u0142asnych zasadach. <em>&#8211; To historia o tym jak dosta\u0142em wpierdol m.in. za bycie poet\u0105, a nast\u0119pnie powsta\u0142em i stworzy\u0142em si\u0119 na nowo, silniejszy. To tak\u017ce wyraz mojego gniewu wobec \u015bwiata, kt\u00f3ry co bardziej wra\u017cliwie i nie potrafi\u0105ce si\u0119 dostosowa\u0107 jednostki traktuje tak, jak traktuje<\/em> &#8211; podkre\u015bla. <\/p>\n\n\n\n<p>Pomys\u0142 na tytu\u0142 ma \u017ar\u00f3d\u0142o w komentarzu z fanpage&#8217;a Jasia. To z niego powsta\u0142 koncept ok\u0142adki. Wykonaniem zaj\u0119\u0142a si\u0119 Paulina Trzeciak &#8211; <a href=\"https:\/\/www.instagram.com\/paulinatrzeciak.pl\/\" target=\"_blank\" rel=\"noopener\">graficzka<\/a> i <a href=\"https:\/\/www.instagram.com\/dogheadsurigeri\/\" target=\"_blank\" rel=\"noopener\">did\u017cejka<\/a>. <\/p>\n\n\n\n<p>&#8211; <em>Zale\u017ca\u0142o mi na tym, \u017ceby estetyka postinternetu \u0142\u0105czy\u0142a si\u0119 p\u0142ynnie z tytu\u0142owym wojownikiem mi\u0142o\u015bci, czyli oczywi\u015bcie mn\u0105, podmiotem i bohaterem moich wierszy. Nie mog\u0142o te\u017c oczywi\u015bcie zabrakn\u0105\u0107 papie\u017ca, pieni\u0119dzy i Polski. M\u00f3j portret zrobi\u0142 mi \u0141ukasz Saturczak. My\u015bl\u0119, \u017ce wysz\u0142o to doskonale<\/em> &#8211; cieszy si\u0119. <\/p>\n\n\n\n<p>Jak du\u017ca jest skala emocji, kt\u00f3re wzbudza poeta, mo\u017ce \u015bwiadczy\u0107 sytuacja z ostatnich dni. Zaplanowane spotkanie autorskie w Tr\u00f3jmie\u015bcie zosta\u0142o odwo\u0142ane po protestach sta\u0142ych klient\u00f3w klubu, w kt\u00f3rym mia\u0142o si\u0119 odby\u0107. Czy w takim razie przeczyta sw\u00f3j wiersz w kolejnym oktagonie? Ja\u015b nie wyklucza takiej mo\u017cliwo\u015bci. <\/p>\n\n\n\n<p>Tomik wierszy do kupienia <a href=\"https:\/\/sdk.pl\/produkt\/wojownik-mdma\/\" target=\"_blank\" rel=\"noopener\">na stronie Staromiejskiego Domu Kultury<\/a>. <\/p>\n\n\n\n<div style=\"height:80px\" aria-hidden=\"true\" class=\"wp-block-spacer\"><\/div>\n\n\n\n<h4 class=\"has-text-align-center has-background wp-block-heading\" style=\"background-color:#fffb00\">Sprawd\u017a te\u017c: <a href=\"https:\/\/goingapp.pl\/more\/jas-kapela-wywiad-po-walce-prime-mma\/\">Hejt mo\u017ce zabi\u0107. Wa\u017cna akcja IGO<\/a><\/h4>\n","protected":false},"excerpt":{"rendered":"<p>Ja\u015b Kapela i walka z hejtem. Lewicowy aktywista wyda\u0142 tomik wierszy &#8222;Wojownik MDMA&#8221;, w kt\u00f3rym odnosi si\u0119 do tego, jak jest traktowany w sieci. Ja\u015b Kapela jest osobowo\u015bci\u0105 internetow\u0105 i lewicowym aktywist\u0105. Szersza publiczno\u015b\u0107 pozna\u0142a go za spraw\u0105 g\u0142o\u015bnego wyst\u0119pu w Hejt Parku Krzysztofa Stanowskiego. Nast\u0119pnie przysz\u0142a walka z Ziemowitem Kossakowskim w oktagonie Prime Show&hellip;<\/p>\n","protected":false},"author":20,"featured_media":80194,"comment_status":"closed","ping_status":"open","sticky":false,"template":"","format":"standard","meta":{"footnotes":"","_wpscppro_custom_social_share_image":0,"_facebook_share_type":"","_twitter_share_type":"","_linkedin_share_type":"","_pinterest_share_type":"","_linkedin_share_type_page":"","_instagram_share_type":"","_selected_social_profile":[]},"categories":[5139],"tags":[],"thb-sponsors":[],"class_list":["post-80192","post","type-post","status-publish","format-standard","has-post-thumbnail","hentry","category-kultura","parent_cat_kultura"],"publishpress_future_action":{"enabled":false,"date":"2026-05-05 18:39:30","action":"change-status","newStatus":"draft","terms":[],"taxonomy":"category"},"publishpress_future_workflow_manual_trigger":{"enabledWorkflows":[]},"_links":{"self":[{"href":"https:\/\/goingapp.pl\/more\/wp-json\/wp\/v2\/posts\/80192"}],"collection":[{"href":"https:\/\/goingapp.pl\/more\/wp-json\/wp\/v2\/posts"}],"about":[{"href":"https:\/\/goingapp.pl\/more\/wp-json\/wp\/v2\/types\/post"}],"author":[{"embeddable":true,"href":"https:\/\/goingapp.pl\/more\/wp-json\/wp\/v2\/users\/20"}],"replies":[{"embeddable":true,"href":"https:\/\/goingapp.pl\/more\/wp-json\/wp\/v2\/comments?post=80192"}],"version-history":[{"count":9,"href":"https:\/\/goingapp.pl\/more\/wp-json\/wp\/v2\/posts\/80192\/revisions"}],"predecessor-version":[{"id":80211,"href":"https:\/\/goingapp.pl\/more\/wp-json\/wp\/v2\/posts\/80192\/revisions\/80211"}],"wp:featuredmedia":[{"embeddable":true,"href":"https:\/\/goingapp.pl\/more\/wp-json\/wp\/v2\/media\/80194"}],"wp:attachment":[{"href":"https:\/\/goingapp.pl\/more\/wp-json\/wp\/v2\/media?parent=80192"}],"wp:term":[{"taxonomy":"category","embeddable":true,"href":"https:\/\/goingapp.pl\/more\/wp-json\/wp\/v2\/categories?post=80192"},{"taxonomy":"post_tag","embeddable":true,"href":"https:\/\/goingapp.pl\/more\/wp-json\/wp\/v2\/tags?post=80192"},{"taxonomy":"thb-sponsors","embeddable":true,"href":"https:\/\/goingapp.pl\/more\/wp-json\/wp\/v2\/thb-sponsors?post=80192"}],"curies":[{"name":"wp","href":"https:\/\/api.w.org\/{rel}","templated":true}]}}