{"id":80243,"date":"2022-07-04T16:55:45","date_gmt":"2022-07-04T14:55:45","guid":{"rendered":"https:\/\/goingapp.pl\/more\/?p=80243"},"modified":"2022-07-04T16:55:48","modified_gmt":"2022-07-04T14:55:48","slug":"ennio-morricone-mitch-mitch-nowy-album","status":"publish","type":"post","link":"https:\/\/goingapp.pl\/more\/ennio-morricone-mitch-mitch-nowy-album\/","title":{"rendered":"Ennio Morricone TOP 5 utwor\u00f3w &#8211; Mitch &#038; Mitch zapowiadaj\u0105 nowy album"},"content":{"rendered":"\n<h2 class=\"wp-block-heading\">Mitch &amp; Mitch dwa lata po wydaniu <em>Frisco Moods<\/em> EP zabrali si\u0119 za kompozycje Ennio Morricone. Album <em>Amore assoluto per Ennio<\/em> z dzie\u0142ami mistrza uka\u017ce si\u0119 23 wrze\u015bnia. <\/h2>\n\n\n\n<p>Wszystko zacz\u0119\u0142o si\u0119 w pa\u017adzierniku 2020 roku od towarzyskiego spotkania w domu jednego z Mitch\u00f3w. Kolejnym wa\u017cnym etapem tej historii by\u0142o zaproszenie zespo\u0142u na urodziny Drugiego Programu Polskiego Radia, gdzie po raz pierwszy materia\u0142 zosta\u0142 wykonany w pe\u0142nym wymiarze. Przez kilka kolejnych miesi\u0119cy dojrzewa\u0142a decyzja o sformalizowaniu projektu i zarejestrowaniu p\u0142yty z ulubionymi utworami Maestro. Sesja mia\u0142a miejsce pod koniec lipca 2021 roku w Studiu S4. Na repertuar albumu z\u0142o\u017cy\u0142y si\u0119 tylko utwory z easy listeningowo\/bossa novowego okresu tw\u00f3rczo\u015bci <strong>Morricone <\/strong>(1969-1971), co znaj\u0105cych dotychczasow\u0105 podr\u00f3\u017c artystyczn\u0105 <strong><a href=\"https:\/\/culture.pl\/pl\/tworca\/mitch-mitch\" target=\"_blank\" rel=\"noopener\">Mitch &amp; Mitch<\/a> <\/strong>nie powinno zbytnio zaskoczy\u0107. Premiera albumu <em>Amore assoluto per Ennio<\/em> zaplanowana jest 23 wrze\u015bnia 2022 roku. Album uka\u017ce si\u0119 nak\u0142adem Jazzboy Records.<\/p>\n\n\n\n<p>Z tej okazji wybieramy 5 najmocniejszych utwor\u00f3w w dorobku jednego z najwa\u017cniejszych kompozytor\u00f3w muzyki filmowej.<\/p>\n\n\n\n<div style=\"height:20px\" aria-hidden=\"true\" class=\"wp-block-spacer\"><\/div>\n\n\n\n<h2 class=\"has-text-align-center has-background wp-block-heading\" style=\"background-color:#feff05\"><a href=\"https:\/\/goingapp.pl\/wydarzenia?title_pl=morricone\">Utwory Ennio Morricone na \u017cywo w Twoim mie\u015bcie<\/a><\/h2>\n\n\n\n<div style=\"height:80px\" aria-hidden=\"true\" class=\"wp-block-spacer\"><\/div>\n\n\n\n<h2 class=\"wp-block-heading\">The Ecstasy of Gold<\/h2>\n\n\n\n<figure class=\"wp-block-embed-youtube wp-block-embed is-type-video is-provider-youtube wp-embed-aspect-4-3 wp-has-aspect-ratio\"><div class=\"wp-block-embed__wrapper\">\n<iframe loading=\"lazy\"  id=\"_ytid_36960\"  width=\"1170\" height=\"658\"  data-origwidth=\"1170\" data-origheight=\"658\" src=\"https:\/\/www.youtube.com\/embed\/cCEwUFtjAr4?enablejsapi=1&#038;autoplay=0&#038;cc_load_policy=0&#038;cc_lang_pref=&#038;iv_load_policy=1&#038;loop=0&#038;modestbranding=0&#038;rel=1&#038;fs=1&#038;playsinline=0&#038;autohide=2&#038;theme=dark&#038;color=red&#038;controls=1&#038;\" class=\"__youtube_prefs__  epyt-is-override  no-lazyload\" title=\"YouTube player\"  allow=\"fullscreen; accelerometer; autoplay; clipboard-write; encrypted-media; gyroscope; picture-in-picture\" allowfullscreen data-no-lazy=\"1\" data-skipgform_ajax_framebjll=\"\"><\/iframe>\n<\/div><\/figure>\n\n\n\n<div style=\"height:20px\" aria-hidden=\"true\" class=\"wp-block-spacer\"><\/div>\n\n\n\n<p>Niezapomniany utw\u00f3r z filmu <em>Dobry, z\u0142y i brzydki<\/em>, kt\u00f3ry da\u0142 nam jedn\u0105 z najbardziej ikonicznych melodii. Epicki, t\u0119tni\u0105cy \u017cyciem tw\u00f3r \u015bwietnie oddaje suspens dzie\u0142a <strong>Sergio Leone<\/strong>. Po dekadach ci\u0119\u017cko wyobrazi\u0107 sobie inne d\u017awi\u0119ki towarzysz\u0105ce mro\u017c\u0105cym krew w \u017cy\u0142ach scenom. <em>The Ecstacy of Gold <\/em>w perfekcyjny spos\u00f3b ukazuje najwi\u0119ksz\u0105 ze zdolno\u015bci Morricone, czyli jego umiej\u0119tno\u015b\u0107 oddania ducha i intensywno\u015bci obrazu. <\/p>\n\n\n\n<div style=\"height:80px\" aria-hidden=\"true\" class=\"wp-block-spacer\"><\/div>\n\n\n\n<h2 class=\"wp-block-heading\">Here&#8217;s to you <\/h2>\n\n\n\n<figure class=\"wp-block-embed-youtube wp-block-embed is-type-video is-provider-youtube wp-embed-aspect-16-9 wp-has-aspect-ratio\"><div class=\"wp-block-embed__wrapper\">\n<iframe loading=\"lazy\"  id=\"_ytid_66278\"  width=\"1170\" height=\"658\"  data-origwidth=\"1170\" data-origheight=\"658\" src=\"https:\/\/www.youtube.com\/embed\/prLAcKnlb9Q?enablejsapi=1&#038;autoplay=0&#038;cc_load_policy=0&#038;cc_lang_pref=&#038;iv_load_policy=1&#038;loop=0&#038;modestbranding=0&#038;rel=1&#038;fs=1&#038;playsinline=0&#038;autohide=2&#038;theme=dark&#038;color=red&#038;controls=1&#038;\" class=\"__youtube_prefs__  epyt-is-override  no-lazyload\" title=\"YouTube player\"  allow=\"fullscreen; accelerometer; autoplay; clipboard-write; encrypted-media; gyroscope; picture-in-picture\" allowfullscreen data-no-lazy=\"1\" data-skipgform_ajax_framebjll=\"\"><\/iframe>\n<\/div><\/figure>\n\n\n\n<div style=\"height:20px\" aria-hidden=\"true\" class=\"wp-block-spacer\"><\/div>\n\n\n\n<p>Pami\u0119tacie <strong><em>Podwodne \u017cycie ze Steve\u2019em Zissou<\/em><\/strong> Wesa Andersona? To w\u0142a\u015bnie dzi\u0119ki temu filmowi wyprodukowany przez Morricone w 1971 roku utw\u00f3r zyska\u0142 drugie \u017cycie.  Wokal sprawia, \u017ce ca\u0142o\u015b\u0107 brzmi jeszcze bardziej chwytliwie i lekko ni\u017c wersja instrumentalna. Co ciekawe, sama tematyka piosenki nie ma nic wsp\u00f3lnego z lekko\u015bci\u0105, bowiem traktuje ona o nies\u0142usznej i bezpodstawnej egzekucji dw\u00f3ch w\u0142oskich anarchist\u00f3w. <\/p>\n\n\n\n<div style=\"height:80px\" aria-hidden=\"true\" class=\"wp-block-spacer\"><\/div>\n\n\n\n<h2 class=\"wp-block-heading\">Days of Heaven<\/h2>\n\n\n\n<figure class=\"wp-block-embed-youtube wp-block-embed is-type-video is-provider-youtube wp-embed-aspect-16-9 wp-has-aspect-ratio wp-embed-aspect-4-3\"><div class=\"wp-block-embed__wrapper\">\n<iframe loading=\"lazy\"  id=\"_ytid_35179\"  width=\"1170\" height=\"658\"  data-origwidth=\"1170\" data-origheight=\"658\" src=\"https:\/\/www.youtube.com\/embed\/OxuvJU0MVaU?enablejsapi=1&#038;autoplay=0&#038;cc_load_policy=0&#038;cc_lang_pref=&#038;iv_load_policy=1&#038;loop=0&#038;modestbranding=0&#038;rel=1&#038;fs=1&#038;playsinline=0&#038;autohide=2&#038;theme=dark&#038;color=red&#038;controls=1&#038;\" class=\"__youtube_prefs__  epyt-is-override  no-lazyload\" title=\"YouTube player\"  allow=\"fullscreen; accelerometer; autoplay; clipboard-write; encrypted-media; gyroscope; picture-in-picture\" allowfullscreen data-no-lazy=\"1\" data-skipgform_ajax_framebjll=\"\"><\/iframe>\n<\/div><figcaption><sup>Ennio Morricone<\/sup><\/figcaption><\/figure>\n\n\n\n<div style=\"height:20px\" aria-hidden=\"true\" class=\"wp-block-spacer\"><\/div>\n\n\n\n<p><em>Niebia\u0144skie dni<\/em> pozostaj\u0105 do dzi\u015b jednym z najbardziej kluczowych dzie\u0142 w dorobku <strong>Terrenca Malicka<\/strong>. Duszna, naturalistyczna narracja filmu \u015bwietnie wsp\u00f3\u0142gra z oszcz\u0119dn\u0105, ale ociekaj\u0105c\u0105 emocjami \u015bcie\u017ck\u0105 Morricone. Kompozytorowi uda\u0142o si\u0119 odda\u0107 klimat obrazu dzi\u0119ki sprawnemu nagromadzeniu detali. S\u0142uchaj\u0105c <em>Days of Heaven<\/em> czujemy idylliczn\u0105 rzeczywisto\u015b\u0107 \u017cycia na farmie podszyt\u0105 pewn\u0105 doz\u0105 niepokoju. S\u0142owem &#8211; perfekcja.<\/p>\n\n\n\n<div style=\"height:80px\" aria-hidden=\"true\" class=\"wp-block-spacer\"><\/div>\n\n\n\n<h2 class=\"wp-block-heading\">Cockeye&#8217;s song<\/h2>\n\n\n\n<figure class=\"wp-block-embed-youtube wp-block-embed is-type-video is-provider-youtube wp-embed-aspect-4-3 wp-has-aspect-ratio\"><div class=\"wp-block-embed__wrapper\">\n<iframe loading=\"lazy\"  id=\"_ytid_85652\"  width=\"1170\" height=\"658\"  data-origwidth=\"1170\" data-origheight=\"658\" src=\"https:\/\/www.youtube.com\/embed\/FcmgPx4BeXc?enablejsapi=1&#038;autoplay=0&#038;cc_load_policy=0&#038;cc_lang_pref=&#038;iv_load_policy=1&#038;loop=0&#038;modestbranding=0&#038;rel=1&#038;fs=1&#038;playsinline=0&#038;autohide=2&#038;theme=dark&#038;color=red&#038;controls=1&#038;\" class=\"__youtube_prefs__  epyt-is-override  no-lazyload\" title=\"YouTube player\"  allow=\"fullscreen; accelerometer; autoplay; clipboard-write; encrypted-media; gyroscope; picture-in-picture\" allowfullscreen data-no-lazy=\"1\" data-skipgform_ajax_framebjll=\"\"><\/iframe>\n<\/div><\/figure>\n\n\n\n<div style=\"height:20px\" aria-hidden=\"true\" class=\"wp-block-spacer\"><\/div>\n\n\n\n<p><em>Pewnego razu na dzikim zachodzie<\/em> to ostatnia wsp\u00f3\u0142praca na linii Morricone &#8211; Leone. I ci\u0119\u017cko wyobrazi\u0107 sobie lepszy fina\u0142 tej legendarnej kolaboracji. Kompozytor si\u0119ga tu po swoje najskuteczniejsze dzia\u0142a i uderza w sentymentalne tony. Pomys\u0142 na wykorzystanie fleta jest genialny w swojej prostocie. D\u017awi\u0119k tego instrumentu dos\u0142ownie porusza najbardziej skryte struny naszej duszy.<\/p>\n\n\n\n<div style=\"height:80px\" aria-hidden=\"true\" class=\"wp-block-spacer\"><\/div>\n\n\n\n<h2 class=\"wp-block-heading\">Mal\u00e8na<\/h2>\n\n\n\n<figure class=\"wp-block-embed-youtube wp-block-embed is-type-video is-provider-youtube wp-embed-aspect-16-9 wp-has-aspect-ratio\"><div class=\"wp-block-embed__wrapper\">\n<iframe loading=\"lazy\"  id=\"_ytid_58858\"  width=\"1170\" height=\"658\"  data-origwidth=\"1170\" data-origheight=\"658\" src=\"https:\/\/www.youtube.com\/embed\/W-YD2Y8ojYE?enablejsapi=1&#038;autoplay=0&#038;cc_load_policy=0&#038;cc_lang_pref=&#038;iv_load_policy=1&#038;loop=0&#038;modestbranding=0&#038;rel=1&#038;fs=1&#038;playsinline=0&#038;autohide=2&#038;theme=dark&#038;color=red&#038;controls=1&#038;\" class=\"__youtube_prefs__  epyt-is-override  no-lazyload\" title=\"YouTube player\"  allow=\"fullscreen; accelerometer; autoplay; clipboard-write; encrypted-media; gyroscope; picture-in-picture\" allowfullscreen data-no-lazy=\"1\" data-skipgform_ajax_framebjll=\"\"><\/iframe>\n<\/div><figcaption><sup>Ennio Morricone<\/sup><\/figcaption><\/figure>\n\n\n\n<div style=\"height:20px\" aria-hidden=\"true\" class=\"wp-block-spacer\"><\/div>\n\n\n\n<p>Nie ka\u017cdy film, kt\u00f3ry mia\u0142 szcz\u0119\u015bcie bycia okraszonym \u015bcie\u017ck\u0105 w wykonaniu mistrza, okazywa\u0142 si\u0119 by\u0107 wielkim dzie\u0142em kinematografii. Nie zmienia to faktu, \u017ce Morricone praktycznie za ka\u017cdym razem stawa\u0142 na wysoko\u015bci zadania. Czy warto ogl\u0105da\u0107 firmy tylko i wy\u0142\u0105cznie ze wzgl\u0119du na towarzysz\u0105c\u0105 im muzyk\u0119? Tak, je\u015bli odpowiada za ni\u0105 w\u0142oski wirtuoz.<\/p>\n\n\n\n<div style=\"height:80px\" aria-hidden=\"true\" class=\"wp-block-spacer\"><\/div>\n","protected":false},"excerpt":{"rendered":"<p>Mitch &amp; Mitch dwa lata po wydaniu Frisco Moods EP zabrali si\u0119 za kompozycje Ennio Morricone. Album Amore assoluto per Ennio z dzie\u0142ami mistrza uka\u017ce si\u0119 23 wrze\u015bnia. Wszystko zacz\u0119\u0142o si\u0119 w pa\u017adzierniku 2020 roku od towarzyskiego spotkania w domu jednego z Mitch\u00f3w. Kolejnym wa\u017cnym etapem tej historii by\u0142o zaproszenie zespo\u0142u na urodziny Drugiego Programu&hellip;<\/p>\n","protected":false},"author":22,"featured_media":80257,"comment_status":"closed","ping_status":"open","sticky":false,"template":"","format":"standard","meta":{"footnotes":"","_wpscppro_custom_social_share_image":0,"_facebook_share_type":"","_twitter_share_type":"","_linkedin_share_type":"","_pinterest_share_type":"","_linkedin_share_type_page":"","_instagram_share_type":"","_selected_social_profile":[]},"categories":[29,3194],"tags":[3273],"thb-sponsors":[],"class_list":["post-80243","post","type-post","status-publish","format-standard","has-post-thumbnail","hentry","category-news","category-polecamy","tag-more","parent_cat_news"],"publishpress_future_action":{"enabled":false,"date":"2026-05-07 02:25:13","action":"change-status","newStatus":"draft","terms":[],"taxonomy":"category"},"publishpress_future_workflow_manual_trigger":{"enabledWorkflows":[]},"_links":{"self":[{"href":"https:\/\/goingapp.pl\/more\/wp-json\/wp\/v2\/posts\/80243"}],"collection":[{"href":"https:\/\/goingapp.pl\/more\/wp-json\/wp\/v2\/posts"}],"about":[{"href":"https:\/\/goingapp.pl\/more\/wp-json\/wp\/v2\/types\/post"}],"author":[{"embeddable":true,"href":"https:\/\/goingapp.pl\/more\/wp-json\/wp\/v2\/users\/22"}],"replies":[{"embeddable":true,"href":"https:\/\/goingapp.pl\/more\/wp-json\/wp\/v2\/comments?post=80243"}],"version-history":[{"count":2,"href":"https:\/\/goingapp.pl\/more\/wp-json\/wp\/v2\/posts\/80243\/revisions"}],"predecessor-version":[{"id":80291,"href":"https:\/\/goingapp.pl\/more\/wp-json\/wp\/v2\/posts\/80243\/revisions\/80291"}],"wp:featuredmedia":[{"embeddable":true,"href":"https:\/\/goingapp.pl\/more\/wp-json\/wp\/v2\/media\/80257"}],"wp:attachment":[{"href":"https:\/\/goingapp.pl\/more\/wp-json\/wp\/v2\/media?parent=80243"}],"wp:term":[{"taxonomy":"category","embeddable":true,"href":"https:\/\/goingapp.pl\/more\/wp-json\/wp\/v2\/categories?post=80243"},{"taxonomy":"post_tag","embeddable":true,"href":"https:\/\/goingapp.pl\/more\/wp-json\/wp\/v2\/tags?post=80243"},{"taxonomy":"thb-sponsors","embeddable":true,"href":"https:\/\/goingapp.pl\/more\/wp-json\/wp\/v2\/thb-sponsors?post=80243"}],"curies":[{"name":"wp","href":"https:\/\/api.w.org\/{rel}","templated":true}]}}