{"id":85544,"date":"2022-09-10T10:59:00","date_gmt":"2022-09-10T08:59:00","guid":{"rendered":"https:\/\/goingapp.pl\/more\/?p=85544"},"modified":"2022-09-09T11:00:19","modified_gmt":"2022-09-09T09:00:19","slug":"polskie-kino-na-fali-6-filmow-ktore-warto-zobaczyc-na-festiwalu-w-gdyni","status":"publish","type":"post","link":"https:\/\/goingapp.pl\/more\/polskie-kino-na-fali-6-filmow-ktore-warto-zobaczyc-na-festiwalu-w-gdyni\/","title":{"rendered":"Polskie kino na fali. 6 film\u00f3w, kt\u00f3re warto zobaczy\u0107 na festiwalu w Gdyni"},"content":{"rendered":"\n<h3 class=\"wp-block-heading\">Ci, kt\u00f3rzy narzekaj\u0105, \u017ce rodzima kinematografia nie ma zbyt wiele do zaoferowania, powinni w najbli\u017cszym czasie odwiedzi\u0107 Tr\u00f3jmiasto. Rozpoczynaj\u0105cy si\u0119 12 wrze\u015bnia Festiwal Polskich Film\u00f3w Fabularnych w Gdyni jak co roku skupia najciekawsze dzie\u0142a powsta\u0142e nad Wis\u0142\u0105. <\/h3>\n\n\n\n<p>Z bogatego programu wydarzenia wy\u0142uskali\u015bmy sze\u015b\u0107 tytu\u0142\u00f3w, na kt\u00f3re warto zwr\u00f3ci\u0107 szczeg\u00f3ln\u0105 uwag\u0119. W selekcji: biografia aktorki, alpinisty, kino LGBT+ i wywrotowy slasher. <\/p>\n\n\n\n<p><strong>47. Festiwal Polskich Film\u00f3w Fabularnych<\/strong> odb\u0119dzie si\u0119 w dniach <strong>12-17 wrze\u015bnia<\/strong>. O tym, kto podzieli los <em>Wszystkich naszych strach\u00f3w<\/em> i si\u0119gnie po Z\u0142ote Lwy, zdecyduje jury pod przewodnictwem re\u017cysera Jerzego Domaradzkiego. Osobne nagrody zostan\u0105 przyznane filmom kr\u00f3tkometra\u017cowym oraz mikrobud\u017cetowym. Na wydarzeniu, kt\u00f3rego dyrektorem artystycznym trzeci rok z rz\u0119du jest <strong>Tomasz Kolankiewicz<\/strong>, nie zabraknie tak\u017ce prezentacji koprodukcji mi\u0119dzynarodowych i wycieczek do archiw\u00f3w. Mi\u0142osz Stelmach wytypowa\u0142 cho\u0107by polskie tytu\u0142y powsta\u0142e w latach 1982-1983 \u2013 nigdy nieprezentowane w Gdyni ze wzgl\u0119d\u00f3w politycznych. Cz\u0119\u015b\u0107&nbsp;z produkcji zostanie r\u00f3wnie\u017c bezp\u0142atnie udost\u0119pniona w sieci. <\/p>\n\n\n\n<p>Przesz\u0142o\u015b\u0107\u00a0przesz\u0142o\u015bci\u0105, ale festiwal to przede wszystkim arena nowo\u015bci. Wszystkie filmy, o kt\u00f3rych piszemy, wkr\u00f3tce pojawi\u0105 si\u0119 w kinach lub w serwisach streamingowych. Warto ju\u017c teraz mie\u0107 na nie oko, jednak jeszcze bardziej warto rozwa\u017cy\u0107 spontaniczn\u0105 wizyt\u0119 w Tr\u00f3jmie\u015bcie. Karnety i akredytacje ju\u017c si\u0119 rozesz\u0142y, ale nadal mo\u017cecie <a rel=\"nofollow noopener\" href=\"https:\/\/www.rp.pl\/abc-firmy\/art37015161-kombi-kontra-kombii-nazwa-polskiego-zespolu-w-wyroku-sadu-w-luksemburgu\" target=\"_blank\">zaopatrzy\u0107 si\u0119<\/a> w pojedyncze bilety. <\/p>\n\n\n\n<div style=\"height:20px\" aria-hidden=\"true\" class=\"wp-block-spacer\"><\/div>\n\n\n\n<h3 class=\"wp-block-heading\"><em>Broad Peak <\/em>\/ re\u017c. Leszek Dawid<\/h3>\n\n\n\n<p>Lubimy ogl\u0105da\u0107 opowie\u015bci o himalaistach. Imponuje nam ich determinacja w d\u0105\u017ceniu do celu i przekraczania granic, intryguje fakt, \u017ce s\u0105 gotowi do po\u015bwi\u0119cenia w\u0142asnego \u017cycia w imi\u0119 wspi\u0119cia na sam szczyt. Kolejn\u0105 szans\u0119 na zetkni\u0119cie si\u0119&nbsp;z ich \u015bwiatem stwarza premiera <em>Broad Peak <\/em>Leszka Dawida. Po ukazaniu los\u00f3w Magika (<em>Jeste\u015b Bogiem<\/em>) re\u017cyser zn\u00f3w zaprezentowa\u0142 histori\u0119 opart\u0105 na faktach. Tym razem przygl\u0105da si\u0119&nbsp;postaci Macieja Berbeki, kt\u00f3ry zagin\u0105\u0142 w Himalajach w marcu 2013 roku, a jego cia\u0142a do dzi\u015b nie odnaleziono. W filmie dowiemy si\u0119, co poprzedzi\u0142o feralny wypadek i przypomnimy sobie, dlaczego g\u00f3ry bywaj\u0105 nieprzewidywalne. Wcze\u015bniej od nas dowiedzieli si\u0119 o tym sami tw\u00f3rcy \u2013 zdj\u0119cia realizowane na wysoko\u015bci powy\u017cej 5000 m.n.p.m. stanowczo da\u0142y im w ko\u015b\u0107. <\/p>\n\n\n\n<div style=\"height:20px\" aria-hidden=\"true\" class=\"wp-block-spacer\"><\/div>\n\n\n\n<figure class=\"wp-block-embed-youtube wp-block-embed is-type-video is-provider-youtube wp-embed-aspect-16-9 wp-has-aspect-ratio\"><div class=\"wp-block-embed__wrapper\">\n<iframe loading=\"lazy\"  id=\"_ytid_48044\"  width=\"1170\" height=\"658\"  data-origwidth=\"1170\" data-origheight=\"658\" src=\"https:\/\/www.youtube.com\/embed\/ILh1hoiq0Jg?enablejsapi=1&#038;autoplay=0&#038;cc_load_policy=0&#038;cc_lang_pref=&#038;iv_load_policy=1&#038;loop=0&#038;modestbranding=0&#038;rel=1&#038;fs=1&#038;playsinline=0&#038;autohide=2&#038;theme=dark&#038;color=red&#038;controls=1&#038;\" class=\"__youtube_prefs__  epyt-is-override  no-lazyload\" title=\"YouTube player\"  allow=\"fullscreen; accelerometer; autoplay; clipboard-write; encrypted-media; gyroscope; picture-in-picture\" allowfullscreen data-no-lazy=\"1\" data-skipgform_ajax_framebjll=\"\"><\/iframe>\n<\/div><figcaption><sup>zwiastun filmu \u201eBroad Peak\u201d \/ re\u017c. Leszek Dawid <\/sup><\/figcaption><\/figure>\n\n\n\n<div style=\"height:20px\" aria-hidden=\"true\" class=\"wp-block-spacer\"><\/div>\n\n\n\n<h3 class=\"wp-block-heading\"><em>Johnny<\/em> \/ re\u017c. Daniel Jaroszek <\/h3>\n\n\n\n<p>Dotychczas realizowa\u0142 reklamy i teledyski \u2013 spod jego r\u0105k wyszed\u0142 cho\u0107by klip ilustruj\u0105cy <em><a href=\"https:\/\/www.youtube.com\/watch?v=ZW9L4mlqnnk\" rel=\"nofollow noopener\" target=\"_blank\">Trofea<\/a> <\/em>Dawida Podsiad\u0142o. <em>Johnny <\/em>jest dla Daniela Jaroszka pierwsz\u0105&nbsp;szans\u0105 na wi\u0119ksz\u0105 zabaw\u0119 fabu\u0142\u0105 i rozwini\u0119cie historii. Tw\u00f3rca wzi\u0105\u0142 na warsztat losy zmar\u0142ego w 2016 roku Jana Kaczkowskiego. Duchowny na powa\u017cnie bra\u0142 ide\u0119 popularyzowania wiary. Zaznacza\u0142 swoj\u0105 obecno\u015b\u0107&nbsp;w sieci licznymi vlogami, anga\u017cowa\u0142 m\u0142odych ludzi w wolontariat i ch\u0119tnie przekazywa\u0142 swoj\u0105 wiedz\u0119 wychowankom. To w\u0142a\u015bnie z perspektywy jednego z nich podj\u0119to si\u0119 pr\u00f3by opowiedzenia o bohaterze. Zagra\u0142 go Dawid Ogrodnik, kt\u00f3ry rozbudowuje tym samym swoje biograficzne<em> emploi<\/em>. Gra\u0142 ju\u017c dziennikarza muzycznego, przest\u0119pc\u0119 z PRL-u i niewidomego pianist\u0119, ale na ambon\u0119 jeszcze dot\u0105d nie wchodzi\u0142.<\/p>\n\n\n\n<div style=\"height:20px\" aria-hidden=\"true\" class=\"wp-block-spacer\"><\/div>\n\n\n\n<figure class=\"wp-block-embed-youtube wp-block-embed is-type-video is-provider-youtube wp-embed-aspect-16-9 wp-has-aspect-ratio\"><div class=\"wp-block-embed__wrapper\">\n<iframe loading=\"lazy\"  id=\"_ytid_95966\"  width=\"1170\" height=\"658\"  data-origwidth=\"1170\" data-origheight=\"658\" src=\"https:\/\/www.youtube.com\/embed\/6FZDPMo2NCY?enablejsapi=1&#038;autoplay=0&#038;cc_load_policy=0&#038;cc_lang_pref=&#038;iv_load_policy=1&#038;loop=0&#038;modestbranding=0&#038;rel=1&#038;fs=1&#038;playsinline=0&#038;autohide=2&#038;theme=dark&#038;color=red&#038;controls=1&#038;\" class=\"__youtube_prefs__  epyt-is-override  no-lazyload\" title=\"YouTube player\"  allow=\"fullscreen; accelerometer; autoplay; clipboard-write; encrypted-media; gyroscope; picture-in-picture\" allowfullscreen data-no-lazy=\"1\" data-skipgform_ajax_framebjll=\"\"><\/iframe>\n<\/div><figcaption><sup>zwiastun filmu \u201eJohnny\u201d \/ re\u017c. Daniel Jaroszek <\/sup><\/figcaption><\/figure>\n\n\n\n<div style=\"height:20px\" aria-hidden=\"true\" class=\"wp-block-spacer\"><\/div>\n\n\n\n<h3 class=\"wp-block-heading\"><em>Ania <\/em>\/ re\u017c. Krystian Kuczkowski, Micha\u0142 Bandurski <\/h3>\n\n\n\n<p>W pa\u017adzierniku minie osiem lat od przedwczesnej \u015bmierci Anny Przybylskiej \u2013 popularnej aktorki serialowej i fotomodelki. Patrz\u0105c na to, \u017ce przez ca\u0142e zawodowe \u017cycie obcowa\u0142a z kamerami, mo\u017cna \u015bmia\u0142o przypuszcza\u0107, \u017ce to w\u0142a\u015bnie film b\u0119dzie najlepsz\u0105 form\u0105 jej upami\u0119tnienia. Wyzwania tego w dokumencie podj\u0105\u0142 si\u0119 duet Micha\u0142a Bandurskiego i Krystiana Kuczkowskiego. Tw\u00f3rcy dotarli do rodziny, przyjaci\u00f3\u0142 i wsp\u00f3\u0142pracownik\u00f3w gdynianki (m.in. Jan Englert, Piotr Szwedes czy Micha\u0142 \u017bebrowski), uk\u0142adaj\u0105c z ich wypowiedzi jej barwny, intymny portret. Padnie tu sporo s\u0142\u00f3w o karierze Przybylskiej, ale i o jej \u0142agodnym, optymistycznym usposobieniu. U\u015bmiech na jej twarzy zostawa\u0142&nbsp;do samego ko\u0144ca \u2013 nawet wtedy, gdy wiedzia\u0142a, \u017ce walka z guzem trzustki sta\u0142a si\u0119 nier\u00f3wna. <\/p>\n\n\n\n<div style=\"height:20px\" aria-hidden=\"true\" class=\"wp-block-spacer\"><\/div>\n\n\n\n<div class=\"wp-block-image\"><figure class=\"aligncenter size-large is-resized\"><img loading=\"lazy\" decoding=\"async\" src=\"https:\/\/goingapp.pl\/more\/wp-content\/uploads\/2022\/09\/Anna-Przybylska-.jpeg\" alt=\"festiwal w Gdyni\" class=\"wp-image-85549\" width=\"350\" height=\"438\" srcset=\"https:\/\/goingapp.pl\/more\/wp-content\/uploads\/2022\/09\/Anna-Przybylska-.jpeg 700w, https:\/\/goingapp.pl\/more\/wp-content\/uploads\/2022\/09\/Anna-Przybylska--240x300.jpeg 240w, https:\/\/goingapp.pl\/more\/wp-content\/uploads\/2022\/09\/Anna-Przybylska--185x231.jpeg 185w, https:\/\/goingapp.pl\/more\/wp-content\/uploads\/2022\/09\/Anna-Przybylska--20x25.jpeg 20w, https:\/\/goingapp.pl\/more\/wp-content\/uploads\/2022\/09\/Anna-Przybylska--38x48.jpeg 38w\" sizes=\"(max-width: 350px) 100vw, 350px\" \/><figcaption><sup>plakat filmu \u201eAnia\u201d \/ re\u017c. Micha\u0142 Bandurski, Krystian Kuczkowski <\/sup><\/figcaption><\/figure><\/div>\n\n\n\n<div style=\"height:20px\" aria-hidden=\"true\" class=\"wp-block-spacer\"><\/div>\n\n\n\n<h3 class=\"wp-block-heading\"><em>Kobieta na dachu <\/em>\/ re\u017c. Anna Jadowska <\/h3>\n\n\n\n<p>Re\u017cyserka <em>Dzikich r\u00f3\u017c <\/em>i serialu <em>Genera\u0142<\/em> z przytupem powr\u00f3ci\u0142a do \u015bwiata kina. <em>Kobiet\u0119 na dachu <\/em>premierowo zaprezentowa\u0142a na nowojorskim festiwalu Tribeca, gdzie przyj\u0119to j\u0105 z du\u017cym entuzjazmem. Teraz nadesz\u0142a pora na to, \u017ceby Jadowsk\u0105 doceni\u0142a publiczno\u015b\u0107&nbsp;zgromadzona w Gdyni. Szanse na to nie s\u0105 ma\u0142e, zw\u0142aszcza \u017ce historia na papierze rysuje si\u0119 do\u015b\u0107&nbsp;ciekawie. Tytu\u0142owa protagonistka, Mira, zaskakuje wszystkich, a przede wszystkim sam\u0105 siebie, gdy prze\u0142amuje rutyn\u0119 i dokonuje napadu na bank. Po tym incydencie nic nie b\u0119dzie ju\u017c takie samo, ale jak mawia klasyk, ka\u017cdy koniec jest pocz\u0105tkiem czego\u015b nowego. Oby dla samej Jadowskiej i Doroty Pomyka\u0142y, odtw\u00f3rczyni g\u0142\u00f3wnej roli, <em>Kobieta na dachu <\/em>r\u00f3wnie\u017c okaza\u0142a si\u0119 przepustk\u0105 do wi\u0119kszych wyzwa\u0144.<\/p>\n\n\n\n<div style=\"height:20px\" aria-hidden=\"true\" class=\"wp-block-spacer\"><\/div>\n\n\n\n<figure class=\"wp-block-embed-youtube wp-block-embed is-type-video is-provider-youtube wp-embed-aspect-16-9 wp-has-aspect-ratio\"><div class=\"wp-block-embed__wrapper\">\n<iframe loading=\"lazy\"  id=\"_ytid_87527\"  width=\"1170\" height=\"658\"  data-origwidth=\"1170\" data-origheight=\"658\" src=\"https:\/\/www.youtube.com\/embed\/tPCclQeexQ8?enablejsapi=1&#038;autoplay=0&#038;cc_load_policy=0&#038;cc_lang_pref=&#038;iv_load_policy=1&#038;loop=0&#038;modestbranding=0&#038;rel=1&#038;fs=1&#038;playsinline=0&#038;autohide=2&#038;theme=dark&#038;color=red&#038;controls=1&#038;\" class=\"__youtube_prefs__  epyt-is-override  no-lazyload\" title=\"YouTube player\"  allow=\"fullscreen; accelerometer; autoplay; clipboard-write; encrypted-media; gyroscope; picture-in-picture\" allowfullscreen data-no-lazy=\"1\" data-skipgform_ajax_framebjll=\"\"><\/iframe>\n<\/div><figcaption><sup>zwiastun filmu \u201eKobieta na dachu\u201d \/ re\u017c. Anna Jadowska <\/sup><\/figcaption><\/figure>\n\n\n\n<div style=\"height:20px\" aria-hidden=\"true\" class=\"wp-block-spacer\"><\/div>\n\n\n\n<h3 class=\"wp-block-heading\"><em>S\u0142o\u0144 <\/em>\/ re\u017c. Kamil Krawczycki <\/h3>\n\n\n\n<p>Prosty, ale poruszaj\u0105cy \u2013 tak naj\u0142atwiej opisa\u0107 pe\u0142nometra\u017cowy debiut Krawczyckiego, w kt\u00f3rym wyst\u0119puj\u0105 m.in. Jan Hrynkiewicz, Ewa Skibi\u0144ska i Pawe\u0142 Tomaszewski. <em>S\u0142o\u0144 <\/em>to kameralna historia mi\u0142o\u015bci Bartka i Dawida. Bohater\u00f3w po\u0142\u0105czy\u0142y okoliczno\u015bci pierwszego spotkania. Obydwoje niedawno stracili ojca, a teraz szukaj\u0105 blisko\u015bci i zrozumienia. Nie b\u0119dzie to jednak proste, zw\u0142aszcza \u017ce nie wszyscy s\u0105 przychylni ich relacji. \u2013  S\u0142o\u0144<em> powsta\u0142 dla ch\u0142opak\u00f3w, kt\u00f3rzy by\u0107 mo\u017ce dzisiaj zmagaj\u0105 si\u0119 z podobnymi prze\u017cyciami i szukaj\u0105 pomocy, kt\u00f3rej nie dostan\u0105 od doros\u0142ych<\/em> \u2013 <a rel=\"nofollow noopener\" href=\"https:\/\/kultura.onet.pl\/film\/wywiady-i-artykuly\/kamil-krawczycki-rezyser-filmu-slon-w-cyklu-odkrywamysie\/97y574g\" target=\"_blank\">m\u00f3wi\u0142<\/a> Krawczycki w rozmowie z <em>Onet Kultura<\/em>. W premierze kryje si\u0119 zatem dodatkowe, pozaartystyczne przes\u0142anie \u2013 nios\u0105ce nadziej\u0119 i solidarno\u015b\u0107\u00a0ze spo\u0142eczno\u015bci\u0105 LGBTQ+. <\/p>\n\n\n\n<div style=\"height:20px\" aria-hidden=\"true\" class=\"wp-block-spacer\"><\/div>\n\n\n\n<figure class=\"wp-block-embed-youtube wp-block-embed is-type-video is-provider-youtube wp-embed-aspect-16-9 wp-has-aspect-ratio\"><div class=\"wp-block-embed__wrapper\">\n<iframe loading=\"lazy\"  id=\"_ytid_76562\"  width=\"1170\" height=\"658\"  data-origwidth=\"1170\" data-origheight=\"658\" src=\"https:\/\/www.youtube.com\/embed\/gqiTQ50-znE?enablejsapi=1&#038;autoplay=0&#038;cc_load_policy=0&#038;cc_lang_pref=&#038;iv_load_policy=1&#038;loop=0&#038;modestbranding=0&#038;rel=1&#038;fs=1&#038;playsinline=0&#038;autohide=2&#038;theme=dark&#038;color=red&#038;controls=1&#038;\" class=\"__youtube_prefs__  epyt-is-override  no-lazyload\" title=\"YouTube player\"  allow=\"fullscreen; accelerometer; autoplay; clipboard-write; encrypted-media; gyroscope; picture-in-picture\" allowfullscreen data-no-lazy=\"1\" data-skipgform_ajax_framebjll=\"\"><\/iframe>\n<\/div><figcaption><sup>zwiastun filmu \u201eS\u0142o\u0144\u201d \/ re\u017c. Kamil Krawczycki <\/sup><\/figcaption><\/figure>\n\n\n\n<div style=\"height:20px\" aria-hidden=\"true\" class=\"wp-block-spacer\"><\/div>\n\n\n\n<h3 class=\"wp-block-heading\"><em>Apokawixa <\/em>\/ re\u017c. Xawery \u017bu\u0142awski <\/h3>\n\n\n\n<p>Pami\u0119tacie, jakie poruszenie wywo\u0142a\u0142y netfliksowe <em>W lesie dzi\u015b nie za\u015bnie nikt <\/em>oraz <em>Wszyscy moi przyjaciele nie \u017cyj\u0105<\/em>? Wygl\u0105da na to, \u017ce oba g\u0142o\u015bne tytu\u0142y znalaz\u0142y swojego nast\u0119pc\u0119. R\u00f3wnie wywrotowa, igraj\u0105ca z konwencjami i rozp\u0119dzona niczym rollercoaster mo\u017ce okaza\u0107 si\u0119&nbsp;<em>Apokawixa<\/em>. Xawery \u017bu\u0142awski pochyla si\u0119 w niej nad histori\u0105 grupy maturzyst\u00f3w, kt\u00f3rzy znu\u017ceni lockdownowymi obostrzeniami postanawiaj\u0105 urz\u0105dzi\u0107 niezapomnian\u0105 imprez\u0119&nbsp;nad morzem. Alkohol leje si\u0119&nbsp;hektolitrami, muzyka gra, dochodzi do mi\u0142osnych uniesie\u0144, a\u017c tu nagle z fal wype\u0142zaj\u0105 hordy zombie. Brzmi kampowo? Dok\u0142adnie o to mia\u0142o chodzi\u0107: w ko\u0144cu re\u017cyser<em> Wojny polsko-ruskiej <\/em>i <em>Mowy ptak\u00f3w <\/em>ju\u017c wcze\u015bniej pokazywa\u0142, \u017ce lubi szalon\u0105 \u017conglerk\u0119 gatunkow\u0105. <\/p>\n\n\n\n<div style=\"height:20px\" aria-hidden=\"true\" class=\"wp-block-spacer\"><\/div>\n\n\n\n<figure class=\"wp-block-embed-youtube wp-block-embed is-type-video is-provider-youtube wp-embed-aspect-16-9 wp-has-aspect-ratio\"><div class=\"wp-block-embed__wrapper\">\n<iframe loading=\"lazy\"  id=\"_ytid_33524\"  width=\"1170\" height=\"658\"  data-origwidth=\"1170\" data-origheight=\"658\" src=\"https:\/\/www.youtube.com\/embed\/MZHhHR5Jxow?enablejsapi=1&#038;autoplay=0&#038;cc_load_policy=0&#038;cc_lang_pref=&#038;iv_load_policy=1&#038;loop=0&#038;modestbranding=0&#038;rel=1&#038;fs=1&#038;playsinline=0&#038;autohide=2&#038;theme=dark&#038;color=red&#038;controls=1&#038;\" class=\"__youtube_prefs__  epyt-is-override  no-lazyload\" title=\"YouTube player\"  allow=\"fullscreen; accelerometer; autoplay; clipboard-write; encrypted-media; gyroscope; picture-in-picture\" allowfullscreen data-no-lazy=\"1\" data-skipgform_ajax_framebjll=\"\"><\/iframe>\n<\/div><figcaption><sup>teaser filmu \u201eApokawixa\u201d \/ re\u017c. Xavery \u017bu\u0142awski <\/sup><\/figcaption><\/figure>\n\n\n\n<div style=\"height:80px\" aria-hidden=\"true\" class=\"wp-block-spacer\"><\/div>\n\n\n\n<h3 class=\"has-text-align-center has-background wp-block-heading\" style=\"background-color:#faf600\"><a href=\"https:\/\/goingapp.pl\/more\/konfrontacje-filmowe-reaktywacja-2022\/\">Sprawd\u017a te\u017c: Konfrontacje Filmowe<\/a><\/h3>\n","protected":false},"excerpt":{"rendered":"<p>Ci, kt\u00f3rzy narzekaj\u0105, \u017ce rodzima kinematografia nie ma zbyt wiele do zaoferowania, powinni w najbli\u017cszym czasie odwiedzi\u0107 Tr\u00f3jmiasto. Rozpoczynaj\u0105cy si\u0119 12 wrze\u015bnia Festiwal Polskich Film\u00f3w Fabularnych w Gdyni jak co roku skupia najciekawsze dzie\u0142a powsta\u0142e nad Wis\u0142\u0105. Z bogatego programu wydarzenia wy\u0142uskali\u015bmy sze\u015b\u0107 tytu\u0142\u00f3w, na kt\u00f3re warto zwr\u00f3ci\u0107 szczeg\u00f3ln\u0105 uwag\u0119. W selekcji: biografia aktorki, alpinisty,&hellip;<\/p>\n","protected":false},"author":63,"featured_media":85611,"comment_status":"closed","ping_status":"open","sticky":false,"template":"","format":"standard","meta":{"footnotes":"","_wpscppro_custom_social_share_image":0,"_facebook_share_type":"","_twitter_share_type":"","_linkedin_share_type":"","_pinterest_share_type":"","_linkedin_share_type_page":"","_instagram_share_type":"","_selected_social_profile":[]},"categories":[5139],"tags":[5570,6060],"thb-sponsors":[],"class_list":["post-85544","post","type-post","status-publish","format-standard","has-post-thumbnail","hentry","category-kultura","tag-festiwal-filmowy","tag-gdynia","parent_cat_kultura"],"publishpress_future_action":{"enabled":false,"date":"2026-05-08 13:33:13","action":"change-status","newStatus":"draft","terms":[],"taxonomy":"category"},"publishpress_future_workflow_manual_trigger":{"enabledWorkflows":[]},"_links":{"self":[{"href":"https:\/\/goingapp.pl\/more\/wp-json\/wp\/v2\/posts\/85544"}],"collection":[{"href":"https:\/\/goingapp.pl\/more\/wp-json\/wp\/v2\/posts"}],"about":[{"href":"https:\/\/goingapp.pl\/more\/wp-json\/wp\/v2\/types\/post"}],"author":[{"embeddable":true,"href":"https:\/\/goingapp.pl\/more\/wp-json\/wp\/v2\/users\/63"}],"replies":[{"embeddable":true,"href":"https:\/\/goingapp.pl\/more\/wp-json\/wp\/v2\/comments?post=85544"}],"version-history":[{"count":3,"href":"https:\/\/goingapp.pl\/more\/wp-json\/wp\/v2\/posts\/85544\/revisions"}],"predecessor-version":[{"id":85695,"href":"https:\/\/goingapp.pl\/more\/wp-json\/wp\/v2\/posts\/85544\/revisions\/85695"}],"wp:featuredmedia":[{"embeddable":true,"href":"https:\/\/goingapp.pl\/more\/wp-json\/wp\/v2\/media\/85611"}],"wp:attachment":[{"href":"https:\/\/goingapp.pl\/more\/wp-json\/wp\/v2\/media?parent=85544"}],"wp:term":[{"taxonomy":"category","embeddable":true,"href":"https:\/\/goingapp.pl\/more\/wp-json\/wp\/v2\/categories?post=85544"},{"taxonomy":"post_tag","embeddable":true,"href":"https:\/\/goingapp.pl\/more\/wp-json\/wp\/v2\/tags?post=85544"},{"taxonomy":"thb-sponsors","embeddable":true,"href":"https:\/\/goingapp.pl\/more\/wp-json\/wp\/v2\/thb-sponsors?post=85544"}],"curies":[{"name":"wp","href":"https:\/\/api.w.org\/{rel}","templated":true}]}}