{"id":89433,"date":"2022-10-20T15:06:45","date_gmt":"2022-10-20T13:06:45","guid":{"rendered":"https:\/\/goingapp.pl\/more\/?p=89433"},"modified":"2022-10-20T15:09:28","modified_gmt":"2022-10-20T13:09:28","slug":"festiwal-nowe-oswiecenie-warszawa-dla-dzieci","status":"publish","type":"post","link":"https:\/\/goingapp.pl\/more\/festiwal-nowe-oswiecenie-warszawa-dla-dzieci\/","title":{"rendered":"Rusza festiwal dla najm\u0142odszych. Poznajcie Nowe O\u015bwiecenie"},"content":{"rendered":"\n<h3 class=\"wp-block-heading\">Jesie\u0144 nie oznacza ko\u0144ca festiwali. Sprawd\u017acie propozycj\u0119, kt\u00f3ra zaciekawi zar\u00f3wno dzieci, jak i rodzic\u00f3w. Nowe O\u015bwiecenie to 4 dni pe\u0142ne przer\u00f3\u017cnych wydarze\u0144 podzielonych na 4 bloki tematyczne: autorytet, ekologia, fundamenty oraz kultura. Start ju\u017c dzi\u015b!<\/h3>\n\n\n\n<p><strong>Ursynowskie Centrum Kultury \u201eAlternatywy\u201d<\/strong> zaprasza na pierwsz\u0105 edycj\u0119 Festiwalu Nowe O\u015bwiecenie. Dlaczego warto zabra\u0107 na niego swoje pociechy? Ju\u017c t\u0142umacz\u0119! Zapewne zdarzy\u0142o Wam si\u0119 us\u0142ysze\u0107 od nich jakie\u015b niewygodne pytanie. Mo\u017ce nawet takie, na kt\u00f3re sami nie do ko\u0144ca znali\u015bcie odpowied\u017a? A mo\u017ce temat by\u0142 na tyle ci\u0119\u017cki, \u017ce nie wiedzieli\u015bcie, w jaki spos\u00f3b j\u0105 przekaza\u0107? Wszech\u015bwiat, sytuacja klimatyczna, epidemia, wolno\u015b\u0107 to niezwykle wa\u017cne tematy, o kt\u00f3rych najm\u0142odsi powinni wiedzie\u0107 jak najwi\u0119cej. Na festiwalu b\u0105belki b\u0119d\u0105 mia\u0142y okazj\u0119 zdoby\u0107 wiedz\u0119 w przyjemny spos\u00f3b, czyli dzi\u0119ki nauce przez zabaw\u0119.<\/p>\n\n\n\n<div style=\"height:20px\" aria-hidden=\"true\" class=\"wp-block-spacer\"><\/div>\n\n\n\n<h3 class=\"has-text-align-center has-background wp-block-heading\" style=\"background-color:#feff05\"><a href=\"https:\/\/goingapp.pl\/more\/tag\/going-with-kids\/\" target=\"_blank\" rel=\"noreferrer noopener\">Wi\u0119cej atrakcji dla dzieci<\/a><\/h3>\n\n\n\n<div style=\"height:20px\" aria-hidden=\"true\" class=\"wp-block-spacer\"><\/div>\n\n\n\n<h3 class=\"wp-block-heading\">Czwartek<\/h3>\n\n\n\n<p>Wasze pociechy poznaj\u0105 autor\u00f3w swoich ulubionych ksi\u0105\u017cek. Ju\u017c pierwszy dzie\u0144 festiwalu zacznie si\u0119 spotkaniem <em>Ksi\u0105\u017cki obywatelskie, czyli jak dzieci mebluj\u0105 przysz\u0142o\u015b\u0107<\/em> z autork\u0105 <a href=\"https:\/\/www.empik.com\/szukaj\/produkt?author=olech+joanna\" target=\"_blank\" rel=\"noreferrer noopener nofollow\"><strong>Joann\u0105 Olech<\/strong><\/a>. Za pomoc\u0105 fascynuj\u0105cych opowie\u015bci, Wasi podopieczni dowiedz\u0105 si\u0119 o prawie, r\u00f3wno\u015bci, czy patriotyzmie. Po co nam zasady, dlaczego wa\u017cne jest r\u00f3wne traktowanie, a nawet jak zosta\u0107 pisarzem? \u2013 pisarka pomo\u017ce zrozumie\u0107 istot\u0119 tych warto\u015bci i odpowie na pozosta\u0142e pytania, kt\u00f3re pojawi\u0105 si\u0119 w m\u0105drych g\u0142\u00f3wkach.<\/p>\n\n\n\n<p><em>Tam, gdzie siostra i brat, tam ciekawy jest \u015bwiat<\/em> to z kolei czyli warsztat czytania wra\u017ceniowego z <strong>Ma\u0142gorzat\u0105 Sw\u0119drowsk\u0105<\/strong>. Pojawi si\u0119 na nim z pewno\u015bci\u0105 wiele refleksji na temat rodziny i relacji mi\u0119dzy bliskimi \u2013 i to zar\u00f3wno ze strony rodzic\u00f3w, jak i maluch\u00f3w. Nie zabraknie tak\u017ce zabaw rytmicznych, niespodzianek j\u0119zykowych i spotkania z familijn\u0105 trylogi\u0105: <em>Moja siostra, m\u00f3j brat<\/em>, <em>Moja mama, m\u00f3j tata<\/em> oraz <em>Moja babcia, m\u00f3j dziadek<\/em>.<\/p>\n\n\n\n<div style=\"height:20px\" aria-hidden=\"true\" class=\"wp-block-spacer\"><\/div>\n\n\n\n<figure class=\"wp-block-embed-youtube wp-block-embed is-type-video is-provider-youtube wp-embed-aspect-16-9 wp-has-aspect-ratio\"><div class=\"wp-block-embed__wrapper\">\n<iframe loading=\"lazy\"  id=\"_ytid_77028\"  width=\"1170\" height=\"658\"  data-origwidth=\"1170\" data-origheight=\"658\" src=\"https:\/\/www.youtube.com\/embed\/d_LRwzJV_UE?enablejsapi=1&#038;autoplay=0&#038;cc_load_policy=0&#038;cc_lang_pref=&#038;iv_load_policy=1&#038;loop=0&#038;modestbranding=0&#038;rel=1&#038;fs=1&#038;playsinline=0&#038;autohide=2&#038;theme=dark&#038;color=red&#038;controls=1&#038;\" class=\"__youtube_prefs__  epyt-is-override  no-lazyload\" title=\"YouTube player\"  allow=\"fullscreen; accelerometer; autoplay; clipboard-write; encrypted-media; gyroscope; picture-in-picture\" allowfullscreen data-no-lazy=\"1\" data-skipgform_ajax_framebjll=\"\"><\/iframe>\n<\/div><figcaption>Ma\u0142gorzata Sw\u0119drowska, go\u015bcini festiwalu Nowe O\u015bwiecenie<\/figcaption><\/figure>\n\n\n\n<div style=\"height:20px\" aria-hidden=\"true\" class=\"wp-block-spacer\"><\/div>\n\n\n\n<h3 class=\"wp-block-heading\">Pi\u0105tek<\/h3>\n\n\n\n<p>Pi\u0105tek rozpoczniecie etnograficzn\u0105 podr\u00f3\u017c\u0105 przez polsk\u0105 kultur\u0119 ludow\u0105, jej r\u0119kodzie\u0142o i zdobnictwo. Wraz z malark\u0105 <strong>Ann\u0105 Ka\u017amierak<\/strong> dzieciaki odkryj\u0105 niesamowite ilustracje i ludowe przebrania z u\u017cyciem zbo\u017ca <em>od g\u00f3r do morza<\/em>. Artystka zadba te\u017c o du\u017c\u0105 ilo\u015b\u0107 ta\u0144ca i \u015bpiewu. Przygotujcie si\u0119 na kawa\u0142 dobrej zabawy! Po kr\u00f3tkiej przerwie zobaczycie si\u0119 z projektantk\u0105 ksi\u0105\u017cek <strong>Zuzann\u0105 Malinowsk\u0105<\/strong>. Wasze pociechy dowiedz\u0105 si\u0119 od niej wszystkiego, czego wcze\u015bniej nie wiedzieli o drzewach. Dzi\u0119ki wsp\u00f3lnemu rozwi\u0105zywaniu zagadek i rebus\u00f3w poszerz\u0105 swoj\u0105 wiedz\u0119 na temat dbania o natur\u0119. Na zako\u0144czenie powstan\u0105 pi\u0119kne kola\u017ce z jesiennych li\u015bci.<\/p>\n\n\n\n<div style=\"height:20px\" aria-hidden=\"true\" class=\"wp-block-spacer\"><\/div>\n\n\n\n<figure class=\"wp-block-image size-large\"><img loading=\"lazy\" decoding=\"async\" width=\"894\" height=\"810\" src=\"https:\/\/goingapp.pl\/more\/wp-content\/uploads\/2022\/10\/Zrzut-ekranu-2022-10-20-o-13.58.04.png\" alt=\"\" class=\"wp-image-89459\" srcset=\"https:\/\/goingapp.pl\/more\/wp-content\/uploads\/2022\/10\/Zrzut-ekranu-2022-10-20-o-13.58.04.png 894w, https:\/\/goingapp.pl\/more\/wp-content\/uploads\/2022\/10\/Zrzut-ekranu-2022-10-20-o-13.58.04-300x272.png 300w, https:\/\/goingapp.pl\/more\/wp-content\/uploads\/2022\/10\/Zrzut-ekranu-2022-10-20-o-13.58.04-768x696.png 768w, https:\/\/goingapp.pl\/more\/wp-content\/uploads\/2022\/10\/Zrzut-ekranu-2022-10-20-o-13.58.04-370x335.png 370w, https:\/\/goingapp.pl\/more\/wp-content\/uploads\/2022\/10\/Zrzut-ekranu-2022-10-20-o-13.58.04-800x725.png 800w, https:\/\/goingapp.pl\/more\/wp-content\/uploads\/2022\/10\/Zrzut-ekranu-2022-10-20-o-13.58.04-20x18.png 20w, https:\/\/goingapp.pl\/more\/wp-content\/uploads\/2022\/10\/Zrzut-ekranu-2022-10-20-o-13.58.04-185x168.png 185w, https:\/\/goingapp.pl\/more\/wp-content\/uploads\/2022\/10\/Zrzut-ekranu-2022-10-20-o-13.58.04-740x670.png 740w, https:\/\/goingapp.pl\/more\/wp-content\/uploads\/2022\/10\/Zrzut-ekranu-2022-10-20-o-13.58.04-400x362.png 400w, https:\/\/goingapp.pl\/more\/wp-content\/uploads\/2022\/10\/Zrzut-ekranu-2022-10-20-o-13.58.04-53x48.png 53w\" sizes=\"(max-width: 894px) 100vw, 894px\" \/><figcaption>fot. Unsplash<\/figcaption><\/figure>\n\n\n\n<div style=\"height:20px\" aria-hidden=\"true\" class=\"wp-block-spacer\"><\/div>\n\n\n\n<h3 class=\"wp-block-heading\">Sobota<\/h3>\n\n\n\n<p>Kolejny dzie\u0144 zacznie si\u0119 warsztatem o nazwie <em>Zu d\u0119 da\u015b?<\/em>, czyli premier\u0105 ksi\u0105\u017cki <strong>Carson Ellis<\/strong> w t\u0142umaczeniu <strong>Micha\u0142a Rusinka<\/strong> napisanej w j\u0119zyku\u2026 wa\u017cek, biedronek i \u017cuk\u00f3w! Brzmi jak ciekawe wyzwanie, prawda? Dzieci poznaj\u0105 \u015bwiat owad\u00f3w i naucz\u0105 si\u0119 pisa\u0107 rymowane wierszyki. Z kolei na kolejnym spotkaniu maluchy porozmawiaj\u0105 o wszech\u015bwiecie z historyczk\u0105 sztuki <strong>Katarzyn\u0105 Witt<\/strong>. Co to jest atmosfera? Jak to mo\u017cliwe, \u017ce jeste\u015bmy w ci\u0105g\u0142ym ruchu? Gdzie wszyscy zmierzamy? \u2013 to ulubione pytania Waszych potomk\u00f3w. Na koniec odb\u0119d\u0105 si\u0119 jeszcze warsztaty wok\u00f3\u0142 opowie\u015bci ukrai\u0144skiego duetu <strong>Romany Romanyszyn <\/strong>i<strong> Andrija \u0141esiwa<\/strong> o migracjach, nawigacji i odnalezieniu w\u0142asnej drogi w tym szalonym \u015bwiecie. Warto zaznaczy\u0107, \u017ce ich ksi\u0105\u017cka zosta\u0142a nagrodzona Srebrnym Medalem w konkursie <strong>European Design Award 2021<\/strong>.<\/p>\n\n\n\n<div style=\"height:20px\" aria-hidden=\"true\" class=\"wp-block-spacer\"><\/div>\n\n\n\n<div class=\"wp-block-image\"><figure class=\"aligncenter size-large is-resized\"><img loading=\"lazy\" decoding=\"async\" src=\"https:\/\/goingapp.pl\/more\/wp-content\/uploads\/2022\/10\/9788367032087.jpeg\" alt=\"Nowe O\u015bwiecenie\" class=\"wp-image-89450\" width=\"421\" height=\"512\" srcset=\"https:\/\/goingapp.pl\/more\/wp-content\/uploads\/2022\/10\/9788367032087.jpeg 841w, https:\/\/goingapp.pl\/more\/wp-content\/uploads\/2022\/10\/9788367032087-246x300.jpeg 246w, https:\/\/goingapp.pl\/more\/wp-content\/uploads\/2022\/10\/9788367032087-370x451.jpeg 370w, https:\/\/goingapp.pl\/more\/wp-content\/uploads\/2022\/10\/9788367032087-185x225.jpeg 185w, https:\/\/goingapp.pl\/more\/wp-content\/uploads\/2022\/10\/9788367032087-20x24.jpeg 20w, https:\/\/goingapp.pl\/more\/wp-content\/uploads\/2022\/10\/9788367032087-400x487.jpeg 400w, https:\/\/goingapp.pl\/more\/wp-content\/uploads\/2022\/10\/9788367032087-39x48.jpeg 39w\" sizes=\"(max-width: 421px) 100vw, 421px\" \/><\/figure><\/div>\n\n\n\n<div style=\"height:20px\" aria-hidden=\"true\" class=\"wp-block-spacer\"><\/div>\n\n\n\n<h3 class=\"wp-block-heading\">Niedziela<\/h3>\n\n\n\n<p>Ostatni dzie\u0144 festiwalu zako\u0144czy si\u0119 warsztatem literackim <em>Brud. Cuchn\u0105ca historia higieny<\/em> z ilustratorem ksi\u0105\u017cek <strong>Piotrem Soch\u0105<\/strong>. Przybli\u017cy on histori\u0119 ludzi, kt\u00f3rzy przestali si\u0119 my\u0107 z powodu strachu przed epidemi\u0105. Sk\u0105d taki pomys\u0142? Byli pewni, \u017ce mo\u017ce to by\u0107 niebezpieczne dla ich zdrowia! Dzieciaki poznaj\u0105 praktyki higieniczne baroku i rokoko, s\u0142yn\u0105cych z niezwykle ciekawej mody, szalonych koszul, perfum, peruk czy nawet bia\u0142ych, upudrowanych twarzy.&nbsp;<\/p>\n\n\n\n<p>Jakby tego by\u0142o ma\u0142o, z my\u015bl\u0105 o mi\u0142o\u015bnikach literatury powstanie pop-upowa ksi\u0119garnia, prowadzona przez wydawnictwo Wytw\u00f3rnia. Odb\u0119d\u0105 si\u0119 te\u017c akcje ekologiczne, w czasie kt\u00f3rych uczestnicy wybior\u0105 si\u0119 na spacer w koronach drzew i zasadz\u0105 ziele\u0144. W niedziel\u0119 zorganizowany b\u0119dzie tak\u017ce targ \u017cywno\u015bci, gdzie skosztujecie samych przepysznych i ekologicznych da\u0144 z innowacyjnych produkt\u00f3w.&nbsp;<\/p>\n\n\n\n<div style=\"height:20px\" aria-hidden=\"true\" class=\"wp-block-spacer\"><\/div>\n\n\n\n<h3 class=\"has-text-align-center has-background wp-block-heading\" style=\"background-color:#feff05\"><a href=\"https:\/\/www.festiwalnoweoswiecenie.art\/\" target=\"_blank\" rel=\"noopener\">Wi\u0119cej informacji? Sprawd\u017a stron\u0119 festiwalu<\/a><\/h3>\n\n\n\n<div style=\"height:20px\" aria-hidden=\"true\" class=\"wp-block-spacer\"><\/div>\n\n\n\n<p>Festiwal Nowe O\u015bwiecenie odb\u0119dzie si\u0119 w dniach 20-23 pa\u017adziernika 2022 r. w siedzibie Ursynowskiego Centrum Kultury \u201eAlternatywy\u201d przy ul. Indiry Gandhi 9 w Warszawie oraz na terenie kampusu SGGW. Na wszystkie spotkania wst\u0119p jest darmowy. Zaznaczcie te dni w kalendarzu i wybierzcie si\u0119 tam ca\u0142\u0105 rodzin\u0105. <\/p>\n","protected":false},"excerpt":{"rendered":"<p>Jesie\u0144 nie oznacza ko\u0144ca festiwali. Sprawd\u017acie propozycj\u0119, kt\u00f3ra zaciekawi zar\u00f3wno dzieci, jak i rodzic\u00f3w. Nowe O\u015bwiecenie to 4 dni pe\u0142ne przer\u00f3\u017cnych wydarze\u0144 podzielonych na 4 bloki tematyczne: autorytet, ekologia, fundamenty oraz kultura. Start ju\u017c dzi\u015b! Ursynowskie Centrum Kultury \u201eAlternatywy\u201d zaprasza na pierwsz\u0105 edycj\u0119 Festiwalu Nowe O\u015bwiecenie. Dlaczego warto zabra\u0107 na niego swoje pociechy? Ju\u017c t\u0142umacz\u0119!&hellip;<\/p>\n","protected":false},"author":58,"featured_media":89438,"comment_status":"closed","ping_status":"open","sticky":false,"template":"","format":"standard","meta":{"footnotes":"","_wpscppro_custom_social_share_image":0,"_facebook_share_type":"","_twitter_share_type":"","_linkedin_share_type":"","_pinterest_share_type":"","_linkedin_share_type_page":"","_instagram_share_type":"","_selected_social_profile":[]},"categories":[28],"tags":[4155,3671],"thb-sponsors":[],"class_list":["post-89433","post","type-post","status-publish","format-standard","has-post-thumbnail","hentry","category-opinie","tag-dzieci","tag-going-with-kids","parent_cat_opinie"],"publishpress_future_action":{"enabled":false,"date":"2026-05-08 03:33:34","action":"change-status","newStatus":"draft","terms":[],"taxonomy":"category"},"publishpress_future_workflow_manual_trigger":{"enabledWorkflows":[]},"_links":{"self":[{"href":"https:\/\/goingapp.pl\/more\/wp-json\/wp\/v2\/posts\/89433"}],"collection":[{"href":"https:\/\/goingapp.pl\/more\/wp-json\/wp\/v2\/posts"}],"about":[{"href":"https:\/\/goingapp.pl\/more\/wp-json\/wp\/v2\/types\/post"}],"author":[{"embeddable":true,"href":"https:\/\/goingapp.pl\/more\/wp-json\/wp\/v2\/users\/58"}],"replies":[{"embeddable":true,"href":"https:\/\/goingapp.pl\/more\/wp-json\/wp\/v2\/comments?post=89433"}],"version-history":[{"count":6,"href":"https:\/\/goingapp.pl\/more\/wp-json\/wp\/v2\/posts\/89433\/revisions"}],"predecessor-version":[{"id":89481,"href":"https:\/\/goingapp.pl\/more\/wp-json\/wp\/v2\/posts\/89433\/revisions\/89481"}],"wp:featuredmedia":[{"embeddable":true,"href":"https:\/\/goingapp.pl\/more\/wp-json\/wp\/v2\/media\/89438"}],"wp:attachment":[{"href":"https:\/\/goingapp.pl\/more\/wp-json\/wp\/v2\/media?parent=89433"}],"wp:term":[{"taxonomy":"category","embeddable":true,"href":"https:\/\/goingapp.pl\/more\/wp-json\/wp\/v2\/categories?post=89433"},{"taxonomy":"post_tag","embeddable":true,"href":"https:\/\/goingapp.pl\/more\/wp-json\/wp\/v2\/tags?post=89433"},{"taxonomy":"thb-sponsors","embeddable":true,"href":"https:\/\/goingapp.pl\/more\/wp-json\/wp\/v2\/thb-sponsors?post=89433"}],"curies":[{"name":"wp","href":"https:\/\/api.w.org\/{rel}","templated":true}]}}