{"id":91407,"date":"2022-11-21T15:29:03","date_gmt":"2022-11-21T14:29:03","guid":{"rendered":"https:\/\/goingapp.pl\/more\/?p=91407"},"modified":"2022-11-21T15:29:05","modified_gmt":"2022-11-21T14:29:05","slug":"maluma-robbie-williams-ceremonia-katar","status":"publish","type":"post","link":"https:\/\/goingapp.pl\/more\/maluma-robbie-williams-ceremonia-katar\/","title":{"rendered":"\u201ePrzyjecha\u0142em tutaj cieszy\u0107 si\u0119 \u017cyciem\u201d. Arty\u015bci o ceremonii w Katarze"},"content":{"rendered":"\n<h2 class=\"wp-block-heading\">Jeste\u015bmy ju\u017c po ceremonii otwarcia Mistrzostw \u015awiata w pi\u0142ce no\u017cnej w Katarze. By\u0142a, jak nale\u017ca\u0142o si\u0119 spodziewa\u0107, imponuj\u0105ca, zrobiona z rozmachem. Swoje zdanie na temat udzia\u0142u w niej wyrazili Maluma czy Robbie Williams.<\/h2>\n\n\n\n<p>Kilka dni temu us\u0142yszeli\u015bmy oficjalny hymn tegorocznych rozgrywek, czyli <em>Tukoh Taka<\/em>, kt\u00f3ry nagrali <strong>Maluma<\/strong>, <strong>Nicki Minaj<\/strong> i <strong>Myriam Fares<\/strong>. Ostatnie dni by\u0142y wyj\u0105tkowo ci\u0119\u017ckie dla pierwszego ze wspomnianych. Nieprzychylne komentarze we wszystkich rejonach sieci, przerywane wywiady&#8230; Powiedzie\u0107, \u017ce Kolumbijczyk by\u0142 krytykowany, to nic nie powiedzie\u0107.<\/p>\n\n\n\n<p>Podczas rozmowy z izraelsk\u0105 stacj\u0105 newsow\u0105 latynoski muzyk zosta\u0142 zaatakowany nieprzyjemnymi pytaniami. Jego wyst\u0119p przeciwstawiono podej\u015bciu, kt\u00f3re mia\u0142a i ma <strong>Dua Lipa<\/strong> (przeczytacie o tym <a href=\"https:\/\/goingapp.pl\/more\/dua-lipa-mistrzostwa-swiata-w-katarze\/\" target=\"_blank\" rel=\"noreferrer noopener\">tutaj<\/a>). Ta w mediach spo\u0142eczno\u015bciowych zaprzeczy\u0142a, \u017ce pojawi si\u0119 podczas ceremonii i dodatkowo wyrazi\u0142a negatywn\u0105 opini\u0119 na temat ca\u0142ego przedsi\u0119wzi\u0119cia. Sam <strong>Maluma<\/strong> musia\u0142 odpowiedzie\u0107, czy nie ma problemu z warto\u015bciami, jakie prezentuje Katar. Jego odpowied\u017a by\u0142a bardzo wymijaj\u0105ca.<\/p>\n\n\n\n<p><em>&#8211; To co\u015b, czego nie rozstrzygn\u0119. Przyjecha\u0142em tutaj cieszy\u0107 si\u0119 \u017cyciem, cieszy\u0107 si\u0119 pi\u0142k\u0105. Prawa cz\u0142owieka to nie co\u015b, w co musz\u0119 si\u0119 anga\u017cowa\u0107. Jestem tu, by cieszy\u0107 si\u0119 moj\u0105 muzyk\u0105, pi\u0119knym \u017cyciem i pogra\u0107 w pi\u0142k\u0119<\/em> \u2013stwierdzi\u0142 rado\u015bnie wokalista. Prowadz\u0105cy nie dawa\u0142 jednak za wygran\u0105. Zarzuci\u0142 mu, \u017ce promuje nieludzkie prawa arabskiego kraju i wspomaga jego wybielanie si\u0119 na arenie mi\u0119dzynarodowej. To w\u0142a\u015bnie po tych zarzutach <strong>Maluma<\/strong> przerwa\u0142 wywiad.<\/p>\n\n\n\n<div style=\"height:20px\" aria-hidden=\"true\" class=\"wp-block-spacer\"><\/div>\n\n\n\n<figure class=\"wp-block-embed-twitter wp-block-embed is-type-rich is-provider-twitter\"><div class=\"wp-block-embed__wrapper\">\n<blockquote class=\"twitter-tweet\" data-width=\"550\" data-dnt=\"true\"><p lang=\"en\" dir=\"ltr\">Maluma walked out during an interview when asked about Qatars human rights abuses, calling <a href=\"https:\/\/twitter.com\/kann_news?ref_src=twsrc%5Etfw\" target=\"_blank\" rel=\"noopener\">@kann_news<\/a> anchor <a href=\"https:\/\/twitter.com\/MoavVardi?ref_src=twsrc%5Etfw\" target=\"_blank\" rel=\"noopener\">@MoavVardi<\/a> &quot;Rude&quot;<a href=\"https:\/\/twitter.com\/maluma?ref_src=twsrc%5Etfw\" target=\"_blank\" rel=\"noopener\">@maluma<\/a> <a href=\"https:\/\/t.co\/nUT3EopesC\">pic.twitter.com\/nUT3EopesC<\/a><\/p>&mdash; \u05db\u05d0\u05df \u05d7\u05d3\u05e9\u05d5\u05ea (@kann_news) <a href=\"https:\/\/twitter.com\/kann_news\/status\/1593687542225932288?ref_src=twsrc%5Etfw\" target=\"_blank\" rel=\"noopener\">November 18, 2022<\/a><\/blockquote><script async src=\"https:\/\/platform.twitter.com\/widgets.js\" charset=\"utf-8\"><\/script>\n<\/div><\/figure>\n\n\n\n<div style=\"height:20px\" aria-hidden=\"true\" class=\"wp-block-spacer\"><\/div>\n\n\n\n<p>To jednak nie koniec niecodziennych rozm\u00f3w, jakie pojawi\u0142y si\u0119 przy okazji mistrzostwa. W rozmowie z w\u0142oskim magazynem <em><a href=\"https:\/\/www.repubblica.it\/venerdi\/2022\/11\/18\/news\/robbie_williams_sings_in_qatar_it_would_be_hypocritical_of_me_not_to_go-375122247\/\" target=\"_blank\" rel=\"noreferrer noopener nofollow\">Il Venerdi<\/a><\/em> <strong>Robbie Williams<\/strong> broni\u0142 swojego wyboru dotycz\u0105cego wyst\u0119pu.<\/p>\n\n\n\n<p>&#8211;<em> Ka\u017cdy, kto skre\u015bla Katar, robi to samo dla chi\u0144skiej technologii. My\u015bl\u0119, \u017ce hipokryzja polega na tym, \u017ce je\u015bli spojrzymy na t\u0119 spraw\u0119 w tym miejscu, to b\u0119dzie jednostronne. Je\u015bli zastosujemy to jednostronne spojrzenie na \u015bwiat, nikt nie b\u0119dzie m\u00f3g\u0142 nigdzie p\u00f3j\u015b\u0107<\/em> \u2013 filozofowa\u0142 artysta. By\u0142y wokalista zespo\u0142u <strong>Take That<\/strong> nie widzi wi\u0119c problemu i nie rozumie ca\u0142ego zamieszania. T\u0142umaczy to tym, \u017ce to nie on jest odpowiedzialny na krzywdz\u0105ce dzia\u0142ania kraju i sam nic z tym nie zrobi. Co b\u0119dzie dalej? Czas poka\u017ce.<\/p>\n","protected":false},"excerpt":{"rendered":"<p>Jeste\u015bmy ju\u017c po ceremonii otwarcia Mistrzostw \u015awiata w pi\u0142ce no\u017cnej w Katarze. By\u0142a, jak nale\u017ca\u0142o si\u0119 spodziewa\u0107, imponuj\u0105ca, zrobiona z rozmachem. Swoje zdanie na temat udzia\u0142u w niej wyrazili Maluma czy Robbie Williams. Kilka dni temu us\u0142yszeli\u015bmy oficjalny hymn tegorocznych rozgrywek, czyli Tukoh Taka, kt\u00f3ry nagrali Maluma, Nicki Minaj i Myriam Fares. Ostatnie dni by\u0142y&hellip;<\/p>\n","protected":false},"author":64,"featured_media":91409,"comment_status":"closed","ping_status":"open","sticky":false,"template":"","format":"standard","meta":{"footnotes":"","_wpscppro_custom_social_share_image":0,"_facebook_share_type":"","_twitter_share_type":"","_linkedin_share_type":"","_pinterest_share_type":"","_linkedin_share_type_page":"","_instagram_share_type":"","_selected_social_profile":[]},"categories":[29],"tags":[6290,6288,6289],"thb-sponsors":[],"class_list":["post-91407","post","type-post","status-publish","format-standard","has-post-thumbnail","hentry","category-news","tag-katar","tag-maluma","tag-robbie-willaims","parent_cat_news"],"publishpress_future_action":{"enabled":false,"date":"2026-05-08 05:34:23","action":"change-status","newStatus":"draft","terms":[],"taxonomy":"category"},"publishpress_future_workflow_manual_trigger":{"enabledWorkflows":[]},"_links":{"self":[{"href":"https:\/\/goingapp.pl\/more\/wp-json\/wp\/v2\/posts\/91407"}],"collection":[{"href":"https:\/\/goingapp.pl\/more\/wp-json\/wp\/v2\/posts"}],"about":[{"href":"https:\/\/goingapp.pl\/more\/wp-json\/wp\/v2\/types\/post"}],"author":[{"embeddable":true,"href":"https:\/\/goingapp.pl\/more\/wp-json\/wp\/v2\/users\/64"}],"replies":[{"embeddable":true,"href":"https:\/\/goingapp.pl\/more\/wp-json\/wp\/v2\/comments?post=91407"}],"version-history":[{"count":1,"href":"https:\/\/goingapp.pl\/more\/wp-json\/wp\/v2\/posts\/91407\/revisions"}],"predecessor-version":[{"id":91411,"href":"https:\/\/goingapp.pl\/more\/wp-json\/wp\/v2\/posts\/91407\/revisions\/91411"}],"wp:featuredmedia":[{"embeddable":true,"href":"https:\/\/goingapp.pl\/more\/wp-json\/wp\/v2\/media\/91409"}],"wp:attachment":[{"href":"https:\/\/goingapp.pl\/more\/wp-json\/wp\/v2\/media?parent=91407"}],"wp:term":[{"taxonomy":"category","embeddable":true,"href":"https:\/\/goingapp.pl\/more\/wp-json\/wp\/v2\/categories?post=91407"},{"taxonomy":"post_tag","embeddable":true,"href":"https:\/\/goingapp.pl\/more\/wp-json\/wp\/v2\/tags?post=91407"},{"taxonomy":"thb-sponsors","embeddable":true,"href":"https:\/\/goingapp.pl\/more\/wp-json\/wp\/v2\/thb-sponsors?post=91407"}],"curies":[{"name":"wp","href":"https:\/\/api.w.org\/{rel}","templated":true}]}}