{"id":93400,"date":"2022-12-21T13:55:08","date_gmt":"2022-12-21T12:55:08","guid":{"rendered":"https:\/\/goingapp.pl\/more\/?p=93400"},"modified":"2024-09-11T15:35:19","modified_gmt":"2024-09-11T13:35:19","slug":"bryska-nasze-lovestory-tour-rozmowa","status":"publish","type":"post","link":"https:\/\/goingapp.pl\/more\/bryska-nasze-lovestory-tour-rozmowa\/","title":{"rendered":"bryska nied\u0142ugo pojedzie w tras\u0119 koncertow\u0105. Opowiedzia\u0142a nam o niej"},"content":{"rendered":"\n<h2 class=\"wp-block-heading\">bryska to artystka, kt\u00f3ra w 2022 roku zdoby\u0142a du\u017c\u0105 uwag\u0119 s\u0142uchaczy, a zarazem wci\u0105\u017c ma du\u017co do udowodnienia \u2013 i sobie, i fanom. Cho\u0107 trudno o lepsz\u0105 rekomendacj\u0119 koncertow\u0105, postanowili\u015bmy z ni\u0105 porozmawia\u0107, by jeszcze bardziej zach\u0119ci\u0142a was do zobaczenia jej na \u017cywo.<\/h2>\n\n\n\n<div style=\"height:20px\" aria-hidden=\"true\" class=\"wp-block-spacer\"><\/div>\n\n\n\n<h3 class=\"wp-block-heading\">Emocje odczuwane przed pojechaniem w now\u0105 tras\u0119<\/h3>\n\n\n\n<p><strong>bryska:<\/strong> Czuj\u0119 ogromn\u0105 ekscytacj\u0119, ale i lekk\u0105 obaw\u0119 dotycz\u0105c\u0105 tego, czy sprostam wszystkim oczekiwaniom. Wiem, \u017ce fani bardzo na mnie licz\u0105 i wiedz\u0105, \u017ce zawsze daj\u0119 z siebie 100 procent. Mam mn\u00f3stwo pomys\u0142\u00f3w na ten koncerty i b\u0119d\u0119 przeszcz\u0119\u015bliwa, je\u017celi uda si\u0119 nam zrealizowa\u0107 cho\u0107 po\u0142ow\u0119 z nich. Trzymajcie kciuki!<\/p>\n\n\n\n<div style=\"height:20px\" aria-hidden=\"true\" class=\"wp-block-spacer\"><\/div>\n\n\n\n<h3 class=\"wp-block-heading\">Przygotowania do trasy<\/h3>\n\n\n\n<p><strong>bryska:<\/strong> Pierwszym etapem przygotowa\u0144 by\u0142 dla mnie ca\u0142y letni sezon koncertowy, czyli prawie 50 wyst\u0119p\u00f3w, jakie zagra\u0142am ze swoim zespo\u0142em. Bardzo du\u017co si\u0119 wtedy nauczy\u0142am \u2013 zar\u00f3wno radzenia sobie z nieprzewidzianymi wypadkami, jak i pilnowania bilansu mi\u0119dzy prac\u0105 a odpoczynkiem. Nowa trasa to dla mnie teraz nieko\u0144cz\u0105ce si\u0119 pr\u00f3by. Wszystko po to, \u017cebym na scen\u0119 wysz\u0142a \u015bwie\u017ca, ale i <em>wypr\u00f3bowana<\/em>.<\/p>\n\n\n\n<div style=\"height:20px\" aria-hidden=\"true\" class=\"wp-block-spacer\"><\/div>\n\n\n\n<h3 class=\"wp-block-heading\">Zmiany w stosunku do poprzednich koncert\u00f3w<\/h3>\n\n\n\n<p><strong>bryska: <\/strong>Chc\u0119 mniej si\u0119 stresowa\u0107. Tylko czy to mo\u017cliwe? Na pewno b\u0119dzie z mojej strony wi\u0119cej ruchu i kontaktu z publiczno\u015bci\u0105. Jestem perfekcjonistk\u0105 i na razie chc\u0119 ulepsza\u0107 wszystko. Nie wiem, jak to wyjdzie, ale mam nadziej\u0119, \u017ce dobrze.<\/p>\n\n\n\n<div style=\"height:20px\" aria-hidden=\"true\" class=\"wp-block-spacer\"><\/div>\n\n\n\n<h3 class=\"wp-block-heading\">Nauka p\u0142yn\u0105ca z do\u015bwiadcze\u0144 koncertowych innych artyst\u00f3w<\/h3>\n\n\n\n<p><strong>bryska: <\/strong>Du\u017co obserwuj\u0119. Podziwiam i doceniam profesjonalizm. Na koncertach skupiam uwag\u0119 na detalach i cz\u0119sto my\u015bl\u0119, co z wyst\u0119p\u00f3w innych mog\u0119 przenie\u015b\u0107 na swoje. Wiem, \u017ce nie wszystko mo\u017cna osi\u0105gn\u0105\u0107 ju\u017c na pierwszej trasie, ale chyba nie na to czekaj\u0105 te\u017c moi fani. <strong>bryska<\/strong> si\u0119 rozwija na ich oczach \u2013 i odwrotnie. Ci\u0105g\u0142y rozw\u00f3j to normalna, ludzka sprawa.<\/p>\n\n\n\n<div style=\"height:20px\" aria-hidden=\"true\" class=\"wp-block-spacer\"><\/div>\n\n\n\n<h3 class=\"wp-block-heading\">Nauka p\u0142yn\u0105ca z w\u0142asnych do\u015bwiadcze\u0144 koncertowych<\/h3>\n\n\n\n<p><strong>bryska: <\/strong>Czego dowiedzia\u0142am si\u0119 o sobie? Jestem wi\u0119kszym introwertykiem, ni\u017c my\u015bla\u0142am. Na scenie bardzo si\u0119 otwieram. Mam tendencj\u0119 do overthinkingu. Ca\u0142kiem nie\u017ale ta\u0144cz\u0119. Jestem mistrzyni\u0105 suchar\u00f3w. A przede wszystkim \u2013 kocham to, co robi\u0119.<\/p>\n\n\n\n<div style=\"height:20px\" aria-hidden=\"true\" class=\"wp-block-spacer\"><\/div>\n\n\n\n<h3 class=\"wp-block-heading\">Introwertyzm a scena<\/h3>\n\n\n\n<p><strong>bryska:<\/strong> Introwertyzm to cz\u0119\u015b\u0107 mnie. Pozwala widzie\u0107 wi\u0119cej i wyzwala wra\u017cliwo\u015b\u0107. Zamyka mnie na ludzi, ale przynajmniej mam z czym walczy\u0107 \u2013 bez niego by\u0142oby nudno.<\/p>\n\n\n\n<h3 class=\"has-text-align-center has-background wp-block-heading\" style=\"background-color:#feff05\"><a rel=\"noreferrer noopener\" href=\"https:\/\/goingapp.pl\/selekcja\/bryska-nasze-lovestory-tour-2023?utm_source=more&amp;utm_medium=referral&amp;utm_campaign=yellowbox&amp;utm_content=bryskarozmowa\" target=\"_blank\">W marcu 2023 roku bryska odwiedzi 11 polskich miast. Bilety znajdziecie tutaj!<\/a><\/h3>\n","protected":false},"excerpt":{"rendered":"<p>bryska to artystka, kt\u00f3ra w 2022 roku zdoby\u0142a du\u017c\u0105 uwag\u0119 s\u0142uchaczy, a zarazem wci\u0105\u017c ma du\u017co do udowodnienia \u2013 i sobie, i fanom. Cho\u0107 trudno o lepsz\u0105 rekomendacj\u0119 koncertow\u0105, postanowili\u015bmy z ni\u0105 porozmawia\u0107, by jeszcze bardziej zach\u0119ci\u0142a was do zobaczenia jej na \u017cywo. Emocje odczuwane przed pojechaniem w now\u0105 tras\u0119 bryska: Czuj\u0119 ogromn\u0105 ekscytacj\u0119, ale&hellip;<\/p>\n","protected":false},"author":65,"featured_media":93407,"comment_status":"closed","ping_status":"open","sticky":false,"template":"","format":"standard","meta":{"footnotes":"","_wpscppro_custom_social_share_image":0,"_facebook_share_type":"","_twitter_share_type":"","_linkedin_share_type":"","_pinterest_share_type":"","_linkedin_share_type_page":"","_instagram_share_type":"","_selected_social_profile":[]},"categories":[3238],"tags":[6408,3273,6123,6124],"thb-sponsors":[],"class_list":["post-93400","post","type-post","status-publish","format-standard","has-post-thumbnail","hentry","category-muzyka","tag-bryska","tag-more","tag-polska-muzyka","tag-polska-muzyka-wywiad","parent_cat_muzyka"],"publishpress_future_action":{"enabled":false,"date":"2026-05-07 01:06:26","action":"change-status","newStatus":"draft","terms":[],"taxonomy":"category"},"publishpress_future_workflow_manual_trigger":{"enabledWorkflows":[]},"_links":{"self":[{"href":"https:\/\/goingapp.pl\/more\/wp-json\/wp\/v2\/posts\/93400"}],"collection":[{"href":"https:\/\/goingapp.pl\/more\/wp-json\/wp\/v2\/posts"}],"about":[{"href":"https:\/\/goingapp.pl\/more\/wp-json\/wp\/v2\/types\/post"}],"author":[{"embeddable":true,"href":"https:\/\/goingapp.pl\/more\/wp-json\/wp\/v2\/users\/65"}],"replies":[{"embeddable":true,"href":"https:\/\/goingapp.pl\/more\/wp-json\/wp\/v2\/comments?post=93400"}],"version-history":[{"count":2,"href":"https:\/\/goingapp.pl\/more\/wp-json\/wp\/v2\/posts\/93400\/revisions"}],"predecessor-version":[{"id":93410,"href":"https:\/\/goingapp.pl\/more\/wp-json\/wp\/v2\/posts\/93400\/revisions\/93410"}],"wp:featuredmedia":[{"embeddable":true,"href":"https:\/\/goingapp.pl\/more\/wp-json\/wp\/v2\/media\/93407"}],"wp:attachment":[{"href":"https:\/\/goingapp.pl\/more\/wp-json\/wp\/v2\/media?parent=93400"}],"wp:term":[{"taxonomy":"category","embeddable":true,"href":"https:\/\/goingapp.pl\/more\/wp-json\/wp\/v2\/categories?post=93400"},{"taxonomy":"post_tag","embeddable":true,"href":"https:\/\/goingapp.pl\/more\/wp-json\/wp\/v2\/tags?post=93400"},{"taxonomy":"thb-sponsors","embeddable":true,"href":"https:\/\/goingapp.pl\/more\/wp-json\/wp\/v2\/thb-sponsors?post=93400"}],"curies":[{"name":"wp","href":"https:\/\/api.w.org\/{rel}","templated":true}]}}